{"id":43269,"date":"2023-02-26T15:45:55","date_gmt":"2023-02-26T18:45:55","guid":{"rendered":"https:\/\/wiy.com.br\/noticias\/doria-afirma-que-obras-da-linha-6-laranja-serao-retomadas-neste-ano\/"},"modified":"2020-02-07T18:51:16","modified_gmt":"2020-02-07T20:51:16","slug":"doria-afirma-que-obras-da-linha-6-laranja-serao-retomadas-neste-ano","status":"publish","type":"post","link":"https:\/\/wiy.com.br\/noticias\/doria-afirma-que-obras-da-linha-6-laranja-serao-retomadas-neste-ano\/","title":{"rendered":"Doria afirma que obras da Linha 6-Laranja ser\u00e3o retomadas neste ano"},"content":{"rendered":"<p> <br \/>\n<\/p>\n<p>Nesta sexta-feira (7) o governador Jo\u00e3o Doria (PSDB) anunciou que <strong>as obras da <a href=\"https:\/\/vejasp.abril.com.br\/cidades\/metro-linha-6-parado\/\">Linha 6-Laranja, paralisadas desde 2016<\/a>, devem ser retomadas at\u00e9 o final do ano<\/strong>.<\/p>\n<p>Em coletiva de imprensa, que contou com a presen\u00e7a tamb\u00e9m do prefeito Bruno Covas (PSDB), ele afirmou que a empresa espanhola Acciona adquiriu os direitos da concession\u00e1ria Move S\u00e3o Paulo. De acordo com o governo, em at\u00e9 45 dias todos os requisitos legais ser\u00e3o cumpridos para que a retomada das obras ocorram em 2020.<\/p>\n<p>Em 2019, quando a Acciona foi anunciada como principal interessada pela linha Laranja, a administra\u00e7\u00e3o tucana afirmou que o prazo para a <a href=\"https:\/\/vejasp.abril.com.br\/cidades\/linha-6-laranja-metro-previsao\/\">entrega total das obras seria de at\u00e9 quatro anos<\/a>. A constru\u00e7\u00e3o do trajeto \u00e9 uma novela de anos: o contrato com a Move S\u00e3o Paulo foi assinado em 2013, mas as obras de escava\u00e7\u00e3o foram iniciadas apenas em 2015, e paralisadas no ano seguinte, ap\u00f3s esc\u00e2ndalos de corrup\u00e7\u00e3o envolvendo empresas do cons\u00f3rcio, como a <span>Odebrecht, Queiroz Galv\u00e3o e a UTC Engenharia.<\/span><\/p>\n<p>Doria afirmou que o investimento ser\u00e1 de 13 bilh\u00f5es de reais e vir\u00e1 da iniciativa privada. &#8220;A tratativa \u00e9 irrevog\u00e1vel e irretrat\u00e1vel agora. A Acciona foi qualificada de acordo com as exig\u00eancias para este processo&#8221;, afirmou Alexandre Baldy, Secret\u00e1rio dos Transportes Metropolitanos.<\/p>\n<p>O trajeto ter\u00e1 15,3 quil\u00f4metros e deve ligar a regi\u00e3o da Brasil\u00e2ndia, na Zona Norte, at\u00e9 a esta\u00e7\u00e3o S\u00e3o Joaquim da Linha 1-Azul, no centro da capital paulista, em cerca de 23 minutos. A expectativa \u00e9 que a Laranja atenda mais de 630 000 pessoas por dia. Confira abaixo o mapa com todas as esta\u00e7\u00f5es:<\/p>\n<figure><img title = \"[Tags]\"alt = \"linha-6-laranja Doria afirma que obras da Linha 6-Laranja ser\u00e3o retomadas neste ano\"decoding=\"async\" src=\"https:\/\/abrilvejasp.files.wordpress.com\/2020\/02\/linha-6-laranja.jpg\" \/><figcaption>Trajeto completo da Linha 6-laranja. Segundo Doria, obras devem ser retomadas ainda em 2020<span class=\"copyright\">Governo de SP\/Divulga\u00e7\u00e3o<\/span><\/figcaption><\/figure>\n<div class=\"widget-news widget-box no-margin no-border\"><span class=\"widget-news-title content-box-title\">Veja tamb\u00e9m<\/span><\/p>\n<ul class=\"widget-news-list\">\n<li class=\"widget-news-item without-thumb with-border\">\n<div class=\"widget-news-info\"><a href=\"http:\/\/vejasp.abril.com.br\/cidades\">Cidades<\/a><span class=\"widget-news-item-title\"><a href=\"https:\/\/vejasp.abril.com.br\/cidades\/governo-investimento-55-milhoes-desassoreamento-tiete\/\">Governo anuncia investimento de 55 milh\u00f5es no desassoreamento do Tiet\u00ea<\/a><\/span><span class=\"widget-news-item-date\">5 fev 2020 &#8211; 14h02<\/span><\/div>\n<\/li>\n<li class=\"widget-news-item without-thumb with-border\">\n<div class=\"widget-news-info\"><a href=\"http:\/\/vejasp.abril.com.br\/cidades\">Cidades<\/a><span class=\"widget-news-item-title\"><a href=\"https:\/\/vejasp.abril.com.br\/cidades\/cidade-no-interior-de-sao-paulo-decreta-epidemia-da-dengue\/\">Cidade no interior de S\u00e3o Paulo decreta epidemia da dengue<\/a><\/span><span class=\"widget-news-item-date\">5 fev 2020 &#8211; 11h02<\/span><\/div>\n<\/li>\n<\/ul>\n<\/div>\n<p><br \/>\n<br \/><a href=\"https:\/\/vejasp.abril.com.br\/cidades\/doria-obras-linha-6-laranja-retomadas-neste-ano\/\">Fonte do Artigo <\/a><br \/>\nTags:<br \/>\n#loterias #loteriascaixa #megasena #resultadoapostas#noticias #noticiario  #noticia #brasil #noticiascolombia #mundo #esporte #colombia #noticiadeld #ltimasnoticias  #noticiario #noticiasregionales #noticiasdepartamentales #noticiashoy #esportes #noticiaahora #elinformantenoticias #noticiasdeboyac  #esporteinterativo #esportivo #diariodosesportes  #noticiero  #jogodefutebol #jogos #loto #apostas<\/p>\n","protected":false},"excerpt":{"rendered":"<p>Nesta sexta-feira (7) o governador Jo\u00e3o Doria (PSDB) anunciou que as obras da Linha 6-Laranja, paralisadas desde 2016, devem ser retomadas at\u00e9 o final do ano. Em coletiva de imprensa, que contou com a presen\u00e7a tamb\u00e9m do prefeito Bruno Covas (PSDB), ele afirmou que a empresa espanhola Acciona adquiriu os direitos da concession\u00e1ria Move S\u00e3o [&hellip;]<\/p>\n","protected":false},"author":1,"featured_media":43270,"comment_status":"open","ping_status":"open","sticky":false,"template":"","format":"standard","meta":{"footnotes":""},"categories":[1],"tags":[],"class_list":["post-43269","post","type-post","status-publish","format-standard","has-post-thumbnail","hentry","category-curso-de-copy"],"_links":{"self":[{"href":"https:\/\/wiy.com.br\/noticias\/wp-json\/wp\/v2\/posts\/43269","targetHints":{"allow":["GET"]}}],"collection":[{"href":"https:\/\/wiy.com.br\/noticias\/wp-json\/wp\/v2\/posts"}],"about":[{"href":"https:\/\/wiy.com.br\/noticias\/wp-json\/wp\/v2\/types\/post"}],"author":[{"embeddable":true,"href":"https:\/\/wiy.com.br\/noticias\/wp-json\/wp\/v2\/users\/1"}],"replies":[{"embeddable":true,"href":"https:\/\/wiy.com.br\/noticias\/wp-json\/wp\/v2\/comments?post=43269"}],"version-history":[{"count":0,"href":"https:\/\/wiy.com.br\/noticias\/wp-json\/wp\/v2\/posts\/43269\/revisions"}],"wp:featuredmedia":[{"embeddable":true,"href":"https:\/\/wiy.com.br\/noticias\/wp-json\/wp\/v2\/media\/43270"}],"wp:attachment":[{"href":"https:\/\/wiy.com.br\/noticias\/wp-json\/wp\/v2\/media?parent=43269"}],"wp:term":[{"taxonomy":"category","embeddable":true,"href":"https:\/\/wiy.com.br\/noticias\/wp-json\/wp\/v2\/categories?post=43269"},{"taxonomy":"post_tag","embeddable":true,"href":"https:\/\/wiy.com.br\/noticias\/wp-json\/wp\/v2\/tags?post=43269"}],"curies":[{"name":"wp","href":"https:\/\/api.w.org\/{rel}","templated":true}]}}