{"id":43261,"date":"2023-02-26T15:20:38","date_gmt":"2023-02-26T18:20:38","guid":{"rendered":"https:\/\/wiy.com.br\/noticias\/bolsonaro-diz-que-faz-papel-de-otario-quando-preco-da-gasolina-nao-cai\/"},"modified":"2020-02-07T16:38:13","modified_gmt":"2020-02-07T18:38:13","slug":"bolsonaro-diz-que-faz-papel-de-otario-quando-preco-da-gasolina-nao-cai","status":"publish","type":"post","link":"https:\/\/wiy.com.br\/noticias\/bolsonaro-diz-que-faz-papel-de-otario-quando-preco-da-gasolina-nao-cai\/","title":{"rendered":"Bolsonaro diz que faz \u201cpapel de ot\u00e1rio\u201d quando pre\u00e7o da gasolina n\u00e3o cai"},"content":{"rendered":"<p> <br \/>\n<\/p>\n<p>O presidente <strong><a href=\"https:\/\/exame.abril.com.br\/noticias-sobre\/jair-bolsonaro\/\">Jair Bolsonaro<\/a><\/strong> afirmou na quinta-feira, 6, que se trata de &#8220;vergonha na cara&#8221;, e n\u00e3o de um ato de &#8220;populismo&#8221;, sua recente cr\u00edtica ao pre\u00e7o dos <strong><a href=\"https:\/\/exame.abril.com.br\/noticias-sobre\/combustiveis\">combust\u00edveis<\/a><\/strong>. Ele disse que faz &#8220;papel de ot\u00e1rio&#8221;, j\u00e1 que a Petrobr\u00e1s reduz o pre\u00e7o m\u00e9dio da gasolina e do diesel nas refinarias, mas, segundo ele, a diferen\u00e7a n\u00e3o \u00e9 repassada para o consumidor.<\/p>\n<p>Nesta quarta-feira, 5, Bolsonaro desafiou os governadores e afirmou que zera os tributos federais (Cide e PIS\/Cofins) sobre os combust\u00edveis se eles zerarem o ICMS. Ap\u00f3s a declara\u00e7\u00e3o, o governador de S\u00e3o Paulo, Jo\u00e3o Doria, afirmou que se tratava de &#8220;populismo&#8221; do presidente e &#8220;uma tentativa de transferir a responsabilidade&#8221; do problema para os Estados.<\/p>\n<p>Ao ser questionado pelo jornal\u00a0O Estado de S\u00e3o Paulo<span>\u00a0<\/span>como compensar a perda na arrecada\u00e7\u00e3o dos Estados com a medida, Bolsonaro disse que &#8220;o problema \u00e9 deles (governadores)&#8221;. &#8220;N\u00e3o est\u00e3o reclamando que eu devo diminuir o meu? Vamos diminuir de todo mundo.&#8221;<\/p>\n<p>O presidente voltou a falar do assunto na quinta-feira ao ser questionado se trabalharia para melhorar a rela\u00e7\u00e3o com governadores. Al\u00e9m de Doria, ele se referiu ao governador Wilson Witzel, do Rio de Janeiro, que tamb\u00e9m foi criticado na entrevista.<\/p>\n<p>&#8220;Chega de esse povo sofrer. Isso n\u00e3o \u00e9 demagogia. Os dois governadores que est\u00e3o me criticando&#8230; Isso n\u00e3o \u00e9 populismo, n\u00e3o. Isso \u00e9 vergonha na cara. Ou voc\u00ea acha que o pov\u00e3o est\u00e1 numa boa? Todo mundo feliz da vida com o pre\u00e7o do g\u00e1s, com o pre\u00e7o da gasolina, pre\u00e7o de transporte?&#8221;, disse o presidente.<\/p>\n<h3><b>Plumagem<\/b><\/h3>\n<p>Bolsonaro tamb\u00e9m disse que n\u00e3o tem a &#8220;mesma plumagem&#8221; dos dois governadores e que \u00e9 pobre perto deles. &#8220;Eu sei que eu sou um cara diferente de alguns pol\u00edticos que temos no Brasil. Eu sou um cara pobre, miser\u00e1vel. Se bem que eu sou mais rico que 98% da popula\u00e7\u00e3o. Eu sei disso, mas perto desses caras eu sou pobre e parece que meu cheiro n\u00e3o faz bem para eles. Minha plumagem \u00e9 diferente da deles&#8221;, disse o presidente.<\/p>\n<p>O presidente defende h\u00e1 meses mudan\u00e7as na cobran\u00e7a do ICMS sobre combust\u00edveis. Para ele, o tributo deveria ser cobrado nas refinarias, e n\u00e3o no ato da venda no posto de combust\u00edvel, como ocorre atualmente.<\/p>\n<p>&#8220;Quanto \u00e9 que vai baixar na bomba para o consumidor? Zero. Ent\u00e3o eu estou fazendo papel aqui de ot\u00e1rio. Se bem que eu n\u00e3o interfiro na Petrobr\u00e1s. Eu n\u00e3o vou ligar para o Castello Branco (Roberto, presidente da estatal): &#8216;\u00d3, n\u00e3o baixa mais&#8217;. Eu n\u00e3o interfiro na Petrobr\u00e1s&#8221;, declarou.<\/p>\n<p>No domingo passado, 2, pelas redes sociais, Bolsonaro anunciou que enviar\u00e1 ao Congresso um projeto para que o ICMS tenha um valor fixo por litro. A ideia do presidente encontra resist\u00eancia por parte de governos estaduais, j\u00e1 que causaria impacto sobre a arrecada\u00e7\u00e3o dos Estados, efeito indesejado principalmente neste momento de crise.<\/p>\n<p><br \/>\n<br \/><a href=\"https:\/\/exame.abril.com.br\/brasil\/bolsonaro-diz-que-faz-papel-de-otario-quando-preco-da-gasolina-nao-cai\/\">Fonte do artigo <\/a><br \/>\nTags:<br \/>\n#politica #political #negocios #business #marketingdigital #empreendedorismo #marketing #emprendedores #empreender #sucesso #empresas #emprendimiento #emprendedor #empreendedor #emprender #dinheiro #dinero #empresario #vendas #liderazgo #motivacion #foco #motivacao #negocio #brasil<\/p>\n","protected":false},"excerpt":{"rendered":"<p>O presidente Jair Bolsonaro afirmou na quinta-feira, 6, que se trata de &#8220;vergonha na cara&#8221;, e n\u00e3o de um ato de &#8220;populismo&#8221;, sua recente cr\u00edtica ao pre\u00e7o dos combust\u00edveis. Ele disse que faz &#8220;papel de ot\u00e1rio&#8221;, j\u00e1 que a Petrobr\u00e1s reduz o pre\u00e7o m\u00e9dio da gasolina e do diesel nas refinarias, mas, segundo ele, a [&hellip;]<\/p>\n","protected":false},"author":1,"featured_media":43262,"comment_status":"open","ping_status":"open","sticky":false,"template":"","format":"standard","meta":{"footnotes":""},"categories":[1],"tags":[],"class_list":["post-43261","post","type-post","status-publish","format-standard","has-post-thumbnail","hentry","category-curso-de-copy"],"_links":{"self":[{"href":"https:\/\/wiy.com.br\/noticias\/wp-json\/wp\/v2\/posts\/43261","targetHints":{"allow":["GET"]}}],"collection":[{"href":"https:\/\/wiy.com.br\/noticias\/wp-json\/wp\/v2\/posts"}],"about":[{"href":"https:\/\/wiy.com.br\/noticias\/wp-json\/wp\/v2\/types\/post"}],"author":[{"embeddable":true,"href":"https:\/\/wiy.com.br\/noticias\/wp-json\/wp\/v2\/users\/1"}],"replies":[{"embeddable":true,"href":"https:\/\/wiy.com.br\/noticias\/wp-json\/wp\/v2\/comments?post=43261"}],"version-history":[{"count":0,"href":"https:\/\/wiy.com.br\/noticias\/wp-json\/wp\/v2\/posts\/43261\/revisions"}],"wp:featuredmedia":[{"embeddable":true,"href":"https:\/\/wiy.com.br\/noticias\/wp-json\/wp\/v2\/media\/43262"}],"wp:attachment":[{"href":"https:\/\/wiy.com.br\/noticias\/wp-json\/wp\/v2\/media?parent=43261"}],"wp:term":[{"taxonomy":"category","embeddable":true,"href":"https:\/\/wiy.com.br\/noticias\/wp-json\/wp\/v2\/categories?post=43261"},{"taxonomy":"post_tag","embeddable":true,"href":"https:\/\/wiy.com.br\/noticias\/wp-json\/wp\/v2\/tags?post=43261"}],"curies":[{"name":"wp","href":"https:\/\/api.w.org\/{rel}","templated":true}]}}