{"id":43047,"date":"2023-02-26T15:38:31","date_gmt":"2023-02-26T18:38:31","guid":{"rendered":"https:\/\/wiy.com.br\/noticias\/bruno-covas-e-internado-para-oitava-sessao-de-quimioterapia-em-sp\/"},"modified":"2020-02-05T11:53:12","modified_gmt":"2020-02-05T13:53:12","slug":"bruno-covas-e-internado-para-oitava-sessao-de-quimioterapia-em-sp","status":"publish","type":"post","link":"https:\/\/wiy.com.br\/noticias\/bruno-covas-e-internado-para-oitava-sessao-de-quimioterapia-em-sp\/","title":{"rendered":"Bruno Covas \u00e9 internado para oitava sess\u00e3o de quimioterapia em SP"},"content":{"rendered":"<p> <br \/>\n<\/p>\n<p>O prefeito de S\u00e3o Paulo,\u00a0<strong>Bruno Covas\u00a0<\/strong>(PSDB), foi internado na noite desta ter\u00e7a-feira (4) no Hospital S\u00edrio-Liban\u00eas, no Centro da capital paulista, para a oitava sess\u00e3o de quimioterapia, que deve ser iniciada nesta quarta-feira (5). Covas trata um c\u00e2ncer na c\u00e1rdia &#8212; regi\u00e3o entre o es\u00f4fago e o est\u00f4mago &#8211;, com met\u00e1stase no f\u00edgado.<\/p>\n<p>Em janeiro, ele foi internado duas vezes para dar sequ\u00eancia ao tratamento. Ele recebeu alta da s\u00e9tima sess\u00e3o no dia 25 de janeiro, anivers\u00e1rio de S\u00e3o Paulo. \u00c0 \u00e9poca, de acordo com a equipe m\u00e9dica, o prefeito encontrava-se em bom estado geral e n\u00e3o apresentou efeitos adversos ap\u00f3s a sess\u00e3o, que teve 30 horas de dura\u00e7\u00e3o. As informa\u00e7\u00f5es s\u00e3o do\u00a0<a href=\"https:\/\/g1.globo.com\/sp\/sao-paulo\/noticia\/2020\/02\/05\/bruno-covas-e-internado-para-oitava-sessao-de-quimioterapia-em-hospital-de-sp.ghtml\"><strong>G1<\/strong><\/a>.<\/p>\n<p>Em dezembro de 2019, quando realizava a quarta sess\u00e3o de quimioterapia, o prefeito teve um sangramento no f\u00edgado durante um procedimento e foi internado na Unidade de Terapia Intensiva (UTI). De acordo com o m\u00e9dico David Uip, o sangramento foi causado durante a demarca\u00e7\u00e3o do tumor, quando uma agulha \u00e9 colocada no carcinoma para identificar o tamanho do mesmo. Ap\u00f3s passar uma semana exercendo atividades internado no hospital, Covas recebeu alta no dia 18 de dezembro. A quinta sess\u00e3o de terapia foi realizada no dia 26 de janeiro.<\/p>\n<div class=\"widget-news widget-box no-margin no-border\"><span class=\"widget-news-title content-box-title\">Veja tamb\u00e9m<\/span><\/p>\n<ul class=\"widget-news-list\">\n<li class=\"widget-news-item without-thumb with-border\">\n<div class=\"widget-news-info\"><a href=\"http:\/\/vejasp.abril.com.br\/cidades\">Cidades<\/a><span class=\"widget-news-item-title\"><a href=\"https:\/\/vejasp.abril.com.br\/cidades\/mega-sena-deve-pagar-hoje-premio-de-r-80-milhoes\/\">Mega-Sena deve pagar hoje pr\u00eamio de R$ 80 milh\u00f5es<\/a><\/span><span class=\"widget-news-item-date\">5 fev 2020 &#8211; 09h02<\/span><\/div>\n<\/li>\n<\/ul>\n<\/div>\n<p>&nbsp;<\/p>\n<p><br \/>\n<br \/><a href=\"https:\/\/vejasp.abril.com.br\/cidades\/bruno-covas-e-internado-para-oitava-sessao-de-quimioterapia-em-sp\/\">Fonte do Artigo <\/a><br \/>\nTags:<br \/>\n#loterias #loteriascaixa #megasena #resultadoapostas#noticias #noticiario  #noticia #brasil #noticiascolombia #mundo #esporte #colombia #noticiadeld #ltimasnoticias  #noticiario #noticiasregionales #noticiasdepartamentales #noticiashoy #esportes #noticiaahora #elinformantenoticias #noticiasdeboyac  #esporteinterativo #esportivo #diariodosesportes  #noticiero  #jogodefutebol #jogos #loto #apostas<\/p>\n","protected":false},"excerpt":{"rendered":"<p>O prefeito de S\u00e3o Paulo,\u00a0Bruno Covas\u00a0(PSDB), foi internado na noite desta ter\u00e7a-feira (4) no Hospital S\u00edrio-Liban\u00eas, no Centro da capital paulista, para a oitava sess\u00e3o de quimioterapia, que deve ser iniciada nesta quarta-feira (5). Covas trata um c\u00e2ncer na c\u00e1rdia &#8212; regi\u00e3o entre o es\u00f4fago e o est\u00f4mago &#8211;, com met\u00e1stase no f\u00edgado. Em janeiro, [&hellip;]<\/p>\n","protected":false},"author":1,"featured_media":43048,"comment_status":"open","ping_status":"open","sticky":false,"template":"","format":"standard","meta":{"footnotes":""},"categories":[1],"tags":[],"class_list":["post-43047","post","type-post","status-publish","format-standard","has-post-thumbnail","hentry","category-curso-de-copy"],"_links":{"self":[{"href":"https:\/\/wiy.com.br\/noticias\/wp-json\/wp\/v2\/posts\/43047","targetHints":{"allow":["GET"]}}],"collection":[{"href":"https:\/\/wiy.com.br\/noticias\/wp-json\/wp\/v2\/posts"}],"about":[{"href":"https:\/\/wiy.com.br\/noticias\/wp-json\/wp\/v2\/types\/post"}],"author":[{"embeddable":true,"href":"https:\/\/wiy.com.br\/noticias\/wp-json\/wp\/v2\/users\/1"}],"replies":[{"embeddable":true,"href":"https:\/\/wiy.com.br\/noticias\/wp-json\/wp\/v2\/comments?post=43047"}],"version-history":[{"count":0,"href":"https:\/\/wiy.com.br\/noticias\/wp-json\/wp\/v2\/posts\/43047\/revisions"}],"wp:featuredmedia":[{"embeddable":true,"href":"https:\/\/wiy.com.br\/noticias\/wp-json\/wp\/v2\/media\/43048"}],"wp:attachment":[{"href":"https:\/\/wiy.com.br\/noticias\/wp-json\/wp\/v2\/media?parent=43047"}],"wp:term":[{"taxonomy":"category","embeddable":true,"href":"https:\/\/wiy.com.br\/noticias\/wp-json\/wp\/v2\/categories?post=43047"},{"taxonomy":"post_tag","embeddable":true,"href":"https:\/\/wiy.com.br\/noticias\/wp-json\/wp\/v2\/tags?post=43047"}],"curies":[{"name":"wp","href":"https:\/\/api.w.org\/{rel}","templated":true}]}}