{"id":42827,"date":"2023-02-26T15:43:49","date_gmt":"2023-02-26T18:43:49","guid":{"rendered":"https:\/\/wiy.com.br\/noticias\/na-china-brasileiros-pedem-ajuda-a-bolsonaro\/"},"modified":"2020-02-02T17:46:11","modified_gmt":"2020-02-02T19:46:11","slug":"na-china-brasileiros-pedem-ajuda-a-bolsonaro","status":"publish","type":"post","link":"https:\/\/wiy.com.br\/noticias\/na-china-brasileiros-pedem-ajuda-a-bolsonaro\/","title":{"rendered":"Na China, brasileiros pedem ajuda a Bolsonaro"},"content":{"rendered":"<p> <br \/>\n<\/p>\n<p>Neste domingo (2), um grupo de<span>\u00a0<\/span><strong>brasileiros<\/strong>, que vivem na<span>\u00a0<\/span><strong>prov\u00edncia de Wuhan<\/strong>, epicentro da epidemia de<span>\u00a0<\/span><a href=\"https:\/\/veja.abril.com.br\/videos\/veja-explica\/o-que-voce-precisa-saber-sobre-o-coronavirus-veja-explica\/\"><strong>coronav\u00edrus<\/strong><\/a>, publicou no Youtube um<span>\u00a0<\/span><strong>v\u00eddeo<\/strong><span>\u00a0<\/span>de seis minutos em que pedem ajuda do presidente<strong><span>\u00a0<\/span>Jair Bolsonaro<\/strong><span>\u00a0<\/span>e do<span>\u00a0<\/span><span>ministro das Rela\u00e7\u00f5es Exteriores\u00a0<strong>Ernesto Ara\u00fajo<\/strong>\u00a0para sair da\u00a0<strong>China<\/strong>\u00a0e voltar para o Brasil.<\/span><\/p>\n<p>\u201cN\u00f3s somos homens, mulheres e crian\u00e7as, de v\u00e1rios estados e regi\u00f5es do Brasil. <strong>Estudantes e trabalhadores, indiv\u00edduos e fam\u00edlias de brasileiros na Chin<\/strong>a\u201d, diz um dos protagonistas da pe\u00e7a audiovisual, que foi gravada em 30 de janeiro.<\/p>\n<\/p>\n<p>Tamb\u00e9m no v\u00eddeo, uma garota afirma: \u201cDe modo a proteger seus cidad\u00e3os desse risco (<em>da epidemia<\/em>), diversos pa\u00edses j\u00e1 est\u00e3o se organizando para retir\u00e1-los da cidade de Wuhan, em coopera\u00e7\u00e3o com o governo local. <strong>Esperamos que, como Presidente da Rep\u00fablica Federativa do Brasil, e na qualidade de representante m\u00e1ximo da diplomacia brasileira, vossas excel\u00eancias nos deem todo apoio que precisamos neste momento de dificuldade<\/strong>.\u201d<\/p>\n<p>No terceiro minuto do v\u00eddeo, h\u00e1 uma esclarecimento sobre o estado de sa\u00fade dos envolvidos: \u201c<strong>No momento em que esta carta est\u00e1 sendo escrita, n\u00e3o h\u00e1 entre n\u00f3s que a subscrevemos, quaisquer casos de contamina\u00e7\u00e3o comprovada ou at\u00e9 mesmo sintomas de infec\u00e7\u00e3o por coronav\u00edrus.<\/strong>\u201d<\/p>\n<p>Segue a esse trecho uma declara\u00e7\u00e3o de aceite sobre algumas condi\u00e7\u00f5es que o grupo deve vir a passar: \u201c<strong>Afirmamos tamb\u00e9m, estar plenamente disposto a per\u00edodo de quarentena e observa\u00e7\u00e3o ap\u00f3s a nossa chegada no Brasil e a cooperar com o governo brasileiro para prevenir o avan\u00e7o da doen\u00e7a.<\/strong>\u201d<\/p>\n<h3>CASOS SUSPEITOS DE CORONAV\u00cdRUS NO BRASIL<\/h3>\n<p><a href=\"https:\/\/vejasp.abril.com.br\/cidades\/coronavirus-casos-suspeitos\/\">O Minist\u00e9rio da Sa\u00fade divulgou ontem (1\u00ba) que h\u00e1 dezesseis casos suspeitos de coronav\u00edrus no Brasil<\/a>. <span>A unidade federativa que apresenta maior n\u00famero de casos suspeitos \u00e9 S\u00e3o Paulo, com oito ocorr\u00eancias. Contudo, duas suspeitas j\u00e1 foram descartadas no estado.<\/span><\/p>\n<p><br \/>\n<br \/><a href=\"https:\/\/vejasp.abril.com.br\/cidades\/na-china-brasileiros-pedem-ajuda-a-bolsonaro\/\">Fonte do Artigo <\/a><br \/>\nTags:<br \/>\n#loterias #loteriascaixa #megasena #resultadoapostas#noticias #noticiario  #noticia #brasil #noticiascolombia #mundo #esporte #colombia #noticiadeld #ltimasnoticias  #noticiario #noticiasregionales #noticiasdepartamentales #noticiashoy #esportes #noticiaahora #elinformantenoticias #noticiasdeboyac  #esporteinterativo #esportivo #diariodosesportes  #noticiero  #jogodefutebol #jogos #loto #apostas<\/p>\n","protected":false},"excerpt":{"rendered":"<p>Neste domingo (2), um grupo de\u00a0brasileiros, que vivem na\u00a0prov\u00edncia de Wuhan, epicentro da epidemia de\u00a0coronav\u00edrus, publicou no Youtube um\u00a0v\u00eddeo\u00a0de seis minutos em que pedem ajuda do presidente\u00a0Jair Bolsonaro\u00a0e do\u00a0ministro das Rela\u00e7\u00f5es Exteriores\u00a0Ernesto Ara\u00fajo\u00a0para sair da\u00a0China\u00a0e voltar para o Brasil. \u201cN\u00f3s somos homens, mulheres e crian\u00e7as, de v\u00e1rios estados e regi\u00f5es do Brasil. Estudantes e trabalhadores, [&hellip;]<\/p>\n","protected":false},"author":1,"featured_media":42828,"comment_status":"open","ping_status":"open","sticky":false,"template":"","format":"standard","meta":{"footnotes":""},"categories":[1],"tags":[],"class_list":["post-42827","post","type-post","status-publish","format-standard","has-post-thumbnail","hentry","category-curso-de-copy"],"_links":{"self":[{"href":"https:\/\/wiy.com.br\/noticias\/wp-json\/wp\/v2\/posts\/42827","targetHints":{"allow":["GET"]}}],"collection":[{"href":"https:\/\/wiy.com.br\/noticias\/wp-json\/wp\/v2\/posts"}],"about":[{"href":"https:\/\/wiy.com.br\/noticias\/wp-json\/wp\/v2\/types\/post"}],"author":[{"embeddable":true,"href":"https:\/\/wiy.com.br\/noticias\/wp-json\/wp\/v2\/users\/1"}],"replies":[{"embeddable":true,"href":"https:\/\/wiy.com.br\/noticias\/wp-json\/wp\/v2\/comments?post=42827"}],"version-history":[{"count":0,"href":"https:\/\/wiy.com.br\/noticias\/wp-json\/wp\/v2\/posts\/42827\/revisions"}],"wp:featuredmedia":[{"embeddable":true,"href":"https:\/\/wiy.com.br\/noticias\/wp-json\/wp\/v2\/media\/42828"}],"wp:attachment":[{"href":"https:\/\/wiy.com.br\/noticias\/wp-json\/wp\/v2\/media?parent=42827"}],"wp:term":[{"taxonomy":"category","embeddable":true,"href":"https:\/\/wiy.com.br\/noticias\/wp-json\/wp\/v2\/categories?post=42827"},{"taxonomy":"post_tag","embeddable":true,"href":"https:\/\/wiy.com.br\/noticias\/wp-json\/wp\/v2\/tags?post=42827"}],"curies":[{"name":"wp","href":"https:\/\/api.w.org\/{rel}","templated":true}]}}