{"id":42742,"date":"2023-02-26T15:18:00","date_gmt":"2023-02-26T18:18:00","guid":{"rendered":"https:\/\/wiy.com.br\/noticias\/governo-e-prefeitura-de-sp-lancam-plano-para-prevencao-do-coronavirus\/"},"modified":"2020-01-31T18:43:23","modified_gmt":"2020-01-31T20:43:23","slug":"governo-e-prefeitura-de-sp-lancam-plano-para-prevencao-do-coronavirus","status":"publish","type":"post","link":"https:\/\/wiy.com.br\/noticias\/governo-e-prefeitura-de-sp-lancam-plano-para-prevencao-do-coronavirus\/","title":{"rendered":"Governo e prefeitura de SP lan\u00e7am plano para preven\u00e7\u00e3o do coronav\u00edrus"},"content":{"rendered":"<p> <br \/>\n<\/p>\n<p>O governo do estado de <strong><a href=\"https:\/\/exame.abril.com.br\/noticias-sobre\/sao-paulo\/\">S\u00e3o Paulo<\/a><\/strong>, em parceria com a prefeitura da cidade, anunciou, hoje (31), um plano de conting\u00eancia e a forma\u00e7\u00e3o de um grupo para criar estrat\u00e9gias e a\u00e7\u00f5es de preven\u00e7\u00e3o relacionadas ao <strong><a href=\"https:\/\/exame.abril.com.br\/noticias-sobre\/coronavirus\">coronav\u00edrus<\/a><\/strong>. Ser\u00e3o destinados R$ 200 mil para a compra de kits diagn\u00f3sticos para o Instituto Adolfo Lutz e de insumos e equipamentos de prote\u00e7\u00e3o individual, como m\u00e1scaras, luvas, \u00f3culos e aventais para profissionais de sa\u00fade dos hospitais e laborat\u00f3rios estaduais.<\/p>\n<p>O plano de conting\u00eancia ser\u00e1 aplicado em todos os munic\u00edpios do estado e ser\u00e1 focado em tr\u00eas eixos: a vigil\u00e2ncia em sa\u00fade (vigil\u00e2ncia epidemiol\u00f3gica, formas de transmiss\u00e3o, defini\u00e7\u00e3o de casos suspeitos, fluxos da doen\u00e7a, aeroportos e portos, confirma\u00e7\u00e3o laboratorial e preven\u00e7\u00e3o), assist\u00eancia (disponibiliza\u00e7\u00e3o de leitos e capacidade de atendimento para casos mais graves) e a comunica\u00e7\u00e3o para a sociedade (informa\u00e7\u00f5es em site, redes sociais, m\u00eddia e boletins di\u00e1rios).<\/p>\n<p>O grupo vai colaborar na an\u00e1lise de dados e de informa\u00e7\u00f5es para subsidiar tomadas de decis\u00f5es e defini\u00e7\u00e3o de estrat\u00e9gias, prepara\u00e7\u00e3o da rede e de a\u00e7\u00f5es de enfrentamento de emerg\u00eancias em sa\u00fade p\u00fablica.<\/p>\n<p>&#8220;Os profissionais de sa\u00fade que atuam em S\u00e3o Paulo est\u00e3o sendo orientados sobre esse novo v\u00edrus e a import\u00e2ncia de nos informar rapidamente sobre qualquer caso suspeito. Nossa rede est\u00e1 preparada para atender pacientes e conta com servi\u00e7os de refer\u00eancia na \u00e1rea de infectologia para casos graves. Seguiremos vigilantes, orientando organiza\u00e7\u00f5es p\u00fablicas e privadas, ve\u00edculos de comunica\u00e7\u00e3o e a sociedade civil, prezando pela agilidade e transpar\u00eancia&#8221;, disse o secret\u00e1rio estadual de Sa\u00fade, Jos\u00e9 Henrique Germann.<\/p>\n<h3>Capacita\u00e7\u00e3o<\/h3>\n<p>A capacita\u00e7\u00e3o dos profissionais do SUS tem apoio dos Grupos de Vigil\u00e2ncia Epidemiol\u00f3gica (GVEs), da Coordenadoria de Servi\u00e7os de Sa\u00fade (CSS) e da Coordenadoria de Gest\u00e3o de Contratos de Servi\u00e7os de Sa\u00fade (CGCSS).<\/p>\n<p>A prefeitura de S\u00e3o Paulo capacitar\u00e1 1.000 profissionais da rede hospitalar e da aten\u00e7\u00e3o b\u00e1sica, que devem multiplicar essas informa\u00e7\u00f5es para os 84 mil funcion\u00e1rios da Secretaria Municipal da Sa\u00fade.<\/p>\n<p>A orienta\u00e7\u00e3o \u00e9 a de que assim que os primeiros sintomas do coronav\u00edrus surgirem &#8211; febre, tosse, coriza e dificuldade para respirar -, o paciente procure o servi\u00e7o de sa\u00fade mais pr\u00f3ximo. Para ser considerada suspeita, a pessoa deve ter hist\u00f3rico de viagem para locais com transmiss\u00e3o local, como a China, ou ter tido contato pr\u00f3ximo com pessoa com caso suspeito. O profissional de sa\u00fade vai avaliar se os sintomas indicam alguma probabilidade de infec\u00e7\u00e3o por coronav\u00edrus, tomar as provid\u00eancias para notifica\u00e7\u00e3o e coletar material para exame laboratorial. O in\u00edcio do tratamento dos sintomas prev\u00ea medidas para isolamento do paciente.<\/p>\n<p>A infec\u00e7\u00e3o por coronav\u00edrus apresenta manifesta\u00e7\u00f5es parecidas com a de outros v\u00edrus respirat\u00f3rios e n\u00e3o existe tratamento espec\u00edfico. Dependendo da condi\u00e7\u00e3o cl\u00ednica do paciente, o isolamento pode ser domiciliar. O tratamento consiste em repouso, ingest\u00e3o de l\u00edquidos e evitar contato direto e o compartilhamento de objetos de uso pessoal. Sintomas muito intensos podem levar o paciente a ser hospitalizado.<\/p>\n<h3>Casos monitorados<\/h3>\n<p>De acordo com o secret\u00e1rio Henrique Germann, tr\u00eas casos suspeitos de coronav\u00edrus est\u00e3o sendo monitorados no estado de S\u00e3o Paulo: um homem de 33 anos e um menino de seis, na capital, que voltaram da China em janeiro, e um homem de 45 anos, em Paul\u00ednia, no interior, que esteve na China e apresentou os sintomas ap\u00f3s retornar ao Brasil. Todos est\u00e3o bem, est\u00e1veis e recebendo cuidados em casa em isolamento domiciliar.<\/p>\n<p>A investiga\u00e7\u00e3o dos casos \u00e9 feita com amostras biol\u00f3gicas dos pacientes, colhidas pelos hospitais e enviadas ao Instituto Adolfo Lutz.<\/p>\n<p><br \/>\n<br \/><a href=\"https:\/\/exame.abril.com.br\/brasil\/governo-e-prefeitura-de-sp-lancam-plano-para-prevencao-do-coronavirus\/\">Fonte do artigo <\/a><br \/>\nTags:<br \/>\n#politica #political #negocios #business #marketingdigital #empreendedorismo #marketing #emprendedores #empreender #sucesso #empresas #emprendimiento #emprendedor #empreendedor #emprender #dinheiro #dinero #empresario #vendas #liderazgo #motivacion #foco #motivacao #negocio #brasil<\/p>\n","protected":false},"excerpt":{"rendered":"<p>O governo do estado de S\u00e3o Paulo, em parceria com a prefeitura da cidade, anunciou, hoje (31), um plano de conting\u00eancia e a forma\u00e7\u00e3o de um grupo para criar estrat\u00e9gias e a\u00e7\u00f5es de preven\u00e7\u00e3o relacionadas ao coronav\u00edrus. Ser\u00e3o destinados R$ 200 mil para a compra de kits diagn\u00f3sticos para o Instituto Adolfo Lutz e de [&hellip;]<\/p>\n","protected":false},"author":1,"featured_media":37655,"comment_status":"open","ping_status":"open","sticky":false,"template":"","format":"standard","meta":{"footnotes":""},"categories":[1],"tags":[],"class_list":["post-42742","post","type-post","status-publish","format-standard","has-post-thumbnail","hentry","category-curso-de-copy"],"_links":{"self":[{"href":"https:\/\/wiy.com.br\/noticias\/wp-json\/wp\/v2\/posts\/42742","targetHints":{"allow":["GET"]}}],"collection":[{"href":"https:\/\/wiy.com.br\/noticias\/wp-json\/wp\/v2\/posts"}],"about":[{"href":"https:\/\/wiy.com.br\/noticias\/wp-json\/wp\/v2\/types\/post"}],"author":[{"embeddable":true,"href":"https:\/\/wiy.com.br\/noticias\/wp-json\/wp\/v2\/users\/1"}],"replies":[{"embeddable":true,"href":"https:\/\/wiy.com.br\/noticias\/wp-json\/wp\/v2\/comments?post=42742"}],"version-history":[{"count":0,"href":"https:\/\/wiy.com.br\/noticias\/wp-json\/wp\/v2\/posts\/42742\/revisions"}],"wp:featuredmedia":[{"embeddable":true,"href":"https:\/\/wiy.com.br\/noticias\/wp-json\/wp\/v2\/media\/37655"}],"wp:attachment":[{"href":"https:\/\/wiy.com.br\/noticias\/wp-json\/wp\/v2\/media?parent=42742"}],"wp:term":[{"taxonomy":"category","embeddable":true,"href":"https:\/\/wiy.com.br\/noticias\/wp-json\/wp\/v2\/categories?post=42742"},{"taxonomy":"post_tag","embeddable":true,"href":"https:\/\/wiy.com.br\/noticias\/wp-json\/wp\/v2\/tags?post=42742"}],"curies":[{"name":"wp","href":"https:\/\/api.w.org\/{rel}","templated":true}]}}