{"id":42715,"date":"2023-02-26T15:36:01","date_gmt":"2023-02-26T18:36:01","guid":{"rendered":"https:\/\/wiy.com.br\/noticias\/nao-sou-quimico-diz-witzel-sobre-perda-de-prazo-para-normalizar-agua\/"},"modified":"2020-01-31T14:38:10","modified_gmt":"2020-01-31T16:38:10","slug":"nao-sou-quimico-diz-witzel-sobre-perda-de-prazo-para-normalizar-agua","status":"publish","type":"post","link":"https:\/\/wiy.com.br\/noticias\/nao-sou-quimico-diz-witzel-sobre-perda-de-prazo-para-normalizar-agua\/","title":{"rendered":"\u201cN\u00e3o sou qu\u00edmico\u201d, diz Witzel sobre perda de prazo para normalizar \u00e1gua"},"content":{"rendered":"<p> <br \/>\n<\/p>\n<p>Rio &#8211; O prazo de uma semana dado pelo governador <a href=\"https:\/\/exame.abril.com.br\/noticias-sobre\/wilson-witzel\/\"><strong>Wilson Witzel<\/strong><\/a> para a melhora da qualidade da \u00e1gua fornecida pela <a href=\"https:\/\/exame.abril.com.br\/noticias-sobre\/cedae\/\"><strong>Cedae<\/strong> <\/a>terminou, mas moradores da <a href=\"https:\/\/exame.abril.com.br\/noticias-sobre\/rio-de-janeiro\/\"><strong>capital<\/strong> <\/a>e da Regi\u00e3o Metropolitana seguem reclamando do cheiro e do gosto do l\u00edquido que sai das torneiras.<\/p>\n<p>Ontem, Witzel voltou a ser questionado sobre quando ser\u00e1 resolvido o problema, que come\u00e7ou no in\u00edcio de janeiro, por causa da presen\u00e7a de geosmina no sistema do Guandu.<\/p>\n<p>&#8220;Eu n\u00e3o sou qu\u00edmico, vou perguntar pra eles&#8221;, disse.<\/p>\n<p>Ao ser lembrado de que no \u00faltimo dia 22 ele havia dado o prazo de uma semana para a melhora das condi\u00e7\u00f5es da \u00e1gua, Witzel se esquivou:<\/p>\n<p>&#8220;Eu n\u00e3o, foi um qu\u00edmico. S\u00f3 reproduzi o que ele falou&#8221;, declarou.<\/p>\n<p>&nbsp;<\/p>\n<div class=\"widget-news widget-box no-margin no-border\"><span class=\"widget-news-title content-box-title\">Veja tamb\u00e9m<\/span><\/p>\n<ul class=\"widget-news-list\">\n<li class=\"widget-news-item without-thumb with-border\">\n<div class=\"widget-news-info\"><a href=\"http:\/\/exame.abril.com.br\/brasil\">BRASIL<\/a><span class=\"widget-news-item-title\"><a href=\"https:\/\/exame.abril.com.br\/brasil\/rio-pode-ter-que-ressarcir-populacao-por-agua-turva-e-com-mau-cheiro\/\">Rio pode ter que ressarcir popula\u00e7\u00e3o por \u00e1gua turva e com mau cheiro<\/a><\/span><span class=\"widget-news-item-date\">24 jan 2020 &#8211; 18h01<\/span><\/div>\n<\/li>\n<li class=\"widget-news-item without-thumb with-border\">\n<div class=\"widget-news-info\"><a href=\"http:\/\/exame.abril.com.br\/brasil\">BRASIL<\/a><span class=\"widget-news-item-title\"><a href=\"https:\/\/exame.abril.com.br\/brasil\/witzel-diz-que-situacao-da-agua-sera-resolvida-em-no-maximo-uma-semana\/\">Witzel diz que situa\u00e7\u00e3o da \u00e1gua ser\u00e1 resolvida em &#8220;no m\u00e1ximo&#8221; uma semana<\/a><\/span><span class=\"widget-news-item-date\">22 jan 2020 &#8211; 18h01<\/span><\/div>\n<\/li>\n<\/ul>\n<\/div>\n<p>O governador tamb\u00e9m negou os boatos sobre um suposto afastamento do presidente da Cedae, H\u00e9lio Cabral.<\/p>\n<p>&#8220;A miss\u00e3o do H\u00e9lio \u00e9 tornar a companhia eficiente para tornar o leil\u00e3o de outubro atrativo, e ele iniciou um processo de organiza\u00e7\u00e3o. O conselho de administra\u00e7\u00e3o tem avaliado positivamente&#8221;, afirmou o governador, referindo-se ao futuro leil\u00e3o de privatiza\u00e7\u00e3o da estatal.<\/p>\n<p>Na quarta-feira, a Cedae come\u00e7ou a usar argila ionicamente modificada para reduzir o problema. A ideia \u00e9 que, somada ao carv\u00e3o ativado, ela diminua o gosto ruim. Enquanto o carv\u00e3o \u00e9 adicionado dentro da esta\u00e7\u00e3o de tratamento, a argila \u00e9 colocada ainda nos mananciais.<\/p>\n<p><br \/>\n<br \/><a href=\"https:\/\/exame.abril.com.br\/brasil\/nao-sou-quimico-diz-witzel-sobre-prazo-para-agua-no-rio-ficar-sem-gosto\/\">Fonte do artigo <\/a><br \/>\nTags:<br \/>\n#politica #political #negocios #business #marketingdigital #empreendedorismo #marketing #emprendedores #empreender #sucesso #empresas #emprendimiento #emprendedor #empreendedor #emprender #dinheiro #dinero #empresario #vendas #liderazgo #motivacion #foco #motivacao #negocio #brasil<\/p>\n","protected":false},"excerpt":{"rendered":"<p>Rio &#8211; O prazo de uma semana dado pelo governador Wilson Witzel para a melhora da qualidade da \u00e1gua fornecida pela Cedae terminou, mas moradores da capital e da Regi\u00e3o Metropolitana seguem reclamando do cheiro e do gosto do l\u00edquido que sai das torneiras. Ontem, Witzel voltou a ser questionado sobre quando ser\u00e1 resolvido o [&hellip;]<\/p>\n","protected":false},"author":1,"featured_media":31677,"comment_status":"open","ping_status":"open","sticky":false,"template":"","format":"standard","meta":{"footnotes":""},"categories":[1],"tags":[],"class_list":["post-42715","post","type-post","status-publish","format-standard","has-post-thumbnail","hentry","category-curso-de-copy"],"_links":{"self":[{"href":"https:\/\/wiy.com.br\/noticias\/wp-json\/wp\/v2\/posts\/42715","targetHints":{"allow":["GET"]}}],"collection":[{"href":"https:\/\/wiy.com.br\/noticias\/wp-json\/wp\/v2\/posts"}],"about":[{"href":"https:\/\/wiy.com.br\/noticias\/wp-json\/wp\/v2\/types\/post"}],"author":[{"embeddable":true,"href":"https:\/\/wiy.com.br\/noticias\/wp-json\/wp\/v2\/users\/1"}],"replies":[{"embeddable":true,"href":"https:\/\/wiy.com.br\/noticias\/wp-json\/wp\/v2\/comments?post=42715"}],"version-history":[{"count":0,"href":"https:\/\/wiy.com.br\/noticias\/wp-json\/wp\/v2\/posts\/42715\/revisions"}],"wp:featuredmedia":[{"embeddable":true,"href":"https:\/\/wiy.com.br\/noticias\/wp-json\/wp\/v2\/media\/31677"}],"wp:attachment":[{"href":"https:\/\/wiy.com.br\/noticias\/wp-json\/wp\/v2\/media?parent=42715"}],"wp:term":[{"taxonomy":"category","embeddable":true,"href":"https:\/\/wiy.com.br\/noticias\/wp-json\/wp\/v2\/categories?post=42715"},{"taxonomy":"post_tag","embeddable":true,"href":"https:\/\/wiy.com.br\/noticias\/wp-json\/wp\/v2\/tags?post=42715"}],"curies":[{"name":"wp","href":"https:\/\/api.w.org\/{rel}","templated":true}]}}