{"id":42710,"date":"2023-02-26T15:03:14","date_gmt":"2023-02-26T18:03:14","guid":{"rendered":"https:\/\/wiy.com.br\/noticias\/bolsonaro-faz-vasectomia-em-hospital-militar-de-brasilia\/"},"modified":"2020-01-31T13:36:43","modified_gmt":"2020-01-31T15:36:43","slug":"bolsonaro-faz-vasectomia-em-hospital-militar-de-brasilia","status":"publish","type":"post","link":"https:\/\/wiy.com.br\/noticias\/bolsonaro-faz-vasectomia-em-hospital-militar-de-brasilia\/","title":{"rendered":"Bolsonaro faz vasectomia em hospital militar de Bras\u00edlia"},"content":{"rendered":"<p> <br \/>\n<\/p>\n<p>Bras\u00edlia \u2014 O presidente <strong><a href=\"https:\/\/exame.abril.com.br\/noticias-sobre\/jair-bolsonaro\/\">Jair Bolsonaro<\/a><\/strong>, que tem 64 anos de idade, se submeteu, no in\u00edcio da noite desta quinta-feira, 30, a uma vasectomia, procedimento m\u00e9dico de esteriliza\u00e7\u00e3o para homens que n\u00e3o desejam engravidar sua parceira no futuro.<\/p>\n<p>A cirurgia foi feita no Hospital das For\u00e7as Armadas (HFA). Esta \u00e9 a segunda vez que o presidente se submete a esse procedimento.<\/p>\n<p>Ele passou a tarde em viagem a Minas Gerais, discutindo provid\u00eancias para a quest\u00e3o das enchentes que assolam o Estado. Quando desembarcou de volta em Bras\u00edlia, \u00e0s 18h, seguiu direto para o HFA para se submeter \u00e0 cirurgia.<\/p>\n<p>Para fazer uma vasectomia, \u00e9 preciso ter mais de 25 anos ou pelo menos dois filhos. A cirurgia s\u00f3 pode ser marcada para dois meses depois da primeira consulta com o m\u00e9dico, um tempo para o paciente decidir se \u00e9 isso mesmo que ele quer.<\/p>\n<p>Com anestesia local, o m\u00e9dico faz duas pequenas incis\u00f5es de um cent\u00edmetro cada uma e interrompe a passagem do s\u00eamen do test\u00edculo para a pr\u00f3stata.<\/p>\n<div class=\"widget-news widget-box no-margin no-border\"><span class=\"widget-news-title content-box-title\">Veja tamb\u00e9m<\/span><\/p>\n<ul class=\"widget-news-list\">\n<li class=\"widget-news-item without-thumb with-border\">\n<div class=\"widget-news-info\"><a href=\"http:\/\/exame.abril.com.br\/brasil\">BRASIL<\/a><span class=\"widget-news-item-title\"><a href=\"https:\/\/exame.abril.com.br\/brasil\/onyx-lorenzoni-de-novo-esta-sob-pressao\/\">Onyx Lorenzoni, de novo, est\u00e1 sob press\u00e3o<\/a><\/span><span class=\"widget-news-item-date\">31 jan 2020 &#8211; 06h01<\/span><\/div>\n<\/li>\n<\/ul>\n<\/div>\n<p>Ao contr\u00e1rio de outras vezes em que passou por procedimentos m\u00e9dicos, o Planalto n\u00e3o emitiu nota oficial. Auxiliares do presidente, limitaram-se a dizer que ele havia ido fazer exames e a orienta\u00e7\u00e3o era de manter sigilo sobre a ida ao hospital.<\/p>\n<p>Quando saiu do hospital, antes das 20h30, o presidente fez quest\u00e3o de caminhar at\u00e9 o carro. Fez isso lentamente e com um dos bra\u00e7os apoiado sobre um assessor.<\/p>\n<h3>Segunda vez<\/h3>\n<p>Durante a campanha presidencial, em 2018, Bolsonaro postou um v\u00eddeo no qual aparecia ao lado da filha, Laura, hoje com dez anos, e relatou, em tom de emo\u00e7\u00e3o, que desfez uma vasectomia para que a mulher, Michelle de Paula, pudesse engravidar.<\/p>\n<p>A declara\u00e7\u00e3o do ent\u00e3o candidato foi feita no momento em que estava crescendo na internet uma campanha intitulada &#8220;Mulheres Unidas contra Bolsonaro&#8221;, que, na \u00e9poca teve o apoio de dois milh\u00f5es de participantes.<\/p>\n<p>Em rea\u00e7\u00e3o ao movimento, Bolsonaro gravou o v\u00eddeo dizendo que faria &#8220;uma confiss\u00e3o&#8221;, com os olhos cheios de l\u00e1grimas. &#8220;Eu j\u00e1 tinha decidido n\u00e3o ter mais filhos e estava vasectomizado. Eu havia combinado isso com a minha esposa, que j\u00e1 tinha uma filha. Eu tenho uma enteada em casa. A minha esposa era m\u00e3e solteira&#8221;, disse Bolsonaro, revelando que a esposa desejava ter mais filhos. &#8220;E eu fui no hospital central do Ex\u00e9rcito, desfiz a vasectomia. Mudou, sim, muito a minha vida com a chegada da Laura, que eu agrade\u00e7o a Deus e \u00e0 minha esposa por ela.&#8221;<\/p>\n<p>No v\u00eddeo, o presidente, que tem cinco filhos, quatro homens e uma menina, come\u00e7ou dizendo que &#8220;educar um filho homem \u00e9 muito f\u00e1cil. Vai jogar bola com ele, d\u00e1 um carrinho nele, fala palavr\u00e3o tamb\u00e9m. Quando v\u00ea uma mulher, \u00e9 diferente. \u00c9 completamente diferente&#8221;.<\/p>\n<h3>Repouso<\/h3>\n<p>Nesta sexta-feira, 31, a agenda do presidente est\u00e1 sem compromissos oficiais, embora haja expectativa de que ele possa se reunir com o ministro da Casa Civil, Onyx Lorenzoni, que estava de f\u00e9rias nos Estados Unidos e antecipou a sua volta, de segunda-feira (3) para hoje.<\/p>\n<p>Embora no Planalto as informa\u00e7\u00f5es sejam de que o presidente n\u00e3o pretende receber o ministro hoje porque estar\u00e1 de repouso, Onyx espera poder conversar com ele e discutir sua situa\u00e7\u00e3o que ficou delicada ap\u00f3s crise que levou \u00e0 demiss\u00e3o de seu n\u00famero dois, Jos\u00e9 Vicente Santini, por causa do uso de um jato da FAB para ir a Davos e Nova D\u00e9lhi.<\/p>\n<p>Na quinta-feira, tamb\u00e9m, por causa do procedimento previamente marcado, Bolsonaro anunciou horas antes de retornar a Bras\u00edlia que n\u00e3o faria a transmiss\u00e3o semanal nas redes sociais em que fala sobre assuntos do governo.<\/p>\n<h3>Sa\u00fade<\/h3>\n<p>Em dezembro do ano passado, Bolsonaro j\u00e1 havia sido hospitalizado ap\u00f3s cair no banheiro do Pal\u00e1cio da Alvorada. Na ocasi\u00e3o, ele ficou em observa\u00e7\u00e3o por cerca de um dia, ap\u00f3s bater a cabe\u00e7a, e teve alta sem complica\u00e7\u00f5es.<\/p>\n<p>No mesmo dia, o presidente concedeu entrevista ao programa Brasil Urgente e contou ao apresentador Jos\u00e9 Luiz Datena ter sofrido perda parcial de mem\u00f3ria. O banheiro do Alvorada passou por adapta\u00e7\u00f5es de seguran\u00e7a ap\u00f3s o tombo.<\/p>\n<p>O presidente tem enfrentado problemas de sa\u00fade desde que foi alvo de um atentado a faca ainda na campanha eleitoral, em setembro de 2018. Desde ent\u00e3o, ele j\u00e1 passou por quatro cirurgias.<\/p>\n<p>Na \u00faltima, realizada em setembro de 2019, os m\u00e9dicos corrigiram uma h\u00e9rnia que surgiu sob a cicatriz das cirurgias anteriores, no local em que ele levou a facada.<\/p>\n<p>O procedimento consistia em colocar a por\u00e7\u00e3o do intestino que &#8220;escapou&#8221;, formando a h\u00e9rnia, e a coloca\u00e7\u00e3o de uma tela para refor\u00e7ar a parede muscular no abd\u00f4men, para evitar reincid\u00eancias.<\/p>\n<p><br \/>\n<br \/><a href=\"https:\/\/exame.abril.com.br\/brasil\/bolsonaro-faz-vasectomia-em-hospital-militar-de-brasilia\/\">Fonte do artigo <\/a><br \/>\nTags:<br \/>\n#politica #political #negocios #business #marketingdigital #empreendedorismo #marketing #emprendedores #empreender #sucesso #empresas #emprendimiento #emprendedor #empreendedor #emprender #dinheiro #dinero #empresario #vendas #liderazgo #motivacion #foco #motivacao #negocio #brasil<\/p>\n","protected":false},"excerpt":{"rendered":"<p>Bras\u00edlia \u2014 O presidente Jair Bolsonaro, que tem 64 anos de idade, se submeteu, no in\u00edcio da noite desta quinta-feira, 30, a uma vasectomia, procedimento m\u00e9dico de esteriliza\u00e7\u00e3o para homens que n\u00e3o desejam engravidar sua parceira no futuro. A cirurgia foi feita no Hospital das For\u00e7as Armadas (HFA). Esta \u00e9 a segunda vez que o [&hellip;]<\/p>\n","protected":false},"author":1,"featured_media":38227,"comment_status":"open","ping_status":"open","sticky":false,"template":"","format":"standard","meta":{"footnotes":""},"categories":[1],"tags":[],"class_list":["post-42710","post","type-post","status-publish","format-standard","has-post-thumbnail","hentry","category-curso-de-copy"],"_links":{"self":[{"href":"https:\/\/wiy.com.br\/noticias\/wp-json\/wp\/v2\/posts\/42710","targetHints":{"allow":["GET"]}}],"collection":[{"href":"https:\/\/wiy.com.br\/noticias\/wp-json\/wp\/v2\/posts"}],"about":[{"href":"https:\/\/wiy.com.br\/noticias\/wp-json\/wp\/v2\/types\/post"}],"author":[{"embeddable":true,"href":"https:\/\/wiy.com.br\/noticias\/wp-json\/wp\/v2\/users\/1"}],"replies":[{"embeddable":true,"href":"https:\/\/wiy.com.br\/noticias\/wp-json\/wp\/v2\/comments?post=42710"}],"version-history":[{"count":0,"href":"https:\/\/wiy.com.br\/noticias\/wp-json\/wp\/v2\/posts\/42710\/revisions"}],"wp:featuredmedia":[{"embeddable":true,"href":"https:\/\/wiy.com.br\/noticias\/wp-json\/wp\/v2\/media\/38227"}],"wp:attachment":[{"href":"https:\/\/wiy.com.br\/noticias\/wp-json\/wp\/v2\/media?parent=42710"}],"wp:term":[{"taxonomy":"category","embeddable":true,"href":"https:\/\/wiy.com.br\/noticias\/wp-json\/wp\/v2\/categories?post=42710"},{"taxonomy":"post_tag","embeddable":true,"href":"https:\/\/wiy.com.br\/noticias\/wp-json\/wp\/v2\/tags?post=42710"}],"curies":[{"name":"wp","href":"https:\/\/api.w.org\/{rel}","templated":true}]}}