{"id":42624,"date":"2023-02-26T15:12:42","date_gmt":"2023-02-26T18:12:42","guid":{"rendered":"https:\/\/wiy.com.br\/noticias\/governo-de-sp-lanca-programa-para-fomentar-exportacao-de-pequenas-empresas\/"},"modified":"2020-01-30T15:34:15","modified_gmt":"2020-01-30T17:34:15","slug":"governo-de-sp-lanca-programa-para-fomentar-exportacao-de-pequenas-empresas","status":"publish","type":"post","link":"https:\/\/wiy.com.br\/noticias\/governo-de-sp-lanca-programa-para-fomentar-exportacao-de-pequenas-empresas\/","title":{"rendered":"Governo de SP lan\u00e7a programa para fomentar exporta\u00e7\u00e3o de pequenas empresas"},"content":{"rendered":"<p> <br \/>\n<\/p>\n<div id=\"\">\n<p>O governador de S\u00e3o Paulo, <a href=\"https:\/\/veja.abril.com.br\/noticias-sobre\/joao-doria\"><strong>Jo\u00e3o Doria<\/strong><\/a>, lan\u00e7ou nesta quinta-feira, 30, um programa para capacitar micro, pequenas e m\u00e9dias empresas a se tornarem <a href=\"https:\/\/veja.abril.com.br\/noticias-sobre\/exportacao\"><strong>exportadoras<\/strong><\/a>. De acordo com a Secretaria de Desenvolvimento Econ\u00f4mico do Estado, a meta do projeto \u00e9 qualificar 150 empresas em 2020 e aumentar gradativamente o n\u00famero de participantes, chegando a 1.200 pequenos e m\u00e9dios empres\u00e1rios a exportar produtos produzidos no Estado.<\/p>\n<p>\u201cNossa ideia \u00e9 exportar, al\u00e9m de produtos, os servi\u00e7os. S\u00e3o Paulo \u00e9 o grande <em>hub<\/em> de exporta\u00e7\u00f5es do Brasil e nossa ideia \u00e9 ampliar ainda mais a participa\u00e7\u00e3o do estado\u201d, afirmou o governador. Segundo a secret\u00e1ria de Desenvolvimento Econ\u00f4mico, Patr\u00edcia Ellen, atualmente, mais de 20% das vendas do Brasil para o exterior saem do estado e 45% das empresas que fazem com\u00e9rcio com o mercado externo est\u00e3o sediadas em S\u00e3o Paulo.<\/p>\n<p style=\"text-align:justify;\">O novo programa prev\u00ea a descentraliza\u00e7\u00e3o dos servi\u00e7os de exporta\u00e7\u00e3o do estado, ainda muito concentrado na capital. A capacita\u00e7\u00e3o ter\u00e1 dura\u00e7\u00e3o de cinco meses por turma e abordar\u00e1 os temas como intelig\u00eancia comercial, forma\u00e7\u00e3o de pre\u00e7os, adequa\u00e7\u00e3o de produtos e servi\u00e7os, planos de neg\u00f3cios, marketing e vendas, ministrados por professores da Funda\u00e7\u00e3o Instituto de Administra\u00e7\u00e3o (FIA).<\/p>\n<p>O programa de capacita\u00e7\u00e3o vai incluir startups e o setor de servi\u00e7os em seu escopo de atua\u00e7\u00e3o. Poder\u00e3o participar micro, pequenas e m\u00e9dias empresas (MPMEs) que ainda n\u00e3o exportam ou que j\u00e1 atuam no com\u00e9rcio internacional e queiram expandir suas vendas. Para participar, as empresas precisar\u00e3o se cadastrar no<a href=\"https:\/\/www.investe.sp.gov.br\/\"> site da InvestSP<\/a> e passar por um processo de sele\u00e7\u00e3o, que avaliar\u00e1 o atual est\u00e1gio para acesso ao mercado externo. Ap\u00f3s a sele\u00e7\u00e3o, a empresa receber\u00e1 a visita de um consultor que ir\u00e1 prepar\u00e1-la para cumprir todas as etapas do treinamento.<\/p>\n<p>Depois de conclu\u00edda a fase de treinamento, o programa ir\u00e1 monitorar as empresas, por meio da equipe de promo\u00e7\u00e3o de exporta\u00e7\u00f5es da InvestSP. A fase de acompanhamento ter\u00e1 dura\u00e7\u00e3o de dois anos. Nesse per\u00edodo, ser\u00e3o feitos diagn\u00f3sticos semestrais para verificar se o plano de a\u00e7\u00e3o elaborado durante a capacita\u00e7\u00e3o est\u00e1 sendo implementado de forma eficiente.<\/p>\n<p style=\"text-align:justify;\">\u201cO estado de S\u00e3o Paulo tem hoje 10 mil empresas que j\u00e1 mant\u00eam algum tipo de rela\u00e7\u00e3o comercial com outros pa\u00edses, sendo que 98% s\u00e3o micro, pequenas e m\u00e9dias empresas. No entanto, 18% delas encerram as atividades ap\u00f3s o primeiro ano. Capacitar essas empresas para exportar \u00e9 um dos caminhos para aumentar a competitividade dessas empresas e reduzir essa taxa de mortalidade\u201d, afirma Wilson Mello, presidente da InvestSP.<\/p>\n<\/p><\/div>\n<p><br \/>\n<br \/><a href=\"https:\/\/veja.abril.com.br\/economia\/governo-de-sp-lanca-programa-para-fomentar-exportacao-de-pequenas-empresas\/\">Fonte do Artigo<\/a><br \/>\nTags: <\/p>\n<p><a title=\"IBJE\" href=\"https:\/\/ibge.gov.br\/\">#IBJE<\/a> <a title=\"FGV\" href=\"https:\/\/portal.fgv.br\/\">#FGV<\/a> <a title=\"LOTOFACIL\" href=\"http:\/\/loterias.caixa.gov.br\/wps\/portal\/loterias\/landing\/lotofacil\/\">#LOTOFACIL<\/a> <a title=\"TINDER\" href=\"https:\/\/tinder.com\/?lang=pt-BR\">#TINDER<\/a> <a title=\"GMAILGOOGLE\" href=\"https:\/\/mail.google.com\">#GMAILGOOGLE<\/a> <a title=\"TIKTOK\" href=\"https:\/\/www.tiktok.com\/pt_BR\/\">#TIKTOK<\/a><\/p>\n","protected":false},"excerpt":{"rendered":"<p>O governador de S\u00e3o Paulo, Jo\u00e3o Doria, lan\u00e7ou nesta quinta-feira, 30, um programa para capacitar micro, pequenas e m\u00e9dias empresas a se tornarem exportadoras. De acordo com a Secretaria de Desenvolvimento Econ\u00f4mico do Estado, a meta do projeto \u00e9 qualificar 150 empresas em 2020 e aumentar gradativamente o n\u00famero de participantes, chegando a 1.200 pequenos [&hellip;]<\/p>\n","protected":false},"author":1,"featured_media":42625,"comment_status":"open","ping_status":"open","sticky":false,"template":"","format":"standard","meta":{"footnotes":""},"categories":[7],"tags":[],"class_list":["post-42624","post","type-post","status-publish","format-standard","has-post-thumbnail","hentry","category-economia"],"_links":{"self":[{"href":"https:\/\/wiy.com.br\/noticias\/wp-json\/wp\/v2\/posts\/42624","targetHints":{"allow":["GET"]}}],"collection":[{"href":"https:\/\/wiy.com.br\/noticias\/wp-json\/wp\/v2\/posts"}],"about":[{"href":"https:\/\/wiy.com.br\/noticias\/wp-json\/wp\/v2\/types\/post"}],"author":[{"embeddable":true,"href":"https:\/\/wiy.com.br\/noticias\/wp-json\/wp\/v2\/users\/1"}],"replies":[{"embeddable":true,"href":"https:\/\/wiy.com.br\/noticias\/wp-json\/wp\/v2\/comments?post=42624"}],"version-history":[{"count":0,"href":"https:\/\/wiy.com.br\/noticias\/wp-json\/wp\/v2\/posts\/42624\/revisions"}],"wp:featuredmedia":[{"embeddable":true,"href":"https:\/\/wiy.com.br\/noticias\/wp-json\/wp\/v2\/media\/42625"}],"wp:attachment":[{"href":"https:\/\/wiy.com.br\/noticias\/wp-json\/wp\/v2\/media?parent=42624"}],"wp:term":[{"taxonomy":"category","embeddable":true,"href":"https:\/\/wiy.com.br\/noticias\/wp-json\/wp\/v2\/categories?post=42624"},{"taxonomy":"post_tag","embeddable":true,"href":"https:\/\/wiy.com.br\/noticias\/wp-json\/wp\/v2\/tags?post=42624"}],"curies":[{"name":"wp","href":"https:\/\/api.w.org\/{rel}","templated":true}]}}