{"id":42618,"date":"2023-02-26T15:32:11","date_gmt":"2023-02-26T18:32:11","guid":{"rendered":"https:\/\/wiy.com.br\/noticias\/reacao-das-redes-sociais-fez-bolsonaro-anular-recontratacao-de-assessor\/"},"modified":"2020-01-30T15:13:13","modified_gmt":"2020-01-30T17:13:13","slug":"reacao-das-redes-sociais-fez-bolsonaro-anular-recontratacao-de-assessor","status":"publish","type":"post","link":"https:\/\/wiy.com.br\/noticias\/reacao-das-redes-sociais-fez-bolsonaro-anular-recontratacao-de-assessor\/","title":{"rendered":"Rea\u00e7\u00e3o das redes sociais fez Bolsonaro anular recontrata\u00e7\u00e3o de assessor"},"content":{"rendered":"<p> <br \/>\n<\/p>\n<p>Bras\u00edlia \u2014 Em 12 horas, a rea\u00e7\u00e3o negativa nas redes sociais for\u00e7ou o presidente <a href=\"https:\/\/exame.abril.com.br\/noticias-sobre\/jair-bolsonaro\"><strong>Jair Bolsonaro<\/strong><\/a> a recuar da recontrata\u00e7\u00e3o do assessor da Casa Civil Vicente Santini, depois de demiti-lo publicamente por ter utilizado um avi\u00e3o da <a href=\"https:\/\/exame.abril.com.br\/noticias-sobre\/fab\/\"><strong>For\u00e7a A\u00e9rea Brasileira (FAB)<\/strong><\/a> para ir \u00e0 Europa e \u00e0 \u00c1sia.<\/p>\n<p>Ainda na tarde desta quarta-feira, 29, com a portaria da demiss\u00e3o do cargo de secret\u00e1rio executivo da Casa Civil j\u00e1 publicada, Bolsonaro demonstrava indigna\u00e7\u00e3o com a atitude de Santini e insistia em mant\u00ea-lo afastado do governo.<\/p>\n<p>Para interlocutores do presidente, a nomea\u00e7\u00e3o de Santini em um novo cargo no mesmo dia em que sua exonera\u00e7\u00e3o foi publicada no Di\u00e1rio Oficial da Uni\u00e3o levanta questionamentos, pois contraria o discurso do pr\u00f3prio presidente da v\u00e9spera. Na ocasi\u00e3o, ao retornar de viagem \u00e0 \u00cdndia, Bolsonaro disse que o &#8220;voo particular&#8221; de Santini era &#8220;inadmiss\u00edvel&#8221;. &#8220;O que ele fez n\u00e3o \u00e9 ilegal, mas \u00e9 completamente imoral. Ministros antigos foram de avi\u00e3o comercial, classe econ\u00f4mica&#8221;, disse Bolsonaro na quarta.<\/p>\n<p>Mas o presidente cedeu ao apelo de seu filho Eduardo Bolsonaro (PSL-SP), o &#8220;03&#8221;, e autorizou a recondu\u00e7\u00e3o de Santini a outro cargo, desta vez de assessor, mas tamb\u00e9m na Casa Civil, de Onyx Lorenzoni. Al\u00e9m de Eduardo, Santini contou ainda com o apoio do assessor especial para assuntos internacionais, Filipe Martins.<\/p>\n<p>Eduardo, Filipe e Vicente t\u00eam formado um trio que marca presen\u00e7a constante em viagens internacionais de Bolsonaro. O senador Fl\u00e1vio Bolsonaro (sem partido-RJ) tamb\u00e9m \u00e9 pr\u00f3ximo ao assessor que chegou a ser readmitido no governo.<\/p>\n<p>Na primeira fun\u00e7\u00e3o, como secret\u00e1rio executivo, Santini recebia R$ 17.327,6. Na nova, cuja admiss\u00e3o ser\u00e1 agora revogada, segundo o presidente, ele receberia R$ 16.944,90.<\/p>\n<div id=\"gtx-trans\">\n<div class=\"gtx-trans-icon\"><\/div>\n<\/div>\n<p><br \/>\n<br \/><a href=\"https:\/\/exame.abril.com.br\/brasil\/reacao-das-redes-sociais-fez-bolsonaro-anular-recontratacao-de-assessor\/\">Fonte do artigo <\/a><br \/>\nTags:<br \/>\n#politica #political #negocios #business #marketingdigital #empreendedorismo #marketing #emprendedores #empreender #sucesso #empresas #emprendimiento #emprendedor #empreendedor #emprender #dinheiro #dinero #empresario #vendas #liderazgo #motivacion #foco #motivacao #negocio #brasil<\/p>\n","protected":false},"excerpt":{"rendered":"<p>Bras\u00edlia \u2014 Em 12 horas, a rea\u00e7\u00e3o negativa nas redes sociais for\u00e7ou o presidente Jair Bolsonaro a recuar da recontrata\u00e7\u00e3o do assessor da Casa Civil Vicente Santini, depois de demiti-lo publicamente por ter utilizado um avi\u00e3o da For\u00e7a A\u00e9rea Brasileira (FAB) para ir \u00e0 Europa e \u00e0 \u00c1sia. Ainda na tarde desta quarta-feira, 29, com [&hellip;]<\/p>\n","protected":false},"author":1,"featured_media":42619,"comment_status":"open","ping_status":"open","sticky":false,"template":"","format":"standard","meta":{"footnotes":""},"categories":[1],"tags":[],"class_list":["post-42618","post","type-post","status-publish","format-standard","has-post-thumbnail","hentry","category-curso-de-copy"],"_links":{"self":[{"href":"https:\/\/wiy.com.br\/noticias\/wp-json\/wp\/v2\/posts\/42618","targetHints":{"allow":["GET"]}}],"collection":[{"href":"https:\/\/wiy.com.br\/noticias\/wp-json\/wp\/v2\/posts"}],"about":[{"href":"https:\/\/wiy.com.br\/noticias\/wp-json\/wp\/v2\/types\/post"}],"author":[{"embeddable":true,"href":"https:\/\/wiy.com.br\/noticias\/wp-json\/wp\/v2\/users\/1"}],"replies":[{"embeddable":true,"href":"https:\/\/wiy.com.br\/noticias\/wp-json\/wp\/v2\/comments?post=42618"}],"version-history":[{"count":0,"href":"https:\/\/wiy.com.br\/noticias\/wp-json\/wp\/v2\/posts\/42618\/revisions"}],"wp:featuredmedia":[{"embeddable":true,"href":"https:\/\/wiy.com.br\/noticias\/wp-json\/wp\/v2\/media\/42619"}],"wp:attachment":[{"href":"https:\/\/wiy.com.br\/noticias\/wp-json\/wp\/v2\/media?parent=42618"}],"wp:term":[{"taxonomy":"category","embeddable":true,"href":"https:\/\/wiy.com.br\/noticias\/wp-json\/wp\/v2\/categories?post=42618"},{"taxonomy":"post_tag","embeddable":true,"href":"https:\/\/wiy.com.br\/noticias\/wp-json\/wp\/v2\/tags?post=42618"}],"curies":[{"name":"wp","href":"https:\/\/api.w.org\/{rel}","templated":true}]}}