{"id":42491,"date":"2023-02-26T15:37:58","date_gmt":"2023-02-26T18:37:58","guid":{"rendered":"https:\/\/wiy.com.br\/noticias\/bolsonaro-diz-que-nao-viu-nada-de-errado-no-desempenho-de-chefe-da-secom\/"},"modified":"2020-01-29T00:34:13","modified_gmt":"2020-01-29T02:34:13","slug":"bolsonaro-diz-que-nao-viu-nada-de-errado-no-desempenho-de-chefe-da-secom","status":"publish","type":"post","link":"https:\/\/wiy.com.br\/noticias\/bolsonaro-diz-que-nao-viu-nada-de-errado-no-desempenho-de-chefe-da-secom\/","title":{"rendered":"Bolsonaro diz que n\u00e3o viu \u201cnada de errado\u201d no desempenho de chefe da Secom"},"content":{"rendered":"<p> <br \/>\n<\/p>\n<p>Bras\u00edlia \u2014 O presidente <a href=\"https:\/\/exame.abril.com.br\/noticias-sobre\/jair-bolsonaro\/\"><strong>Jair Bolsonaro <\/strong><\/a>afirmou nesta ter\u00e7a-feira n\u00e3o ver &#8220;nada de errado&#8221; no desempenho do chefe da Secretaria de Comunica\u00e7\u00e3o Social (Secom) do governo federal, <strong>Fabio Wajngarten, <\/strong>ap\u00f3s o Minist\u00e9rio P\u00fablico Federal (MPF) solicitar a abertura de um inqu\u00e9rito para investigar suspeitas de corrup\u00e7\u00e3o, peculato e advocacia administrativa por parte de Fabio.<\/p>\n<p>O pedido foi feito com base em representa\u00e7\u00f5es recebidas pelo \u00f3rg\u00e3o. De acordo com Bolsonaro, o Minist\u00e9rio P\u00fablico &#8220;recebe uma s\u00e9rie de a\u00e7\u00f5es diariamente&#8221; e ser\u00e1 &#8220;dado o devido despacho&#8221;, desde que hajam ind\u00edcios.<\/p>\n<p>&#8220;O MP recebe uma s\u00e9rie de a\u00e7\u00f5es diariamente. Olha, vai ser dando o devido despacho por parte do MP. Desde que tenha um indicativo para investigar vai ser investigado. At\u00e9 o momento, n\u00e3o vi nada de errado por parte do Fabio&#8221;, disse Bolsonaro, ap\u00f3s uma visita ao Minist\u00e9rio da Defesa.<\/p>\n<div class=\"widget-news widget-box no-margin no-border\"><span class=\"widget-news-title content-box-title\">Veja tamb\u00e9m<\/span><\/p>\n<ul class=\"widget-news-list\">\n<li class=\"widget-news-item without-thumb with-border\">\n<div class=\"widget-news-info\"><a href=\"http:\/\/exame.abril.com.br\/brasil\">BRASIL<\/a><span class=\"widget-news-item-title\"><a href=\"https:\/\/exame.abril.com.br\/brasil\/bolsonaro-defende-chefe-da-secom-e-diz-que-vai-mante-lo-no-cargo\/\">Bolsonaro defende chefe da Secom: &#8220;Se for ilegal, a gente v\u00ea l\u00e1 na frente&#8221;<\/a><\/span><span class=\"widget-news-item-date\">16 jan 2020 &#8211; 16h01<\/span><\/div>\n<\/li>\n<li class=\"widget-news-item without-thumb with-border\">\n<div class=\"widget-news-info\"><a href=\"http:\/\/exame.abril.com.br\/brasil\">BRASIL<\/a><span class=\"widget-news-item-title\"><a href=\"https:\/\/exame.abril.com.br\/brasil\/procuradoria-pede-inquerito-a-pf-para-investigar-secretario-de-comunicacao\/\">Procuradoria pede inqu\u00e9rito \u00e0 PF para investigar secret\u00e1rio de Comunica\u00e7\u00e3o<\/a><\/span><span class=\"widget-news-item-date\">28 jan 2020 &#8211; 10h01<\/span><\/div>\n<\/li>\n<\/ul>\n<\/div>\n<p>A investiga\u00e7\u00e3o vai mirar suspeitas de irregularidades no fato de a empresa do chefe da Secom manter contratos com emissoras de televis\u00e3o e ag\u00eancias de publicidade que recebem verbas do governo federal.<\/p>\n<p>Reportagem da \u201cFolha de S.Paulo\u201d mostrou que Wajngarten, mesmo depois de assumir a Secom, permaneceu com 95% das cotas da FW Comunica\u00e7\u00e3o e Marketing. A empresa recebeu, no ano passado, R$ 9.046 mensais da Band (aproximadamente R$ 109 mil por ano) por servi\u00e7os que incluem estudos sobre anunciantes do mercado e a checagem se pe\u00e7as publicit\u00e1rias foram de fato veiculadas.<\/p>\n<p><br \/>\n<br \/><a href=\"https:\/\/exame.abril.com.br\/brasil\/bolsonaro-diz-que-nao-viu-nada-de-errado-no-desempenho-de-wajngarten\/\">Fonte do artigo <\/a><br \/>\nTags:<br \/>\n#politica #political #negocios #business #marketingdigital #empreendedorismo #marketing #emprendedores #empreender #sucesso #empresas #emprendimiento #emprendedor #empreendedor #emprender #dinheiro #dinero #empresario #vendas #liderazgo #motivacion #foco #motivacao #negocio #brasil<\/p>\n","protected":false},"excerpt":{"rendered":"<p>Bras\u00edlia \u2014 O presidente Jair Bolsonaro afirmou nesta ter\u00e7a-feira n\u00e3o ver &#8220;nada de errado&#8221; no desempenho do chefe da Secretaria de Comunica\u00e7\u00e3o Social (Secom) do governo federal, Fabio Wajngarten, ap\u00f3s o Minist\u00e9rio P\u00fablico Federal (MPF) solicitar a abertura de um inqu\u00e9rito para investigar suspeitas de corrup\u00e7\u00e3o, peculato e advocacia administrativa por parte de Fabio. O [&hellip;]<\/p>\n","protected":false},"author":1,"featured_media":42492,"comment_status":"open","ping_status":"open","sticky":false,"template":"","format":"standard","meta":{"footnotes":""},"categories":[1],"tags":[],"class_list":["post-42491","post","type-post","status-publish","format-standard","has-post-thumbnail","hentry","category-curso-de-copy"],"_links":{"self":[{"href":"https:\/\/wiy.com.br\/noticias\/wp-json\/wp\/v2\/posts\/42491","targetHints":{"allow":["GET"]}}],"collection":[{"href":"https:\/\/wiy.com.br\/noticias\/wp-json\/wp\/v2\/posts"}],"about":[{"href":"https:\/\/wiy.com.br\/noticias\/wp-json\/wp\/v2\/types\/post"}],"author":[{"embeddable":true,"href":"https:\/\/wiy.com.br\/noticias\/wp-json\/wp\/v2\/users\/1"}],"replies":[{"embeddable":true,"href":"https:\/\/wiy.com.br\/noticias\/wp-json\/wp\/v2\/comments?post=42491"}],"version-history":[{"count":0,"href":"https:\/\/wiy.com.br\/noticias\/wp-json\/wp\/v2\/posts\/42491\/revisions"}],"wp:featuredmedia":[{"embeddable":true,"href":"https:\/\/wiy.com.br\/noticias\/wp-json\/wp\/v2\/media\/42492"}],"wp:attachment":[{"href":"https:\/\/wiy.com.br\/noticias\/wp-json\/wp\/v2\/media?parent=42491"}],"wp:term":[{"taxonomy":"category","embeddable":true,"href":"https:\/\/wiy.com.br\/noticias\/wp-json\/wp\/v2\/categories?post=42491"},{"taxonomy":"post_tag","embeddable":true,"href":"https:\/\/wiy.com.br\/noticias\/wp-json\/wp\/v2\/tags?post=42491"}],"curies":[{"name":"wp","href":"https:\/\/api.w.org\/{rel}","templated":true}]}}