{"id":42461,"date":"2023-02-26T15:09:30","date_gmt":"2023-02-26T18:09:30","guid":{"rendered":"https:\/\/wiy.com.br\/noticias\/comissao-de-etica-adverte-weintraub-por-comparar-lula-e-dilma-a-drogas\/"},"modified":"2020-01-28T17:27:29","modified_gmt":"2020-01-28T19:27:29","slug":"comissao-de-etica-adverte-weintraub-por-comparar-lula-e-dilma-a-drogas","status":"publish","type":"post","link":"https:\/\/wiy.com.br\/noticias\/comissao-de-etica-adverte-weintraub-por-comparar-lula-e-dilma-a-drogas\/","title":{"rendered":"Comiss\u00e3o de \u00c9tica adverte Weintraub por comparar Lula e Dilma a drogas"},"content":{"rendered":"<p> <br \/>\n<\/p>\n<p>S\u00e3o Paulo &#8211; A Comiss\u00e3o de \u00c9tica da Presid\u00eancia da Rep\u00fablica fez uma advert\u00eancia ao ministro da Educa\u00e7\u00e3o, <a href=\"https:\/\/exame.abril.com.br\/noticias-sobre\/abraham-weintraub\/\"><strong>Abraham Weintraub<\/strong><\/a>, por n\u00e3o se comportar dentro dos &#8220;padr\u00f5es \u00e9ticos&#8221;.<\/p>\n<p>Em junho de 2019, Weintraub associou os ex-presidentes <a href=\"https:\/\/exame.abril.com.br\/noticias-sobre\/luiz-inacio-lula-da-silva\/\"><strong>Luiz In\u00e1cio Lula da Silva<\/strong><\/a> e <a href=\"https:\/\/exame.abril.com.br\/noticias-sobre\/dilma-rousseff\/pagina\/352\/\"><strong>Dilma Rousseff<\/strong><\/a> \u00e0 apreens\u00e3o de 39 quilos de coca\u00edna em uma aeronave da comitiva do presidente Jair Bolsonaro que fazia escala na Espanha em dire\u00e7\u00e3o ao Jap\u00e3o:<\/p>\n<p>\u201cNo passado o avi\u00e3o presidencial j\u00e1 transportou drogas em maior quantidade. Algu\u00e9m sabe o peso do Lula ou da Dilma?\u201d, escreveu Weintraub no Twitter.\u00a0Em outra publica\u00e7\u00e3o o ministro complementou:<\/p>\n<p>\u201cTranquilizo os &#8220;guerreiros&#8221; do PT e de seus acepipes: o respons\u00e1vel pelos 39 kg de coca\u00edna NADA tem a ver com o Governo Bolsonaro. Ele ir\u00e1 para a cadeia e ningu\u00e9m de nosso lado defender\u00e1 o criminoso. Voc\u00eas continuam com a exclusividade de serem amigos de traficantes como as FARC.<\/p>\n<p>Em decis\u00e3o un\u00e2nime, os sete conselheiros da Comiss\u00e3o de \u00c9tica da Presid\u00eancia recomendaram que o ministro se \u201catente aos padr\u00f5es \u00e9ticos em vigor\u201d.<\/p>\n<p>O relator do processo, o conselheiro Erick Vidigal, destacou em seu voto que n\u00e3o se espera de um ministro da educa\u00e7\u00e3o um temperamento impulsivo e destemperado que incite o \u00f3dio.<\/p>\n<p>\u201cN\u00e3o parece que o papel esperado pela sociedade no tocante a qualquer Ministro da Educa\u00e7\u00e3o, de qualquer governo, seja o de uma autoridade impulsiva, destemperada, que ofende quem quer que critique ou questione o seu trabalho, seja cidad\u00e3o ou autoridade, e que utilize da visibilidade que o cargo p\u00fablico lhe d\u00e1 para ampliar a divis\u00e3o existente atualmente na sociedade brasileira, incitar o \u00f3dio, a agressividade, a desarmonia\u201d, destacou Vidigal.<\/p>\n<p>O procedimento contra Weintraub foi aberto ap\u00f3s uma provoca\u00e7\u00e3o dos deputados Paulo Pimenta (PT-RS) e Gleisi Hoffmann (PT-PR).<\/p>\n<p>Em sua defesa, Weintraub classificou o processo como \u201caud\u00e1cia\u201d e justificou que exerceu seu direito de livre express\u00e3o. \u201cA aud\u00e1cia e a falta de vergonha dos subscritores da den\u00fancia. Aliados e membros da agremia\u00e7\u00e3o partid\u00e1ria mais envolvida em crimes na hist\u00f3ria brasileira\u201d, justificou.<\/p>\n<p>O ministro Abraham Weintraub foi procurado pela EXAME, por meio da assessoria de imprensa do MEC, mas o minist\u00e9rio n\u00e3o respondeu at\u00e9 a publica\u00e7\u00e3o da reportagem.<\/p>\n<div class=\"widget-news widget-box no-margin no-border\"><span class=\"widget-news-title content-box-title\">Veja tamb\u00e9m<\/span><\/p>\n<ul class=\"widget-news-list\">\n<li class=\"widget-news-item without-thumb with-border\">\n<div class=\"widget-news-info\"><a href=\"http:\/\/exame.abril.com.br\/brasil\">BRASIL<\/a><span class=\"widget-news-item-title\"><a href=\"https:\/\/exame.abril.com.br\/brasil\/weintraub-diz-que-aviao-presidencial-ja-transportou-drogas-maiores\/\">Weintraub diz que avi\u00e3o presidencial j\u00e1 transportou mais drogas<\/a><\/span><span class=\"widget-news-item-date\">27 jun 2019 &#8211; 08h06<\/span><\/div>\n<\/li>\n<li class=\"widget-news-item without-thumb with-border\">\n<div class=\"widget-news-info\"><a href=\"http:\/\/exame.abril.com.br\/brasil\">BRASIL<\/a><span class=\"widget-news-item-title\"><a href=\"https:\/\/exame.abril.com.br\/brasil\/comissao-de-etica-avalia-wanjgarten-decisao-sera-seguida\/\">Comiss\u00e3o de \u00c9tica avalia Wanjgarten \u2014 decis\u00e3o ser\u00e1 seguida?<\/a><\/span><span class=\"widget-news-item-date\">28 jan 2020 &#8211; 06h01<\/span><\/div>\n<\/li>\n<\/ul>\n<\/div>\n<p><b>Caso F\u00e1bio Wajngarten<\/b><\/p>\n<p>Na pr\u00f3xima reuni\u00e3o, marcada para o pr\u00f3ximo m\u00eas de fevereiro, a Comiss\u00e3o de \u00c9tica deve analisar o caso envolvendo o chefe da Secretaria Especial de Comunica\u00e7\u00e3o Social (Secom) da Presid\u00eancia da Rep\u00fablica, F\u00e1bio Wajngarten.<\/p>\n<p>De acordo com o jornal <em>Folha de S\u00e3o Paulo<\/em>, Wajngarten recebeu pagamentos de ve\u00edculos de comunica\u00e7\u00e3o que t\u00eam contratos de publicidade com a Secom por meio de uma empresa na qual \u00e9 s\u00f3cio majorit\u00e1rio.<\/p>\n<p>Quando o caso foi revelado, o presidente saiu em defesa do secret\u00e1rio: \u201cSe for ilegal, a gente v\u00ea l\u00e1 na frente. Mas, do que eu vi at\u00e9 agora, est\u00e1 tudo legal com o Fabio. Vai continuar.\u201d<\/p>\n<p><b>O colegiado<\/b><\/p>\n<p>A Comiss\u00e3o de \u00c9tica da Presid\u00eancia \u00e9 um \u00f3rg\u00e3o consultivo criado em 1999 e que serve para avaliar assuntos de \u00e9tica p\u00fablica envolvendo altos funcion\u00e1rios do governo, como ministros.<\/p>\n<p>Desde que foi criada na gest\u00e3o Fernando Henrique Cardoso, a Comiss\u00e3o aplicou penalidades a cinco ministros durante os governos de Dilma Rousseff e de Michel Temer.<\/p>\n<p>As puni\u00e7\u00f5es t\u00eam car\u00e1ter administrativo, mas dependendo da gravidade do caso \u00e9 poss\u00edvel sugerir a demiss\u00e3o do ministro ou do secret\u00e1rio de governo. O presidente da rep\u00fablica, no entanto, n\u00e3o \u00e9 obrigado a seguir as recomenda\u00e7\u00f5es do colegiado.<\/p>\n<p><br \/>\n<br \/><a href=\"https:\/\/exame.abril.com.br\/brasil\/comissao-de-etica-da-presidencia-adverte-abraham-weintraub\/\">Fonte do artigo <\/a><br \/>\nTags:<br \/>\n#politica #political #negocios #business #marketingdigital #empreendedorismo #marketing #emprendedores #empreender #sucesso #empresas #emprendimiento #emprendedor #empreendedor #emprender #dinheiro #dinero #empresario #vendas #liderazgo #motivacion #foco #motivacao #negocio #brasil<\/p>\n","protected":false},"excerpt":{"rendered":"<p>S\u00e3o Paulo &#8211; A Comiss\u00e3o de \u00c9tica da Presid\u00eancia da Rep\u00fablica fez uma advert\u00eancia ao ministro da Educa\u00e7\u00e3o, Abraham Weintraub, por n\u00e3o se comportar dentro dos &#8220;padr\u00f5es \u00e9ticos&#8221;. Em junho de 2019, Weintraub associou os ex-presidentes Luiz In\u00e1cio Lula da Silva e Dilma Rousseff \u00e0 apreens\u00e3o de 39 quilos de coca\u00edna em uma aeronave da [&hellip;]<\/p>\n","protected":false},"author":1,"featured_media":27979,"comment_status":"open","ping_status":"open","sticky":false,"template":"","format":"standard","meta":{"footnotes":""},"categories":[1],"tags":[],"class_list":["post-42461","post","type-post","status-publish","format-standard","has-post-thumbnail","hentry","category-curso-de-copy"],"_links":{"self":[{"href":"https:\/\/wiy.com.br\/noticias\/wp-json\/wp\/v2\/posts\/42461","targetHints":{"allow":["GET"]}}],"collection":[{"href":"https:\/\/wiy.com.br\/noticias\/wp-json\/wp\/v2\/posts"}],"about":[{"href":"https:\/\/wiy.com.br\/noticias\/wp-json\/wp\/v2\/types\/post"}],"author":[{"embeddable":true,"href":"https:\/\/wiy.com.br\/noticias\/wp-json\/wp\/v2\/users\/1"}],"replies":[{"embeddable":true,"href":"https:\/\/wiy.com.br\/noticias\/wp-json\/wp\/v2\/comments?post=42461"}],"version-history":[{"count":0,"href":"https:\/\/wiy.com.br\/noticias\/wp-json\/wp\/v2\/posts\/42461\/revisions"}],"wp:featuredmedia":[{"embeddable":true,"href":"https:\/\/wiy.com.br\/noticias\/wp-json\/wp\/v2\/media\/27979"}],"wp:attachment":[{"href":"https:\/\/wiy.com.br\/noticias\/wp-json\/wp\/v2\/media?parent=42461"}],"wp:term":[{"taxonomy":"category","embeddable":true,"href":"https:\/\/wiy.com.br\/noticias\/wp-json\/wp\/v2\/categories?post=42461"},{"taxonomy":"post_tag","embeddable":true,"href":"https:\/\/wiy.com.br\/noticias\/wp-json\/wp\/v2\/tags?post=42461"}],"curies":[{"name":"wp","href":"https:\/\/api.w.org\/{rel}","templated":true}]}}