{"id":42397,"date":"2023-02-26T15:29:54","date_gmt":"2023-02-26T18:29:54","guid":{"rendered":"https:\/\/wiy.com.br\/noticias\/agu-aguarda-novos-dados-para-recorrer-de-suspensao-do-sisu\/"},"modified":"2020-01-27T22:08:14","modified_gmt":"2020-01-28T00:08:14","slug":"agu-aguarda-novos-dados-para-recorrer-de-suspensao-do-sisu","status":"publish","type":"post","link":"https:\/\/wiy.com.br\/noticias\/agu-aguarda-novos-dados-para-recorrer-de-suspensao-do-sisu\/","title":{"rendered":"AGU aguarda novos dados para recorrer de suspens\u00e3o do Sisu"},"content":{"rendered":"<p> <br \/>\n<\/p>\n<p>Ap\u00f3s reuni\u00e3o com t\u00e9cnicos do <a href=\"https:\/\/exame.abril.com.br\/noticias-sobre\/mec\/\"><strong>Minist\u00e9rio da Educa\u00e7\u00e3o<\/strong> <\/a>e do Instituto Nacional de Estudos e Pesquisas Educacionais An\u00edsio Teixeira (Inep), a Advocacia-Geral da Uni\u00e3o (AGU) disse nesta segunda (27) que aguarda o recebimento de novos dados e notas t\u00e9cnicas antes de recorrer ao <a href=\"https:\/\/exame.abril.com.br\/noticias-sobre\/stj\/\"><strong>Superior Tribunal de Justi\u00e7a (STJ)<\/strong><\/a> da decis\u00e3o do Tribunal Regional Federal da 3\u00aa Regi\u00e3o (TRF3), que suspendeu a divulga\u00e7\u00e3o do resultado das inscri\u00e7\u00f5es no <strong><a href=\"https:\/\/exame.abril.com.br\/noticias-sobre\/sisu\/\">Sistema de Sele\u00e7\u00e3o Unificada (Sisu).<\/a><\/strong><\/p>\n<p>Na noite de domingo(26), a desembargadora Therezinha Cazerta, do TRF3, decidiu manter em vigor uma liminar concedida pela Justi\u00e7a Federal de S\u00e3o Paulo que impede a divulga\u00e7\u00e3o dos resultados nesta ter\u00e7a (28), como estava previsto.<\/p>\n<p>A magistrada manteve a suspens\u00e3o da divulga\u00e7\u00e3o sob alega\u00e7\u00e3o de que o governou ainda precisa dar um posicionamento &#8220;seguro e transparente&#8221; sobre a corre\u00e7\u00e3o do <a href=\"https:\/\/exame.abril.com.br\/noticias-sobre\/enem\/\"><strong>Enem<\/strong><\/a>. Cerca de 1,5 milh\u00f5es de estudantes de inscreveram no programa.<\/p>\n<p>Ao confirmar o recurso ao tribunal, a AGU disse, em nota, que qualquer nova medida &#8220;n\u00e3o alterar\u00e1 o resultado das notas dos candidatos e o eventual adiamento ou suspens\u00e3o de prazos do Sistema de Sele\u00e7\u00e3o Unificada (Sisu) causar\u00e1 preju\u00edzos incalcul\u00e1veis \u00e0s institui\u00e7\u00f5es de ensino e aos candidatos interessados em acessar a educa\u00e7\u00e3o superior por meio dos processos seletivos realizados pelo governo federal, bem como ao in\u00edcio do calend\u00e1rio universit\u00e1rio&#8221;.<\/p>\n<h3>Hist\u00f3rico<\/h3>\n<p>Na sexta-feira (25), <a href=\"https:\/\/exame.abril.com.br\/brasil\/enem-justica-federal-de-sp-determina-suspensao-dos-resultados-do-sisu\/\">a Justi\u00e7a Federal de S\u00e3o Paulo havia determinado a suspens\u00e3o<\/a> da divulga\u00e7\u00e3o dos resultados do Sisu at\u00e9 que o governo federal demonstre a corre\u00e7\u00e3o das provas apontadas com <a href=\"https:\/\/exame.abril.com.br\/brasil\/estudantes-relatam-erros-no-sisu-e-ministro-diz-que-nao-ha-problemas\/\">problemas por estudantes de todo o pa\u00eds<\/a>. O tribunal deu prazo de cinco dias para o cumprimento da decis\u00e3o, sob multa di\u00e1ria de R$ 10 mil.<\/p>\n<p>A decis\u00e3o foi motivada por pedido da Defensoria P\u00fablica da Uni\u00e3o (DPU). Na peti\u00e7\u00e3o, o \u00f3rg\u00e3o cobra que o Minist\u00e9rio da Educa\u00e7\u00e3o comprove com documentos a realiza\u00e7\u00e3o da revis\u00e3o dos testes prejudicados no Exame Nacional do Ensino M\u00e9dio (Enem). Al\u00e9m disso, reivindica a explica\u00e7\u00e3o sobre os par\u00e2metros utilizados nesse procedimento.<\/p>\n<p>O erro, argumentou a DPU, teria impactado n\u00e3o apenas os estudantes, mas o desempenho de todos os participantes, uma vez que notas de corte e a classifica\u00e7\u00e3o s\u00e3o atribu\u00eddas a partir das notas de todos os alunos que realizaram a prova. &#8220;Tendo em vista que as notas das provas que foram revisadas podem ter sofrido substancial altera\u00e7\u00e3o, \u00e9 certo que h\u00e1 a potencialidade de gerar algum impacto, ainda que de d\u00e9cimos, nos resultados finais de todos os candidatos, o suficiente para significar o acesso \u00e0 vaga&#8221;, destaca a peti\u00e7\u00e3o.<\/p>\n<p><br \/>\n<br \/><a href=\"https:\/\/exame.abril.com.br\/brasil\/agu-aguarda-novos-dados-para-recorrer-de-suspensao-do-sisu\/\">Fonte do artigo <\/a><br \/>\nTags:<br \/>\n#politica #political #negocios #business #marketingdigital #empreendedorismo #marketing #emprendedores #empreender #sucesso #empresas #emprendimiento #emprendedor #empreendedor #emprender #dinheiro #dinero #empresario #vendas #liderazgo #motivacion #foco #motivacao #negocio #brasil<\/p>\n","protected":false},"excerpt":{"rendered":"<p>Ap\u00f3s reuni\u00e3o com t\u00e9cnicos do Minist\u00e9rio da Educa\u00e7\u00e3o e do Instituto Nacional de Estudos e Pesquisas Educacionais An\u00edsio Teixeira (Inep), a Advocacia-Geral da Uni\u00e3o (AGU) disse nesta segunda (27) que aguarda o recebimento de novos dados e notas t\u00e9cnicas antes de recorrer ao Superior Tribunal de Justi\u00e7a (STJ) da decis\u00e3o do Tribunal Regional Federal da [&hellip;]<\/p>\n","protected":false},"author":1,"featured_media":36806,"comment_status":"open","ping_status":"open","sticky":false,"template":"","format":"standard","meta":{"footnotes":""},"categories":[1],"tags":[],"class_list":["post-42397","post","type-post","status-publish","format-standard","has-post-thumbnail","hentry","category-curso-de-copy"],"_links":{"self":[{"href":"https:\/\/wiy.com.br\/noticias\/wp-json\/wp\/v2\/posts\/42397","targetHints":{"allow":["GET"]}}],"collection":[{"href":"https:\/\/wiy.com.br\/noticias\/wp-json\/wp\/v2\/posts"}],"about":[{"href":"https:\/\/wiy.com.br\/noticias\/wp-json\/wp\/v2\/types\/post"}],"author":[{"embeddable":true,"href":"https:\/\/wiy.com.br\/noticias\/wp-json\/wp\/v2\/users\/1"}],"replies":[{"embeddable":true,"href":"https:\/\/wiy.com.br\/noticias\/wp-json\/wp\/v2\/comments?post=42397"}],"version-history":[{"count":0,"href":"https:\/\/wiy.com.br\/noticias\/wp-json\/wp\/v2\/posts\/42397\/revisions"}],"wp:featuredmedia":[{"embeddable":true,"href":"https:\/\/wiy.com.br\/noticias\/wp-json\/wp\/v2\/media\/36806"}],"wp:attachment":[{"href":"https:\/\/wiy.com.br\/noticias\/wp-json\/wp\/v2\/media?parent=42397"}],"wp:term":[{"taxonomy":"category","embeddable":true,"href":"https:\/\/wiy.com.br\/noticias\/wp-json\/wp\/v2\/categories?post=42397"},{"taxonomy":"post_tag","embeddable":true,"href":"https:\/\/wiy.com.br\/noticias\/wp-json\/wp\/v2\/tags?post=42397"}],"curies":[{"name":"wp","href":"https:\/\/api.w.org\/{rel}","templated":true}]}}