{"id":42331,"date":"2023-02-26T15:07:36","date_gmt":"2023-02-26T18:07:36","guid":{"rendered":"https:\/\/wiy.com.br\/noticias\/placa-de-carro-modelo-mercosul-passa-a-valer-em-janeiro\/"},"modified":"2020-01-26T11:45:15","modified_gmt":"2020-01-26T13:45:15","slug":"placa-de-carro-modelo-mercosul-passa-a-valer-em-janeiro","status":"publish","type":"post","link":"https:\/\/wiy.com.br\/noticias\/placa-de-carro-modelo-mercosul-passa-a-valer-em-janeiro\/","title":{"rendered":"Placa de carro modelo Mercosul passa a valer em janeiro"},"content":{"rendered":"<p> <br \/>\n<\/p>\n<p>A partir do dia 31 de janeiro, come\u00e7a a valer para os Detrans estaduais, inclusive o de S\u00e3o Paulo, o novo modelo de Placas de Identifica\u00e7\u00e3o Veicular no padr\u00e3o Mercosul.<\/p>\n<p>A nova placa ser\u00e1 obrigat\u00f3ria apenas nos casos de primeiro emplacamento de ve\u00edculos novos, quando houver transfer\u00eancia do ve\u00edculo para outro munic\u00edpio ou ainda se a placa precisar ser substitu\u00edda em raz\u00e3o de danos ou furto.<\/p>\n<p>A nova placa traz\u00a0 itens de seguran\u00e7a, como o QR Code, que possibilita a rastreabilidade, dificultando a sua clonagem e falsifica\u00e7\u00e3o.<\/p>\n<p>Onze estados j\u00e1 aderiram formalmente e est\u00e3o testando o novo sistema do Serpro. Al\u00e9m do Brasil, tamb\u00e9m Argentina, Paraguai e Uruguai adotaram o novo padr\u00e3o.<\/p>\n<p><br \/>\n<br \/><a href=\"https:\/\/vejasp.abril.com.br\/cidades\/placa-de-carro-modelo-mercosul-passa-a-valer-em-janeiro\/\">Fonte do Artigo <\/a><br \/>\nTags:<br \/>\n#loterias #loteriascaixa #megasena #resultadoapostas#noticias #noticiario  #noticia #brasil #noticiascolombia #mundo #esporte #colombia #noticiadeld #ltimasnoticias  #noticiario #noticiasregionales #noticiasdepartamentales #noticiashoy #esportes #noticiaahora #elinformantenoticias #noticiasdeboyac  #esporteinterativo #esportivo #diariodosesportes  #noticiero  #jogodefutebol #jogos #loto #apostas<\/p>\n","protected":false},"excerpt":{"rendered":"<p>A partir do dia 31 de janeiro, come\u00e7a a valer para os Detrans estaduais, inclusive o de S\u00e3o Paulo, o novo modelo de Placas de Identifica\u00e7\u00e3o Veicular no padr\u00e3o Mercosul. A nova placa ser\u00e1 obrigat\u00f3ria apenas nos casos de primeiro emplacamento de ve\u00edculos novos, quando houver transfer\u00eancia do ve\u00edculo para outro munic\u00edpio ou ainda se [&hellip;]<\/p>\n","protected":false},"author":1,"featured_media":42332,"comment_status":"open","ping_status":"open","sticky":false,"template":"","format":"standard","meta":{"footnotes":""},"categories":[1],"tags":[],"class_list":["post-42331","post","type-post","status-publish","format-standard","has-post-thumbnail","hentry","category-curso-de-copy"],"_links":{"self":[{"href":"https:\/\/wiy.com.br\/noticias\/wp-json\/wp\/v2\/posts\/42331","targetHints":{"allow":["GET"]}}],"collection":[{"href":"https:\/\/wiy.com.br\/noticias\/wp-json\/wp\/v2\/posts"}],"about":[{"href":"https:\/\/wiy.com.br\/noticias\/wp-json\/wp\/v2\/types\/post"}],"author":[{"embeddable":true,"href":"https:\/\/wiy.com.br\/noticias\/wp-json\/wp\/v2\/users\/1"}],"replies":[{"embeddable":true,"href":"https:\/\/wiy.com.br\/noticias\/wp-json\/wp\/v2\/comments?post=42331"}],"version-history":[{"count":0,"href":"https:\/\/wiy.com.br\/noticias\/wp-json\/wp\/v2\/posts\/42331\/revisions"}],"wp:featuredmedia":[{"embeddable":true,"href":"https:\/\/wiy.com.br\/noticias\/wp-json\/wp\/v2\/media\/42332"}],"wp:attachment":[{"href":"https:\/\/wiy.com.br\/noticias\/wp-json\/wp\/v2\/media?parent=42331"}],"wp:term":[{"taxonomy":"category","embeddable":true,"href":"https:\/\/wiy.com.br\/noticias\/wp-json\/wp\/v2\/categories?post=42331"},{"taxonomy":"post_tag","embeddable":true,"href":"https:\/\/wiy.com.br\/noticias\/wp-json\/wp\/v2\/tags?post=42331"}],"curies":[{"name":"wp","href":"https:\/\/api.w.org\/{rel}","templated":true}]}}