{"id":42314,"date":"2023-02-26T15:38:50","date_gmt":"2023-02-26T18:38:50","guid":{"rendered":"https:\/\/wiy.com.br\/noticias\/enem-justica-federal-de-sp-determina-suspensao-dos-resultados-do-sisu\/"},"modified":"2020-01-25T16:15:21","modified_gmt":"2020-01-25T18:15:21","slug":"enem-justica-federal-de-sp-determina-suspensao-dos-resultados-do-sisu","status":"publish","type":"post","link":"https:\/\/wiy.com.br\/noticias\/enem-justica-federal-de-sp-determina-suspensao-dos-resultados-do-sisu\/","title":{"rendered":"Enem: Justi\u00e7a Federal de SP determina suspens\u00e3o dos resultados do Sisu"},"content":{"rendered":"<p> <br \/>\n<\/p>\n<p>A Justi\u00e7a Federal de S\u00e3o Paulo determinou a suspens\u00e3o da divulga\u00e7\u00e3o dos resultados do <strong><a href=\"https:\/\/exame.abril.com.br\/noticias-sobre\/sisu\/\">Sistema Integrado de Sele\u00e7\u00e3o Unificada (Sisu)<\/a><\/strong> at\u00e9 que o governo federal demonstre a corre\u00e7\u00e3o das provas apontadas com problemas por estudantes de todo o pa\u00eds. O tribunal deu prazo de cinco dias para o cumprimento da decis\u00e3o, sob multa di\u00e1ria de R$ 10 mil.<\/p>\n<p>A decis\u00e3o foi motivada por pedido da Defensoria P\u00fablica da Uni\u00e3o. Na peti\u00e7\u00e3o, o \u00f3rg\u00e3o cobra que o Minist\u00e9rio da Educa\u00e7\u00e3o comprove com documentos a realiza\u00e7\u00e3o da revis\u00e3o dos testes prejudicados no <strong><a href=\"https:\/\/exame.abril.com.br\/noticias-sobre\/enem\/\">Exame Nacional do Ensino M\u00e9dio (Enem)<\/a><\/strong>. Al\u00e9m disso, reivindica a explica\u00e7\u00e3o sobre os par\u00e2metros utilizados nesse procedimento.<\/p>\n<div class=\"widget-news widget-box no-margin no-border\"><span class=\"widget-news-title content-box-title\">Veja tamb\u00e9m<\/span><\/p>\n<ul class=\"widget-news-list\">\n<li class=\"widget-news-item without-thumb with-border\">\n<div class=\"widget-news-info\"><a href=\"http:\/\/exame.abril.com.br\/brasil\">BRASIL<\/a><span class=\"widget-news-item-title\"><a href=\"https:\/\/exame.abril.com.br\/brasil\/apos-problemas-no-enem-sisu-ficara-aberto-por-mais-2-dias\/\">Ap\u00f3s 6 mil erros no Enem, inscri\u00e7\u00e3o no Sisu \u00e9 prorrogada at\u00e9 domingo<\/a><\/span><span class=\"widget-news-item-date\">20 jan 2020 &#8211; 19h01<\/span><\/div>\n<\/li>\n<\/ul>\n<\/div>\n<p>O erro, argumentou a DPU, teria impactado n\u00e3o apenas esses estudantes, mas o desempenho de todos os participantes, uma vez que notas de corte e a classifica\u00e7\u00e3o s\u00e3o atribu\u00eddas a partir das notas de todos os alunos que realizaram a prova.<\/p>\n<p>&#8220;Tendo em vista que as notas das provas que foram revisadas podem ter sofrido substancial altera\u00e7\u00e3o, \u00e9 certo que h\u00e1 a potencialidade de gerar algum impacto, ainda que de d\u00e9cimos, nos resultados finais de todos os candidatos, o suficiente para significar o acesso \u00e0 vaga&#8221;, diz a peti\u00e7\u00e3o.<\/p>\n<p>Em entrevista coletiva, o Minist\u00e9rio da Educa\u00e7\u00e3o reconheceu que houve erros na atribui\u00e7\u00e3o de notas para cerca de seis mil alunos. Segundo a pasta, a falha teria ocorrido na impress\u00e3o das provas aplicadas em algumas cidades, sendo responsabilidade de uma gr\u00e1fica. O MEC acrescentou que corrigiu o problema e n\u00e3o haveria preju\u00edzo para os estudantes.<\/p>\n<h3>Decis\u00e3o<\/h3>\n<p>Na sua decis\u00e3o, a 8\u00aa Vara C\u00edvel de S\u00e3o Paulo avaliou que o pleito da defensoria foi leg\u00edtimo, em raz\u00e3o do &#8220;princ\u00edpio da transpar\u00eancia que rege toda a administra\u00e7\u00e3o p\u00fablica, aliado ao dever de prestar informa\u00e7\u00f5es, bem como a isonomia de tratamento de todos os participantes do Enem&#8221;.<\/p>\n<p>&#8220;O pedido de suspens\u00e3o do processo de sele\u00e7\u00e3o do Sisu, no caso, ap\u00f3s o t\u00e9rmino do prazo de inscri\u00e7\u00e3o fixado pelo MEC, revela-se plaus\u00edvel, considerando que a partir desse momento, os potenciais danos aos estudantes prejudicados pela falha do Inep s\u00e3o concretos, pois seriam levados em considera\u00e7\u00e3o no processo de sele\u00e7\u00e3o, notas do Enem inid\u00f4neas.&#8221;<\/p>\n<p>A 8\u00aa Vara, contudo, n\u00e3o acolheu o pleito de manter o sistema de inscri\u00e7\u00f5es aberto. O \u00f3rg\u00e3o considerou a demanda uma interfer\u00eancia indevida do Poder Judici\u00e1rio no processo e que poderia prejudicar os demais estudantes n\u00e3o prejudicados.<\/p>\n<p>A Ag\u00eancia Brasil entrou em contato com o Minist\u00e9rio da Educa\u00e7\u00e3o e aguarda resposta.<\/p>\n<h3>Erros<\/h3>\n<p>Ontem, surgiram nas redes sociais novas den\u00fancias de problemas, como a inscri\u00e7\u00e3o duplicada, a apari\u00e7\u00e3o de notas zeradas e a altera\u00e7\u00e3o das notas de corte. Alunos expuseram comportamentos que consideraram estranhos do site do SISU. O ministro da Educa\u00e7\u00e3o, Abraham Weintraub, publicou v\u00eddeo respondendo \u00e0s reclama\u00e7\u00f5es e afirmando que n\u00e3o havia problema.<\/p>\n<p><br \/>\n<br \/><a href=\"https:\/\/exame.abril.com.br\/brasil\/enem-justica-federal-de-sp-determina-suspensao-dos-resultados-do-sisu\/\">Fonte do artigo <\/a><br \/>\nTags:<br \/>\n#politica #political #negocios #business #marketingdigital #empreendedorismo #marketing #emprendedores #empreender #sucesso #empresas #emprendimiento #emprendedor #empreendedor #emprender #dinheiro #dinero #empresario #vendas #liderazgo #motivacion #foco #motivacao #negocio #brasil<\/p>\n","protected":false},"excerpt":{"rendered":"<p>A Justi\u00e7a Federal de S\u00e3o Paulo determinou a suspens\u00e3o da divulga\u00e7\u00e3o dos resultados do Sistema Integrado de Sele\u00e7\u00e3o Unificada (Sisu) at\u00e9 que o governo federal demonstre a corre\u00e7\u00e3o das provas apontadas com problemas por estudantes de todo o pa\u00eds. O tribunal deu prazo de cinco dias para o cumprimento da decis\u00e3o, sob multa di\u00e1ria de [&hellip;]<\/p>\n","protected":false},"author":1,"featured_media":36806,"comment_status":"open","ping_status":"open","sticky":false,"template":"","format":"standard","meta":{"footnotes":""},"categories":[1],"tags":[],"class_list":["post-42314","post","type-post","status-publish","format-standard","has-post-thumbnail","hentry","category-curso-de-copy"],"_links":{"self":[{"href":"https:\/\/wiy.com.br\/noticias\/wp-json\/wp\/v2\/posts\/42314","targetHints":{"allow":["GET"]}}],"collection":[{"href":"https:\/\/wiy.com.br\/noticias\/wp-json\/wp\/v2\/posts"}],"about":[{"href":"https:\/\/wiy.com.br\/noticias\/wp-json\/wp\/v2\/types\/post"}],"author":[{"embeddable":true,"href":"https:\/\/wiy.com.br\/noticias\/wp-json\/wp\/v2\/users\/1"}],"replies":[{"embeddable":true,"href":"https:\/\/wiy.com.br\/noticias\/wp-json\/wp\/v2\/comments?post=42314"}],"version-history":[{"count":0,"href":"https:\/\/wiy.com.br\/noticias\/wp-json\/wp\/v2\/posts\/42314\/revisions"}],"wp:featuredmedia":[{"embeddable":true,"href":"https:\/\/wiy.com.br\/noticias\/wp-json\/wp\/v2\/media\/36806"}],"wp:attachment":[{"href":"https:\/\/wiy.com.br\/noticias\/wp-json\/wp\/v2\/media?parent=42314"}],"wp:term":[{"taxonomy":"category","embeddable":true,"href":"https:\/\/wiy.com.br\/noticias\/wp-json\/wp\/v2\/categories?post=42314"},{"taxonomy":"post_tag","embeddable":true,"href":"https:\/\/wiy.com.br\/noticias\/wp-json\/wp\/v2\/tags?post=42314"}],"curies":[{"name":"wp","href":"https:\/\/api.w.org\/{rel}","templated":true}]}}