{"id":42273,"date":"2023-02-26T15:12:29","date_gmt":"2023-02-26T18:12:29","guid":{"rendered":"https:\/\/wiy.com.br\/noticias\/aras-entra-com-primeira-acao-contraria-a-medida-do-governo-bolsonaro\/"},"modified":"2020-01-24T22:58:09","modified_gmt":"2020-01-25T00:58:09","slug":"aras-entra-com-primeira-acao-contraria-a-medida-do-governo-bolsonaro","status":"publish","type":"post","link":"https:\/\/wiy.com.br\/noticias\/aras-entra-com-primeira-acao-contraria-a-medida-do-governo-bolsonaro\/","title":{"rendered":"Aras entra com primeira a\u00e7\u00e3o contr\u00e1ria a medida do governo Bolsonaro"},"content":{"rendered":"<p> <br \/>\n<\/p>\n<p>Bras\u00edlia &#8211; O procurador-geral da Rep\u00fablica, <a href=\"https:\/\/exame.abril.com.br\/noticias-sobre\/augusto-aras\/\"><strong>Augusto Aras<\/strong><\/a><strong>,<\/strong> apresentou ao Supremo Tribunal Federal (STF) sua primeira a\u00e7\u00e3o direta de inconstitucionalidade (ADI) contra uma medida do presidente<strong><a href=\"https:\/\/exame.abril.com.br\/noticias-sobre\/jair-bolsonaro\"> Jair Bolsonaro<\/a><\/strong>, respons\u00e1vel por sua indica\u00e7\u00e3o ao cargo. A a\u00e7\u00e3o questiona dois trechos de uma medida provis\u00f3ria de 11 de novembro que alterou a legisla\u00e7\u00e3o trabalhista e estabeleceu limites para o Minist\u00e9rio P\u00fablico do Trabalho assinar Termos de Ajustamento de Conduta.<\/p>\n<p>Na a\u00e7\u00e3o, Aras afirma que a iniciativa de criar regras sobre a atua\u00e7\u00e3o do MPT \u00e9 prerrogativa exclusiva do procurador-geral, por isso n\u00e3o poderia ser feita em uma medida provis\u00f3ria de Bolsonaro. &#8220;As atribui\u00e7\u00f5es dos ramos do MPU s\u00e3o mat\u00e9ria cuja iniciativa legislativa pertence, exclusivamente, ao Procurador-Geral da Rep\u00fablica&#8221;, escreveu na a\u00e7\u00e3o.<\/p>\n<p>Um dos artigos da medida provis\u00f3ria vinculado o ressarcimento de a\u00e7\u00f5es de danos morais coletivos exclusivamente ao Programa de Habilita\u00e7\u00e3o e Reabilita\u00e7\u00e3o F\u00edsica e Profissional, Preven\u00e7\u00e3o e Redu\u00e7\u00e3o de Acidentes de Trabalho. O outro artigo estabelece limita\u00e7\u00f5es como um prazo m\u00e1ximo de dois anos para termos de ajustamento de conduta trabalhista e que uma empresa n\u00e3o poder\u00e1 assinar dois acordos com base na mesma infra\u00e7\u00e3o \u00e0 legisla\u00e7\u00e3o trabalhista.<\/p>\n<p>Ambos foram considerados inconstitucionais para Aras. &#8220;Os arts. 21 e 28 da MPv 905\/2019 (na parte que altera o art. 627-A da CLT) restringem o campo de atua\u00e7\u00e3o do Minist\u00e9rio P\u00fablico do Trabalho no espa\u00e7o de negocia\u00e7\u00e3o, de repara\u00e7\u00e3o e de defini\u00e7\u00e3o de formas de composi\u00e7\u00e3o na a\u00e7\u00e3o civil p\u00fablica e nos inqu\u00e9ritos civis em mat\u00e9ria trabalhista, pelo que v\u00e3o de encontro \u00e0 autonomia e \u00e0 independ\u00eancia do Minist\u00e9rio P\u00fablico&#8221;, afirmou, apontando a inconstitucionalidade da medida.<\/p>\n<p>Na a\u00e7\u00e3o, ele pede que o STF declare os dois artigos como inconstitucionais. O processo foi distribu\u00eddo para a relatoria do ministro Edson Fachin.<\/p>\n<p><br \/>\n<br \/><a href=\"https:\/\/exame.abril.com.br\/brasil\/aras-entra-com-primeira-acao-contraria-a-medida-do-governo-bolsonaro\/\">Fonte do artigo <\/a><br \/>\nTags:<br \/>\n#politica #political #negocios #business #marketingdigital #empreendedorismo #marketing #emprendedores #empreender #sucesso #empresas #emprendimiento #emprendedor #empreendedor #emprender #dinheiro #dinero #empresario #vendas #liderazgo #motivacion #foco #motivacao #negocio #brasil<\/p>\n","protected":false},"excerpt":{"rendered":"<p>Bras\u00edlia &#8211; O procurador-geral da Rep\u00fablica, Augusto Aras, apresentou ao Supremo Tribunal Federal (STF) sua primeira a\u00e7\u00e3o direta de inconstitucionalidade (ADI) contra uma medida do presidente Jair Bolsonaro, respons\u00e1vel por sua indica\u00e7\u00e3o ao cargo. A a\u00e7\u00e3o questiona dois trechos de uma medida provis\u00f3ria de 11 de novembro que alterou a legisla\u00e7\u00e3o trabalhista e estabeleceu limites [&hellip;]<\/p>\n","protected":false},"author":1,"featured_media":36504,"comment_status":"open","ping_status":"open","sticky":false,"template":"","format":"standard","meta":{"footnotes":""},"categories":[1],"tags":[],"class_list":["post-42273","post","type-post","status-publish","format-standard","has-post-thumbnail","hentry","category-curso-de-copy"],"_links":{"self":[{"href":"https:\/\/wiy.com.br\/noticias\/wp-json\/wp\/v2\/posts\/42273","targetHints":{"allow":["GET"]}}],"collection":[{"href":"https:\/\/wiy.com.br\/noticias\/wp-json\/wp\/v2\/posts"}],"about":[{"href":"https:\/\/wiy.com.br\/noticias\/wp-json\/wp\/v2\/types\/post"}],"author":[{"embeddable":true,"href":"https:\/\/wiy.com.br\/noticias\/wp-json\/wp\/v2\/users\/1"}],"replies":[{"embeddable":true,"href":"https:\/\/wiy.com.br\/noticias\/wp-json\/wp\/v2\/comments?post=42273"}],"version-history":[{"count":0,"href":"https:\/\/wiy.com.br\/noticias\/wp-json\/wp\/v2\/posts\/42273\/revisions"}],"wp:featuredmedia":[{"embeddable":true,"href":"https:\/\/wiy.com.br\/noticias\/wp-json\/wp\/v2\/media\/36504"}],"wp:attachment":[{"href":"https:\/\/wiy.com.br\/noticias\/wp-json\/wp\/v2\/media?parent=42273"}],"wp:term":[{"taxonomy":"category","embeddable":true,"href":"https:\/\/wiy.com.br\/noticias\/wp-json\/wp\/v2\/categories?post=42273"},{"taxonomy":"post_tag","embeddable":true,"href":"https:\/\/wiy.com.br\/noticias\/wp-json\/wp\/v2\/tags?post=42273"}],"curies":[{"name":"wp","href":"https:\/\/api.w.org\/{rel}","templated":true}]}}