{"id":4221,"date":"2023-02-26T15:33:02","date_gmt":"2023-02-26T18:33:02","guid":{"rendered":"https:\/\/wiy.com.br\/noticias\/onyx-critica-liberacao-de-fgts-em-brumadinho-e-diz-que-responsabilidade-e-da-vale\/"},"modified":"2019-02-11T11:49:33","modified_gmt":"2019-02-11T13:49:33","slug":"onyx-critica-liberacao-de-fgts-em-brumadinho-e-diz-que-responsabilidade-e-da-vale","status":"publish","type":"post","link":"https:\/\/wiy.com.br\/noticias\/onyx-critica-liberacao-de-fgts-em-brumadinho-e-diz-que-responsabilidade-e-da-vale\/","title":{"rendered":"Onyx critica libera\u00e7\u00e3o de FGTS em Brumadinho e diz que responsabilidade \u00e9 da Vale"},"content":{"rendered":"<p> <br \/>\n<br \/>BRAS\u00cdLIA &#8211; O ministro da Casa Civil, Onyx Lorenzoni, disse nesta segunda-feira n\u00e3o achar justo que as v\u00edtimas do rompimento da barragem da Vale em Brumadinho (MG) usem os recursos do FGTS para arcar com os preju\u00edzos. Segundo ele, \u00e9 uma poupan\u00e7a&#8230;<br \/>\n<br \/><br \/>\n<br \/><a href=\"https:\/\/oglobo.globo.com\/brasil\/onyx-critica-liberacao-de-fgts-em-brumadinho-diz-que-responsabilidade-da-vale-23444049\">Source link <\/a><\/p>\n","protected":false},"excerpt":{"rendered":"<p>BRAS\u00cdLIA &#8211; O ministro da Casa Civil, Onyx Lorenzoni, disse nesta segunda-feira n\u00e3o achar justo que as v\u00edtimas do rompimento da barragem da Vale em Brumadinho (MG) usem os recursos do FGTS para arcar com os preju\u00edzos. Segundo ele, \u00e9 uma poupan\u00e7a&#8230; Source link<\/p>\n","protected":false},"author":1,"featured_media":0,"comment_status":"open","ping_status":"open","sticky":false,"template":"","format":"standard","meta":{"footnotes":""},"categories":[337],"tags":[],"class_list":["post-4221","post","type-post","status-publish","format-standard","hentry","category-noticias"],"_links":{"self":[{"href":"https:\/\/wiy.com.br\/noticias\/wp-json\/wp\/v2\/posts\/4221","targetHints":{"allow":["GET"]}}],"collection":[{"href":"https:\/\/wiy.com.br\/noticias\/wp-json\/wp\/v2\/posts"}],"about":[{"href":"https:\/\/wiy.com.br\/noticias\/wp-json\/wp\/v2\/types\/post"}],"author":[{"embeddable":true,"href":"https:\/\/wiy.com.br\/noticias\/wp-json\/wp\/v2\/users\/1"}],"replies":[{"embeddable":true,"href":"https:\/\/wiy.com.br\/noticias\/wp-json\/wp\/v2\/comments?post=4221"}],"version-history":[{"count":0,"href":"https:\/\/wiy.com.br\/noticias\/wp-json\/wp\/v2\/posts\/4221\/revisions"}],"wp:attachment":[{"href":"https:\/\/wiy.com.br\/noticias\/wp-json\/wp\/v2\/media?parent=4221"}],"wp:term":[{"taxonomy":"category","embeddable":true,"href":"https:\/\/wiy.com.br\/noticias\/wp-json\/wp\/v2\/categories?post=4221"},{"taxonomy":"post_tag","embeddable":true,"href":"https:\/\/wiy.com.br\/noticias\/wp-json\/wp\/v2\/tags?post=4221"}],"curies":[{"name":"wp","href":"https:\/\/api.w.org\/{rel}","templated":true}]}}