{"id":41923,"date":"2023-02-26T15:28:08","date_gmt":"2023-02-26T18:28:08","guid":{"rendered":"https:\/\/wiy.com.br\/noticias\/apos-6-mil-erros-no-enem-inscricao-no-sisu-e-prorrogada-ate-domingo\/"},"modified":"2020-01-20T21:20:11","modified_gmt":"2020-01-20T23:20:11","slug":"apos-6-mil-erros-no-enem-inscricao-no-sisu-e-prorrogada-ate-domingo","status":"publish","type":"post","link":"https:\/\/wiy.com.br\/noticias\/apos-6-mil-erros-no-enem-inscricao-no-sisu-e-prorrogada-ate-domingo\/","title":{"rendered":"Ap\u00f3s 6 mil erros no Enem, inscri\u00e7\u00e3o no Sisu \u00e9 prorrogada at\u00e9 domingo"},"content":{"rendered":"<p> <br \/>\n<\/p>\n<p>S\u00e3o Paulo \u2014 O Sistema de Sele\u00e7\u00e3o Unificada (<a href=\"https:\/\/exame.abril.com.br\/noticias-sobre\/sisu\/\"><strong>Sisu<\/strong><\/a>) estar\u00e1 aberto de ter\u00e7a-feira (21) at\u00e9 domingo, ou seja, por mais dois dias, por causa das falhas ocorridas na corre\u00e7\u00e3o de algumas provas do Exame Nacional do Ensino M\u00e9dio (Enem). O an\u00fancio foi feito pelo ministro da Educa\u00e7\u00e3o, Abraham Weintraub, nesta segunda-feira (20) pela rede social Twitter.<\/p>\n<p>O ministro afirmou que as inconsist\u00eancias ocorreram em cerca de 6 mil provas dentro das mais de 5 milh\u00f5es de inscri\u00e7\u00f5es feitas para a prova. Segundo o ministro, os problemas foram concentrados em quatro cidades: Alagoinhas, na Bahia, e Ituiutaba, Iturama e Vi\u00e7osa, em Minas Gerais, no segundo dia de exame.<\/p>\n<p>&#8220;O problema basicamente foi na hora da impress\u00e3o, que a m\u00e1quina pulou. Ent\u00e3o foi um problema com a impress\u00e3o da prova. N\u00e3o foi na hora de contabilizar. A pessoa praticamente tem uma nota inteira da segunda prova negativada,&#8221; disse <a href=\"https:\/\/exame.abril.com.br\/noticias-sobre\/abraham-weintraub\/\"><strong>Weintraub<\/strong><\/a>.<\/p>\n<p>O ministro pediu desculpas pelo ocorrido e garantiu que as inscri\u00e7\u00f5es para o Sisu ocorrer\u00e3o sem problemas. Ap\u00f3s o fim do exame, em novembro, o ministro disse que aquela edi\u00e7\u00e3o do Enem foi &#8220;a melhor edi\u00e7\u00e3o da hist\u00f3ria&#8221;. Desde o in\u00edcio do governo Bolsonaro, o Inep j\u00e1 teve 4 presidentes.<\/p>\n<div class=\"embed-twitter\">\n<blockquote class=\"twitter-tweet\" data-width=\"500\" data-dnt=\"true\">\n<p lang=\"pt\" dir=\"ltr\">Aos participantes do Enem 2019. O <a href=\"https:\/\/twitter.com\/inep_oficial?ref_src=twsrc%5Etfw\">@inep_oficial<\/a> avaliou todas as notas, e cerca de 6000 apresentaram inconsist\u00eancias. Ningu\u00e9m ser\u00e1 prejudicado! O Sisu abrir\u00e1 amanh\u00e3 e ter\u00e1 mais dois dias al\u00e9m do previsto, ou seja, vai at\u00e9 domingo (26). Novamente, pedimos desculpas pelo susto. <a href=\"https:\/\/t.co\/ckAGaQonXI\">pic.twitter.com\/ckAGaQonXI<\/a><\/p>\n<p>&mdash; Inep (@inep_oficial) <a href=\"https:\/\/twitter.com\/inep_oficial\/status\/1219354125466505218?ref_src=twsrc%5Etfw\">January 20, 2020<\/a><\/p>\n<\/blockquote>\n<\/div>\n<h3>Corre\u00e7\u00e3o<\/h3>\n<p>Os estudantes que querem revis\u00e3o em suas notas do Exame Nacional do Ensino M\u00e9dio (Enem) tiveram at\u00e9 as 10h de hoje (20) para enviar a solicita\u00e7\u00e3o ao Instituto Nacional de Estudos e Pesquisas Educacionais An\u00edsio Teixeira (Inep).<\/p>\n<p>Em comunicado no Twitter, o Inep explicou que as corre\u00e7\u00f5es s\u00f3 seriam poss\u00edveis at\u00e9 as 10h para que a equipe t\u00e9cnica do instituto tivesse &#8220;tempo h\u00e1bil de fazer toda a confer\u00eancia necess\u00e1ria at\u00e9 o fim do dia, quando os resultados finais ser\u00e3o divulgados&#8221;.<\/p>\n<p>No s\u00e1bado (18), a autarquia do Minist\u00e9rio da Educa\u00e7\u00e3o, respons\u00e1vel pela aplica\u00e7\u00e3o do Enem, informou que foram encontrados quatro casos de inconsist\u00eancias na corre\u00e7\u00e3o da segunda prova do exame. Os resultados do Enem 2019 foram divulgados na sexta-feira (17).<\/p>\n<p>A equipe t\u00e9cnica do instituto identificou que se tratava de inconsist\u00eancia na transmiss\u00e3o de dados que a gr\u00e1fica envia ao Inep para processamento das notas e que era restrita a um grupo de participantes. A ocorr\u00eancia gera contradi\u00e7\u00f5es na associa\u00e7\u00e3o entre o participante e a cor de sua prova, o que causa impacto na m\u00e9dia de profici\u00eancia.<\/p>\n<p>Ainda na noite dessa segunda-feira o Inep far\u00e1 uma coletiva de imprensa onde deve divulgar o resultado das corre\u00e7\u00f5es.<\/p>\n<p><script async src=\"http:\/\/platform.twitter.com\/widgets.js\" charset=\"utf-8\"><\/script><br \/>\n<br \/><br \/>\n<br \/><a href=\"https:\/\/exame.abril.com.br\/brasil\/apos-problemas-no-enem-sisu-ficara-aberto-por-mais-2-dias\/\">Fonte do artigo <\/a><br \/>\nTags:<br \/>\n#politica #political #negocios #business #marketingdigital #empreendedorismo #marketing #emprendedores #empreender #sucesso #empresas #emprendimiento #emprendedor #empreendedor #emprender #dinheiro #dinero #empresario #vendas #liderazgo #motivacion #foco #motivacao #negocio #brasil<\/p>\n","protected":false},"excerpt":{"rendered":"<p>S\u00e3o Paulo \u2014 O Sistema de Sele\u00e7\u00e3o Unificada (Sisu) estar\u00e1 aberto de ter\u00e7a-feira (21) at\u00e9 domingo, ou seja, por mais dois dias, por causa das falhas ocorridas na corre\u00e7\u00e3o de algumas provas do Exame Nacional do Ensino M\u00e9dio (Enem). O an\u00fancio foi feito pelo ministro da Educa\u00e7\u00e3o, Abraham Weintraub, nesta segunda-feira (20) pela rede social [&hellip;]<\/p>\n","protected":false},"author":1,"featured_media":0,"comment_status":"open","ping_status":"open","sticky":false,"template":"","format":"standard","meta":{"footnotes":""},"categories":[1],"tags":[],"class_list":["post-41923","post","type-post","status-publish","format-standard","hentry","category-curso-de-copy"],"_links":{"self":[{"href":"https:\/\/wiy.com.br\/noticias\/wp-json\/wp\/v2\/posts\/41923","targetHints":{"allow":["GET"]}}],"collection":[{"href":"https:\/\/wiy.com.br\/noticias\/wp-json\/wp\/v2\/posts"}],"about":[{"href":"https:\/\/wiy.com.br\/noticias\/wp-json\/wp\/v2\/types\/post"}],"author":[{"embeddable":true,"href":"https:\/\/wiy.com.br\/noticias\/wp-json\/wp\/v2\/users\/1"}],"replies":[{"embeddable":true,"href":"https:\/\/wiy.com.br\/noticias\/wp-json\/wp\/v2\/comments?post=41923"}],"version-history":[{"count":0,"href":"https:\/\/wiy.com.br\/noticias\/wp-json\/wp\/v2\/posts\/41923\/revisions"}],"wp:attachment":[{"href":"https:\/\/wiy.com.br\/noticias\/wp-json\/wp\/v2\/media?parent=41923"}],"wp:term":[{"taxonomy":"category","embeddable":true,"href":"https:\/\/wiy.com.br\/noticias\/wp-json\/wp\/v2\/categories?post=41923"},{"taxonomy":"post_tag","embeddable":true,"href":"https:\/\/wiy.com.br\/noticias\/wp-json\/wp\/v2\/tags?post=41923"}],"curies":[{"name":"wp","href":"https:\/\/api.w.org\/{rel}","templated":true}]}}