{"id":41869,"date":"2023-02-26T15:16:11","date_gmt":"2023-02-26T18:16:11","guid":{"rendered":"https:\/\/wiy.com.br\/noticias\/intermedica-e-unimed-disputam-compra-de-hospital-em-ribeirao-preto\/"},"modified":"2020-01-19T14:05:37","modified_gmt":"2020-01-19T16:05:37","slug":"intermedica-e-unimed-disputam-compra-de-hospital-em-ribeirao-preto","status":"publish","type":"post","link":"https:\/\/wiy.com.br\/noticias\/intermedica-e-unimed-disputam-compra-de-hospital-em-ribeirao-preto\/","title":{"rendered":"Interm\u00e9dica e Unimed disputam compra de hospital em Ribeir\u00e3o Preto"},"content":{"rendered":"<p> <br \/>\n<\/p>\n<div id=\"post-3360331\">\n<header class=\"list-header\">\n<div class=\"author\">\n          <a href=\"https:\/\/veja.abril.com.br\/blog\/radar\/ \"><br \/>\n          <img title = \"[Tags]\"alt = \"robson-bonin-120 Interm\u00e9dica e Unimed disputam compra de hospital em Ribeir\u00e3o Preto\"decoding=\"async\" class=\"image\" data-pin-nopin=\"true\" src=\"https:\/\/abrilveja.files.wordpress.com\/2019\/07\/robson-bonin-120.png?w=120\"\/><\/a><br \/>\n          <span class=\"list-title\"><br \/>\n            Radar            <small>Por Robson Bonin<\/small>                           <\/span><br \/>\n          <span class=\"description\">Notas exclusivas sobre pol\u00edtica, neg\u00f3cios e entretenimento. Com Evandro \u00c9boli, Mariana Muniz e Pedro Carvalho. Este conte\u00fado \u00e9 exclusivo para assinantes.<\/span>\n        <\/div>\n<\/header>\n<div class=\"post-header\">\n<h2 class=\"description\">E a vencedora \u00e9&#8230;&#13;<br \/>\n<\/h2>\n<p>  <span class=\"author\"><br \/>\n    Por <strong><a href=\"https:\/\/veja.abril.com.br\/autor\/robson-bonin\" class=\"author-element\"><span class=\"author-element\">Robson Bonin<\/span><\/a><\/strong> &#8211;<br \/>\n    <span><br \/>\n      Atualizado em 19 jan 2020, 13h05 &#8211; Publicado em 19 jan 2020, 12h05    <\/span><br \/>\n  <\/span><\/p>\n<p>  <i class=\"icon share hide-l\"\/>\n\t\t\t\t<\/div>\n<figure class=\"featured-media media-open\"><img title = \"[Tags]\"data-src=\"https:\/\/abrilveja.files.wordpress.com\/2016\/05\/dinheiro-estetoscopio-20120710-original.jpeg\" class=\"abril-image optimized lazyload\" abril-data-id=\"3360331\"  data- data-pin-nopin=\"false\"alt = \"robson-bonin-120 Interm\u00e9dica e Unimed disputam compra de hospital em Ribeir\u00e3o Preto\"\/><figcaption class=\"caption\">Guerra na sa\u00fade\u00a0Thinkstock\/VEJA\/VEJA<\/figcaption><\/figure>\n<section class=\"content\">\n<p>Na guerra pelo mercado de sa\u00fade do interior paulista, Interm\u00e9dica e a Unimed disputam a compra do Hospital S\u00e3o Paulo de Ribeir\u00e3o Preto. A Interm\u00e9dica est\u00e1 em vantagem.<\/p>\n<\/section><\/div>\n<p><br \/>\n<br \/><a href=\"https:\/\/veja.abril.com.br\/blog\/radar\/intermedica-e-unimed-disputam-compra-de-hospital-em-ribeirao-preto\/\">Fonte do Artigo<\/a><br \/>\nTags: <\/p>\n<p><a title=\"IBJE\" href=\"https:\/\/ibge.gov.br\/\">#IBJE<\/a> <a title=\"FGV\" href=\"https:\/\/portal.fgv.br\/\">#FGV<\/a> <a title=\"LOTOFACIL\" href=\"http:\/\/loterias.caixa.gov.br\/wps\/portal\/loterias\/landing\/lotofacil\/\">#LOTOFACIL<\/a> <a title=\"TINDER\" href=\"https:\/\/tinder.com\/?lang=pt-BR\">#TINDER<\/a> <a title=\"GMAILGOOGLE\" href=\"https:\/\/mail.google.com\">#GMAILGOOGLE<\/a> <a title=\"TIKTOK\" href=\"https:\/\/www.tiktok.com\/pt_BR\/\">#TIKTOK<\/a><\/p>\n","protected":false},"excerpt":{"rendered":"<p>Radar Por Robson Bonin Notas exclusivas sobre pol\u00edtica, neg\u00f3cios e entretenimento. Com Evandro \u00c9boli, Mariana Muniz e Pedro Carvalho. Este conte\u00fado \u00e9 exclusivo para assinantes. E a vencedora \u00e9&#8230;&#13; Por Robson Bonin &#8211; Atualizado em 19 jan 2020, 13h05 &#8211; Publicado em 19 jan 2020, 12h05 Guerra na sa\u00fade\u00a0Thinkstock\/VEJA\/VEJA Na guerra pelo mercado de sa\u00fade [&hellip;]<\/p>\n","protected":false},"author":1,"featured_media":41870,"comment_status":"open","ping_status":"open","sticky":false,"template":"","format":"standard","meta":{"footnotes":""},"categories":[7],"tags":[],"class_list":["post-41869","post","type-post","status-publish","format-standard","has-post-thumbnail","hentry","category-economia"],"_links":{"self":[{"href":"https:\/\/wiy.com.br\/noticias\/wp-json\/wp\/v2\/posts\/41869","targetHints":{"allow":["GET"]}}],"collection":[{"href":"https:\/\/wiy.com.br\/noticias\/wp-json\/wp\/v2\/posts"}],"about":[{"href":"https:\/\/wiy.com.br\/noticias\/wp-json\/wp\/v2\/types\/post"}],"author":[{"embeddable":true,"href":"https:\/\/wiy.com.br\/noticias\/wp-json\/wp\/v2\/users\/1"}],"replies":[{"embeddable":true,"href":"https:\/\/wiy.com.br\/noticias\/wp-json\/wp\/v2\/comments?post=41869"}],"version-history":[{"count":0,"href":"https:\/\/wiy.com.br\/noticias\/wp-json\/wp\/v2\/posts\/41869\/revisions"}],"wp:featuredmedia":[{"embeddable":true,"href":"https:\/\/wiy.com.br\/noticias\/wp-json\/wp\/v2\/media\/41870"}],"wp:attachment":[{"href":"https:\/\/wiy.com.br\/noticias\/wp-json\/wp\/v2\/media?parent=41869"}],"wp:term":[{"taxonomy":"category","embeddable":true,"href":"https:\/\/wiy.com.br\/noticias\/wp-json\/wp\/v2\/categories?post=41869"},{"taxonomy":"post_tag","embeddable":true,"href":"https:\/\/wiy.com.br\/noticias\/wp-json\/wp\/v2\/tags?post=41869"}],"curies":[{"name":"wp","href":"https:\/\/api.w.org\/{rel}","templated":true}]}}