{"id":41793,"date":"2023-02-26T15:09:14","date_gmt":"2023-02-26T18:09:14","guid":{"rendered":"https:\/\/wiy.com.br\/noticias\/governo-anuncia-expansao-da-linha-2-verde-do-metro\/"},"modified":"2020-01-17T18:09:12","modified_gmt":"2020-01-17T20:09:12","slug":"governo-anuncia-expansao-da-linha-2-verde-do-metro","status":"publish","type":"post","link":"https:\/\/wiy.com.br\/noticias\/governo-anuncia-expansao-da-linha-2-verde-do-metro\/","title":{"rendered":"Governo anuncia expans\u00e3o da linha 2-Verde do Metr\u00f4"},"content":{"rendered":"<p> <br \/>\n<\/p>\n<p>O governo de S\u00e3o Paulo anunciou nesta sexta-feira (17) que <strong><a href=\"https:\/\/vejasp.abril.com.br\/cidades\/ampliacao-linha-2-verde-metro\/\">as obras para a amplia\u00e7\u00e3o da linha 2-Verde<\/a> do Metr\u00f4 dever\u00e3o ter in\u00edcio imediato<\/strong>, com previs\u00e3o de entrega para 2026. Na coletiva de imprensa, que contou com a presen\u00e7a do governador <a href=\"https:\/\/vejasp.abril.com.br\/cidades\/governo-financiamento-despoluicao-rio-pinheiros\/\">Jo\u00e3o Doria<\/a> (PSDB), foi divulgado que a segunda parte do trajeto dever\u00e1 conectar a Verde at\u00e9 as linhas <a href=\"https:\/\/vejasp.abril.com.br\/cidades\/linha-3-vermelha-do-metro-muda-musica-dos-vagoes\/\">3-Vermelha<\/a>, 11-Coral da CPTM e 15-Prata com<strong> 8,3 quil\u00f4metros adicionais e oito novas esta\u00e7\u00f5es<\/strong>.<\/p>\n<p>Os contratos para a elabora\u00e7\u00e3o do projeto foram assinados em 2019. A pr\u00f3xima etapa \u00e9 a montagem dos canteiros de obras e a constru\u00e7\u00e3o de t\u00faneis para a escava\u00e7\u00e3o. As paradas foram nomeadas como Orfanato, \u00c1gua Rasa, An\u00e1lia Franco, Vila Formosa, Guilherme Giorgi, Nova Manchester, Aricanduva e Penha. <strong>A proje\u00e7\u00e3o \u00e9 que com as novas esta\u00e7\u00f5es 300 000 pessoas a mais passem a usar a linha 2-Verde<\/strong>.<\/p>\n<p>O investimento ser\u00e1 de 6 bilh\u00f5es de reais com recursos do estado. No valor est\u00e1 inclu\u00edda a aquisi\u00e7\u00e3o de 22 novos trens, al\u00e9m do sistema el\u00e9trico e sinaliza\u00e7\u00e3o, que posteriormente ser\u00e3o licitados pelo Metr\u00f4. Com o novo trecho, a Verde passar\u00e1 a ter 22 esta\u00e7\u00f5es e, segundo o governo, ser\u00e1 a linha mais extensa da cidade.<\/p>\n<p>Na coletiva foi informado ainda que a Verde ser\u00e1 ampliada at\u00e9 a cidade de Guarulhos e que o governo trabalha nas desapropria\u00e7\u00f5es que dever\u00e3o conectar o trajeto at\u00e9 o Shopping Internacional de Guarulhos.<\/p>\n<div class=\"widget-news widget-box no-margin no-border\"><span class=\"widget-news-title content-box-title\">Veja tamb\u00e9m<\/span><\/p>\n<ul class=\"widget-news-list\">\n<li class=\"widget-news-item without-thumb with-border\">\n<div class=\"widget-news-info\"><a href=\"http:\/\/vejasp.abril.com.br\/cidades\">Cidades<\/a><span class=\"widget-news-item-title\"><a href=\"https:\/\/vejasp.abril.com.br\/cidades\/agentes-do-metro-sao-agredidos-por-ambulantes-na-linha-5-lilas\/\">Agentes do Metr\u00f4 s\u00e3o agredidos por ambulantes na Linha 5-Lil\u00e1s<\/a><\/span><span class=\"widget-news-item-date\">17 jan 2020 &#8211; 10h01<\/span><\/div>\n<\/li>\n<li class=\"widget-news-item without-thumb with-border\">\n<div class=\"widget-news-info\"><a href=\"http:\/\/vejasp.abril.com.br\/cidades\">Cidades<\/a><span class=\"widget-news-item-title\"><a href=\"https:\/\/vejasp.abril.com.br\/cidades\/chuvas-em-sao-paulo-provocam-alagamentos-e-queda-de-arvores\/\">Chuvas em S\u00e3o Paulo provocam alagamentos e queda de \u00e1rvores<\/a><\/span><span class=\"widget-news-item-date\">17 jan 2020 &#8211; 10h01<\/span><\/div>\n<\/li>\n<\/ul>\n<\/div>\n<p>+ <strong>OU\u00c7A O PODCAST<\/strong> #SPsonha<\/p>\n<\/p>\n<p>&nbsp;<\/p>\n<p><br \/>\n<br \/><a href=\"https:\/\/vejasp.abril.com.br\/cidades\/governo-anuncia-expansao-linha-2-verde-metro\/\">Fonte do Artigo <\/a><br \/>\nTags:<br \/>\n#loterias #loteriascaixa #megasena #resultadoapostas#noticias #noticiario  #noticia #brasil #noticiascolombia #mundo #esporte #colombia #noticiadeld #ltimasnoticias  #noticiario #noticiasregionales #noticiasdepartamentales #noticiashoy #esportes #noticiaahora #elinformantenoticias #noticiasdeboyac  #esporteinterativo #esportivo #diariodosesportes  #noticiero  #jogodefutebol #jogos #loto #apostas<\/p>\n","protected":false},"excerpt":{"rendered":"<p>O governo de S\u00e3o Paulo anunciou nesta sexta-feira (17) que as obras para a amplia\u00e7\u00e3o da linha 2-Verde do Metr\u00f4 dever\u00e3o ter in\u00edcio imediato, com previs\u00e3o de entrega para 2026. Na coletiva de imprensa, que contou com a presen\u00e7a do governador Jo\u00e3o Doria (PSDB), foi divulgado que a segunda parte do trajeto dever\u00e1 conectar a [&hellip;]<\/p>\n","protected":false},"author":1,"featured_media":41794,"comment_status":"open","ping_status":"open","sticky":false,"template":"","format":"standard","meta":{"footnotes":""},"categories":[1],"tags":[],"class_list":["post-41793","post","type-post","status-publish","format-standard","has-post-thumbnail","hentry","category-curso-de-copy"],"_links":{"self":[{"href":"https:\/\/wiy.com.br\/noticias\/wp-json\/wp\/v2\/posts\/41793","targetHints":{"allow":["GET"]}}],"collection":[{"href":"https:\/\/wiy.com.br\/noticias\/wp-json\/wp\/v2\/posts"}],"about":[{"href":"https:\/\/wiy.com.br\/noticias\/wp-json\/wp\/v2\/types\/post"}],"author":[{"embeddable":true,"href":"https:\/\/wiy.com.br\/noticias\/wp-json\/wp\/v2\/users\/1"}],"replies":[{"embeddable":true,"href":"https:\/\/wiy.com.br\/noticias\/wp-json\/wp\/v2\/comments?post=41793"}],"version-history":[{"count":0,"href":"https:\/\/wiy.com.br\/noticias\/wp-json\/wp\/v2\/posts\/41793\/revisions"}],"wp:featuredmedia":[{"embeddable":true,"href":"https:\/\/wiy.com.br\/noticias\/wp-json\/wp\/v2\/media\/41794"}],"wp:attachment":[{"href":"https:\/\/wiy.com.br\/noticias\/wp-json\/wp\/v2\/media?parent=41793"}],"wp:term":[{"taxonomy":"category","embeddable":true,"href":"https:\/\/wiy.com.br\/noticias\/wp-json\/wp\/v2\/categories?post=41793"},{"taxonomy":"post_tag","embeddable":true,"href":"https:\/\/wiy.com.br\/noticias\/wp-json\/wp\/v2\/tags?post=41793"}],"curies":[{"name":"wp","href":"https:\/\/api.w.org\/{rel}","templated":true}]}}