{"id":41574,"date":"2023-02-26T15:17:24","date_gmt":"2023-02-26T18:17:24","guid":{"rendered":"https:\/\/wiy.com.br\/noticias\/fim-da-deducao-de-ir-pode-gerar-demissao-de-domesticas-diz-instituto\/"},"modified":"2020-01-15T09:24:47","modified_gmt":"2020-01-15T11:24:47","slug":"fim-da-deducao-de-ir-pode-gerar-demissao-de-domesticas-diz-instituto","status":"publish","type":"post","link":"https:\/\/wiy.com.br\/noticias\/fim-da-deducao-de-ir-pode-gerar-demissao-de-domesticas-diz-instituto\/","title":{"rendered":"Fim da dedu\u00e7\u00e3o de IR pode gerar demiss\u00e3o de dom\u00e9sticas, diz instituto"},"content":{"rendered":"<p> <br \/>\n<\/p>\n<div id=\"post-3356070\">\n<div class=\"post-header\">\n<h2 class=\"description\">Segundo o presidente do Dom\u00e9stica Legal, decis\u00e3o pode levar \u00e0 dispensa de 15% dos trabalhadores<\/h2>\n<p>  <span class=\"author\"><br \/>\n    Por <strong><span>Victor Iraj\u00e1<\/span><\/strong> &#8211;<br \/>\n    <span><br \/>\n      Atualizado em 15 jan 2020, 09h00 &#8211; Publicado em 15 jan 2020, 08h00    <\/span><br \/>\n  <\/span><\/p>\n<p>  <i class=\"icon share hide-l\"\/>\n\t\t\t\t<\/div>\n<figure class=\"featured-media media-open\"><img title = \"[Tags]\"data-src=\"https:\/\/abrilveja.files.wordpress.com\/2016\/06\/numeros-de-empregados-domesticos-no-mundo-e-de-52-6-milhoes-segundo-a-oit-original.jpeg\" class=\"abril-image optimized lazyload\" abril-data-id=\"3356070\"  data- data-pin-nopin=\"false\"alt = \"numeros-de-empregados-domesticos-no-mundo-e-de-52-6-milhoes-segundo-a-oit-original Fim da dedu\u00e7\u00e3o de IR pode gerar demiss\u00e3o de dom\u00e9sticas, diz instituto\"\/><figcaption class=\"caption\">&#8220;No ano passado, tivemos um saldo negativo de 40 mil empregados dom\u00e9sticos&#8221;, diz Avelino\u00a0Thinkstock\/VEJA<\/figcaption><\/figure>\n<section class=\"content\">\n<p>O presidente do <strong>Instituto Dom\u00e9stica Legal<\/strong>, Mario Avelino, criticou a decis\u00e3o do governo de <a href=\"http:\/\/veja.com\/noticias-sobre\/jair-bolsonaro\"><strong>Jair Bolsonaro<\/strong><\/a> de acabar com as dedu\u00e7\u00f5es de sal\u00e1rios de empregados dom\u00e9sticos do<strong> Imposto de Renda (IR)<\/strong> dos patr\u00f5es. Em entrevista a VEJA, Avelino afirmou que a n\u00e3o prorroga\u00e7\u00e3o do benef\u00edcio deve provocar a demiss\u00e3o de 15% dos trabalhadores dom\u00e9sticos. \u201cNo ano passado, tivemos um saldo negativo de 40 mil empregados dom\u00e9sticos. Ainda vivemos uma crise e o fim da dedu\u00e7\u00e3o vai provocar demiss\u00f5es destes funcion\u00e1rios.\u201d Segundo ele, a manuten\u00e7\u00e3o da benesse \u00e9 um incentivo \u00e0 contrata\u00e7\u00e3o e seu fim vai provocar a maior informalidade na categoria.<\/p>\n<p>Para ele, muitos brasileiros ainda mant\u00eam um funcion\u00e1rio apenas por considera\u00e7\u00e3o, e j\u00e1 n\u00e3o precisam mais dos servi\u00e7os. Segundo Avelino, a decis\u00e3o do Executivo intensifica a possibilidade de demiss\u00f5es. \u201cNos dois anos, 930 pessoas foram demitidas, e esperamos que esse movimento se acirre com o fim do benef\u00edcio para os contratantes\u201d, diz ele. \u201cE<span>stimamos que dos\u00a0<\/span>1.465.480<span>\u00a0empregadores dom\u00e9sticos que empregam\u00a0<\/span>1.551.713<span>\u00a0pessoas, pelo menos 700 mil deduziram os <\/span>1.200,32<span> reais em 2019\u2033, defende.<\/span><\/p>\n<p>Com a medida, o<span>\u00a0<\/span><a href=\"http:\/\/veja.com\/noticias-sobre\/ministerio-da-economia\"><strong>Minist\u00e9rio da Economia<\/strong><\/a><span>\u00a0<\/span>espera arrecadar cerca de 700 milh\u00f5es de reais \u2014 a ren\u00fancia fiscal apresentada pela pasta no ano passado por causa do benef\u00edcio foi de 674 milh\u00f5es de reais. A<span>\u00a0<\/span><a href=\"http:\/\/veja.com\/noticias-sobre\/receita-federal\"><strong>Receita Federal<\/strong><\/a><span>\u00a0<\/span>permitia a dedu\u00e7\u00e3o de gastos de at\u00e9 1.200,32 reais com o pagamento de INSS at\u00e9 o ano passado. A norma perdeu a validade e n\u00e3o foi renovada pelo Executivo.<\/p>\n<p>Para ser prorrogado, o benef\u00edcio teria de ser votado pelo Congresso Nacional no ano anterior. Portanto, como n\u00e3o foi apreciada no ano passado, a medida s\u00f3 poder\u00e1 voltar \u00e0s regras de declara\u00e7\u00e3o do imposto no ano que vem, se votada pelo Legislativo at\u00e9 o final de 2020. Avelino afirma que sua institui\u00e7\u00e3o trabalha no Congresso Nacional para aprovar o retorno da benesse para o Imposto de Renda de 2021. Em outra frente, o instituto pediu uma audi\u00eancia com o presidente Bolsonaro para discutir a possibilidade de edi\u00e7\u00e3o de uma Medida Provis\u00f3ria que reedite o benef\u00edcio. A demanda n\u00e3o foi atendida pelo presidente.<\/p>\n<\/section><\/div>\n<p><br \/>\n<br \/><a href=\"https:\/\/veja.abril.com.br\/economia\/fim-da-deducao-de-ir-pode-gerar-demissao-de-domesticas-diz-instituto\/\">Fonte do Artigo<\/a><br \/>\nTags: <\/p>\n<p><a title=\"IBJE\" href=\"https:\/\/ibge.gov.br\/\">#IBJE<\/a> <a title=\"FGV\" href=\"https:\/\/portal.fgv.br\/\">#FGV<\/a> <a title=\"LOTOFACIL\" href=\"http:\/\/loterias.caixa.gov.br\/wps\/portal\/loterias\/landing\/lotofacil\/\">#LOTOFACIL<\/a> <a title=\"TINDER\" href=\"https:\/\/tinder.com\/?lang=pt-BR\">#TINDER<\/a> <a title=\"GMAILGOOGLE\" href=\"https:\/\/mail.google.com\">#GMAILGOOGLE<\/a> <a title=\"TIKTOK\" href=\"https:\/\/www.tiktok.com\/pt_BR\/\">#TIKTOK<\/a><\/p>\n","protected":false},"excerpt":{"rendered":"<p>Segundo o presidente do Dom\u00e9stica Legal, decis\u00e3o pode levar \u00e0 dispensa de 15% dos trabalhadores Por Victor Iraj\u00e1 &#8211; Atualizado em 15 jan 2020, 09h00 &#8211; Publicado em 15 jan 2020, 08h00 &#8220;No ano passado, tivemos um saldo negativo de 40 mil empregados dom\u00e9sticos&#8221;, diz Avelino\u00a0Thinkstock\/VEJA O presidente do Instituto Dom\u00e9stica Legal, Mario Avelino, criticou [&hellip;]<\/p>\n","protected":false},"author":1,"featured_media":41575,"comment_status":"open","ping_status":"open","sticky":false,"template":"","format":"standard","meta":{"footnotes":""},"categories":[7],"tags":[],"class_list":["post-41574","post","type-post","status-publish","format-standard","has-post-thumbnail","hentry","category-economia"],"_links":{"self":[{"href":"https:\/\/wiy.com.br\/noticias\/wp-json\/wp\/v2\/posts\/41574","targetHints":{"allow":["GET"]}}],"collection":[{"href":"https:\/\/wiy.com.br\/noticias\/wp-json\/wp\/v2\/posts"}],"about":[{"href":"https:\/\/wiy.com.br\/noticias\/wp-json\/wp\/v2\/types\/post"}],"author":[{"embeddable":true,"href":"https:\/\/wiy.com.br\/noticias\/wp-json\/wp\/v2\/users\/1"}],"replies":[{"embeddable":true,"href":"https:\/\/wiy.com.br\/noticias\/wp-json\/wp\/v2\/comments?post=41574"}],"version-history":[{"count":0,"href":"https:\/\/wiy.com.br\/noticias\/wp-json\/wp\/v2\/posts\/41574\/revisions"}],"wp:featuredmedia":[{"embeddable":true,"href":"https:\/\/wiy.com.br\/noticias\/wp-json\/wp\/v2\/media\/41575"}],"wp:attachment":[{"href":"https:\/\/wiy.com.br\/noticias\/wp-json\/wp\/v2\/media?parent=41574"}],"wp:term":[{"taxonomy":"category","embeddable":true,"href":"https:\/\/wiy.com.br\/noticias\/wp-json\/wp\/v2\/categories?post=41574"},{"taxonomy":"post_tag","embeddable":true,"href":"https:\/\/wiy.com.br\/noticias\/wp-json\/wp\/v2\/tags?post=41574"}],"curies":[{"name":"wp","href":"https:\/\/api.w.org\/{rel}","templated":true}]}}