{"id":41217,"date":"2023-02-26T15:27:06","date_gmt":"2023-02-26T18:27:06","guid":{"rendered":"https:\/\/wiy.com.br\/noticias\/morador-de-rua-morre-eletrocutado-durante-temporal-em-sao-paulo\/"},"modified":"2020-01-09T11:49:21","modified_gmt":"2020-01-09T13:49:21","slug":"morador-de-rua-morre-eletrocutado-durante-temporal-em-sao-paulo","status":"publish","type":"post","link":"https:\/\/wiy.com.br\/noticias\/morador-de-rua-morre-eletrocutado-durante-temporal-em-sao-paulo\/","title":{"rendered":"Morador de rua morre eletrocutado durante temporal em S\u00e3o Paulo"},"content":{"rendered":"<p> <br \/>\n<\/p>\n<p>Um homem de 22 anos morreu eletrocutado durante um temporal na madrugada desta quinta-feira (9), em S\u00e3o Paulo. O rapaz foi identificado como Ca\u00edque Moraes da Silva. Segundo a pol\u00edcia, ele era morador de rua e chegou \u00e0 capital paulista tr\u00eas anos atr\u00e1s, vindo de Goi\u00e2nia. As informa\u00e7\u00f5es s\u00e3o do <a href=\"https:\/\/g1.globo.com\/sp\/sao-paulo\/noticia\/2020\/01\/09\/homem-morre-eletrocutado-durante-temporal-em-sp.ghtml\"><strong>G1<\/strong><\/a>.<\/p>\n<p>O rapaz morreu no dia que completou 22 anos de idade. Ele sofreu um descarga el\u00e9trica quando tentava se abrigar da chuva em um ponto de \u00f4nibus. Ele subiu em uma grade e escorregou ao lado de um poste de ilumina\u00e7\u00e3o p\u00fablica, na Avenida Rio Branco, regi\u00e3o Central da capital paulista, por volta das 0h. O homem levou um choque e morreu na hora. Ca\u00edque estava acompanhado de um colega, que tamb\u00e9m sentiu a descarga el\u00e9trica &#8212; mas conseguiu sair. &#8220;Eu atravessei, pulei, ele n\u00e3o conseguiu pular&#8221;, relatou ao <em>SPTV<\/em>. &#8220;Eu sou sobrevivente, gra\u00e7as a Deus&#8221;.<\/p>\n<p>O\u00a0<strong>Corpo de Bombeiros\u00a0<\/strong>deslocou tr\u00eas equipes para atender a ocorr\u00eancia, mas os profissionais n\u00e3o conseguiram salvar o morador de rua, que foi encontrado j\u00e1 sem vida. Segundo a Enel, o poste \u00e9 de responsabilidade do Ilume, o Departamento de Ilumina\u00e7\u00e3o da Prefeitura de S\u00e3o Paulo.<\/p>\n<div class=\"embed-twitter\">\n<blockquote class=\"twitter-tweet\" data-width=\"500\" data-dnt=\"true\">\n<p lang=\"pt\" dir=\"ltr\">00h23 descarga el\u00e9trica proveniente de poste de luz, na Av. Rio Branco, 1312 \u2013 Santa Cec\u00edlia, 03 equipes no atendimento, infelizmente \u00f3bito constatado no local de um homem de 21 anos. <a href=\"https:\/\/twitter.com\/hashtag\/193R?src=hash&amp;ref_src=twsrc%5Etfw\">#193R<\/a><\/p>\n<p>&mdash; 193-Bombeiros PMESP (@BombeirosPMESP) <a href=\"https:\/\/twitter.com\/BombeirosPMESP\/status\/1215128877204418560?ref_src=twsrc%5Etfw\">January 9, 2020<\/a><\/p>\n<\/blockquote>\n<\/div>\n<p>&nbsp;<\/p>\n<p><script async src=\"http:\/\/platform.twitter.com\/widgets.js\" charset=\"utf-8\"><\/script><br \/>\n<br \/><br \/>\n<br \/><a href=\"https:\/\/vejasp.abril.com.br\/cidades\/morador-de-rua-morre-eletrocutado-durante-temporal-em-sao-paulo\/\">Fonte do Artigo <\/a><br \/>\nTags:<br \/>\n#loterias #loteriascaixa #megasena #resultadoapostas#noticias #noticiario  #noticia #brasil #noticiascolombia #mundo #esporte #colombia #noticiadeld #ltimasnoticias  #noticiario #noticiasregionales #noticiasdepartamentales #noticiashoy #esportes #noticiaahora #elinformantenoticias #noticiasdeboyac  #esporteinterativo #esportivo #diariodosesportes  #noticiero  #jogodefutebol #jogos #loto #apostas<\/p>\n","protected":false},"excerpt":{"rendered":"<p>Um homem de 22 anos morreu eletrocutado durante um temporal na madrugada desta quinta-feira (9), em S\u00e3o Paulo. O rapaz foi identificado como Ca\u00edque Moraes da Silva. Segundo a pol\u00edcia, ele era morador de rua e chegou \u00e0 capital paulista tr\u00eas anos atr\u00e1s, vindo de Goi\u00e2nia. As informa\u00e7\u00f5es s\u00e3o do G1. O rapaz morreu no [&hellip;]<\/p>\n","protected":false},"author":1,"featured_media":41218,"comment_status":"open","ping_status":"open","sticky":false,"template":"","format":"standard","meta":{"footnotes":""},"categories":[1],"tags":[],"class_list":["post-41217","post","type-post","status-publish","format-standard","has-post-thumbnail","hentry","category-curso-de-copy"],"_links":{"self":[{"href":"https:\/\/wiy.com.br\/noticias\/wp-json\/wp\/v2\/posts\/41217","targetHints":{"allow":["GET"]}}],"collection":[{"href":"https:\/\/wiy.com.br\/noticias\/wp-json\/wp\/v2\/posts"}],"about":[{"href":"https:\/\/wiy.com.br\/noticias\/wp-json\/wp\/v2\/types\/post"}],"author":[{"embeddable":true,"href":"https:\/\/wiy.com.br\/noticias\/wp-json\/wp\/v2\/users\/1"}],"replies":[{"embeddable":true,"href":"https:\/\/wiy.com.br\/noticias\/wp-json\/wp\/v2\/comments?post=41217"}],"version-history":[{"count":0,"href":"https:\/\/wiy.com.br\/noticias\/wp-json\/wp\/v2\/posts\/41217\/revisions"}],"wp:featuredmedia":[{"embeddable":true,"href":"https:\/\/wiy.com.br\/noticias\/wp-json\/wp\/v2\/media\/41218"}],"wp:attachment":[{"href":"https:\/\/wiy.com.br\/noticias\/wp-json\/wp\/v2\/media?parent=41217"}],"wp:term":[{"taxonomy":"category","embeddable":true,"href":"https:\/\/wiy.com.br\/noticias\/wp-json\/wp\/v2\/categories?post=41217"},{"taxonomy":"post_tag","embeddable":true,"href":"https:\/\/wiy.com.br\/noticias\/wp-json\/wp\/v2\/tags?post=41217"}],"curies":[{"name":"wp","href":"https:\/\/api.w.org\/{rel}","templated":true}]}}