{"id":4111,"date":"2023-02-26T15:37:39","date_gmt":"2023-02-26T18:37:39","guid":{"rendered":"https:\/\/wiy.com.br\/noticias\/morto-em-janeiro-marcelo-yuka-deixou-enorme-acervo-com-cancoes-e-pinturas-ineditas\/"},"modified":"2019-02-10T07:47:42","modified_gmt":"2019-02-10T09:47:42","slug":"morto-em-janeiro-marcelo-yuka-deixou-enorme-acervo-com-cancoes-e-pinturas-ineditas","status":"publish","type":"post","link":"https:\/\/wiy.com.br\/noticias\/morto-em-janeiro-marcelo-yuka-deixou-enorme-acervo-com-cancoes-e-pinturas-ineditas\/","title":{"rendered":"Morto em janeiro, Marcelo Yuka deixou enorme acervo com can\u00e7\u00f5es e pinturas in\u00e9ditas"},"content":{"rendered":"<p> <br \/>\n<br \/>Conte\u00fado exclusivo para assinantes, acesse no site do globo.<br \/>\n<br \/><br \/>\n<br \/><a href=\"https:\/\/oglobo.globo.com\/cultura\/musica\/morto-em-janeiro-marcelo-yuka-deixou-enorme-acervo-com-cancoes-pinturas-ineditas-23441898\">Source link <\/a><\/p>\n","protected":false},"excerpt":{"rendered":"<p>Conte\u00fado exclusivo para assinantes, acesse no site do globo. Source link<\/p>\n","protected":false},"author":1,"featured_media":0,"comment_status":"open","ping_status":"open","sticky":false,"template":"","format":"standard","meta":{"footnotes":""},"categories":[337],"tags":[],"class_list":["post-4111","post","type-post","status-publish","format-standard","hentry","category-noticias"],"_links":{"self":[{"href":"https:\/\/wiy.com.br\/noticias\/wp-json\/wp\/v2\/posts\/4111","targetHints":{"allow":["GET"]}}],"collection":[{"href":"https:\/\/wiy.com.br\/noticias\/wp-json\/wp\/v2\/posts"}],"about":[{"href":"https:\/\/wiy.com.br\/noticias\/wp-json\/wp\/v2\/types\/post"}],"author":[{"embeddable":true,"href":"https:\/\/wiy.com.br\/noticias\/wp-json\/wp\/v2\/users\/1"}],"replies":[{"embeddable":true,"href":"https:\/\/wiy.com.br\/noticias\/wp-json\/wp\/v2\/comments?post=4111"}],"version-history":[{"count":0,"href":"https:\/\/wiy.com.br\/noticias\/wp-json\/wp\/v2\/posts\/4111\/revisions"}],"wp:attachment":[{"href":"https:\/\/wiy.com.br\/noticias\/wp-json\/wp\/v2\/media?parent=4111"}],"wp:term":[{"taxonomy":"category","embeddable":true,"href":"https:\/\/wiy.com.br\/noticias\/wp-json\/wp\/v2\/categories?post=4111"},{"taxonomy":"post_tag","embeddable":true,"href":"https:\/\/wiy.com.br\/noticias\/wp-json\/wp\/v2\/tags?post=4111"}],"curies":[{"name":"wp","href":"https:\/\/api.w.org\/{rel}","templated":true}]}}