{"id":4110,"date":"2023-02-26T15:19:58","date_gmt":"2023-02-26T18:19:58","guid":{"rendered":"https:\/\/wiy.com.br\/noticias\/planalto-questiona-contrato-da-ebc-com-empresa-alvo-de-auditoria\/"},"modified":"2019-02-10T07:23:08","modified_gmt":"2019-02-10T09:23:08","slug":"planalto-questiona-contrato-da-ebc-com-empresa-alvo-de-auditoria","status":"publish","type":"post","link":"https:\/\/wiy.com.br\/noticias\/planalto-questiona-contrato-da-ebc-com-empresa-alvo-de-auditoria\/","title":{"rendered":"Planalto questiona contrato da EBC com empresa alvo de auditoria"},"content":{"rendered":"<p> <br \/>\n<br \/>Um contrato da EBC prorrogado no apagar das luzes da gest\u00e3o Temer gerou estranheza no Pal\u00e1cio do Planalto. Na primeira reuni\u00e3o do Conselho de Administra\u00e7\u00e3o da empresa no governo Bolsonaro, no pr\u00f3prio pal\u00e1cio, os conselheiros foram comunicados de um&#8230;<br \/>\n<br \/><br \/>\n<br \/><a href=\"https:\/\/epoca.globo.com\/guilherme-amado\/planalto-questiona-contrato-da-ebc-com-empresa-alvo-de-auditoria-23440280\">Source link <\/a><\/p>\n","protected":false},"excerpt":{"rendered":"<p>Um contrato da EBC prorrogado no apagar das luzes da gest\u00e3o Temer gerou estranheza no Pal\u00e1cio do Planalto. Na primeira reuni\u00e3o do Conselho de Administra\u00e7\u00e3o da empresa no governo Bolsonaro, no pr\u00f3prio pal\u00e1cio, os conselheiros foram comunicados de um&#8230; Source link<\/p>\n","protected":false},"author":1,"featured_media":0,"comment_status":"open","ping_status":"open","sticky":false,"template":"","format":"standard","meta":{"footnotes":""},"categories":[339],"tags":[],"class_list":["post-4110","post","type-post","status-publish","format-standard","hentry","category-negocios"],"_links":{"self":[{"href":"https:\/\/wiy.com.br\/noticias\/wp-json\/wp\/v2\/posts\/4110","targetHints":{"allow":["GET"]}}],"collection":[{"href":"https:\/\/wiy.com.br\/noticias\/wp-json\/wp\/v2\/posts"}],"about":[{"href":"https:\/\/wiy.com.br\/noticias\/wp-json\/wp\/v2\/types\/post"}],"author":[{"embeddable":true,"href":"https:\/\/wiy.com.br\/noticias\/wp-json\/wp\/v2\/users\/1"}],"replies":[{"embeddable":true,"href":"https:\/\/wiy.com.br\/noticias\/wp-json\/wp\/v2\/comments?post=4110"}],"version-history":[{"count":0,"href":"https:\/\/wiy.com.br\/noticias\/wp-json\/wp\/v2\/posts\/4110\/revisions"}],"wp:attachment":[{"href":"https:\/\/wiy.com.br\/noticias\/wp-json\/wp\/v2\/media?parent=4110"}],"wp:term":[{"taxonomy":"category","embeddable":true,"href":"https:\/\/wiy.com.br\/noticias\/wp-json\/wp\/v2\/categories?post=4110"},{"taxonomy":"post_tag","embeddable":true,"href":"https:\/\/wiy.com.br\/noticias\/wp-json\/wp\/v2\/tags?post=4110"}],"curies":[{"name":"wp","href":"https:\/\/api.w.org\/{rel}","templated":true}]}}