{"id":40642,"date":"2023-02-26T15:48:33","date_gmt":"2023-02-26T18:48:33","guid":{"rendered":"https:\/\/wiy.com.br\/noticias\/bancos-nao-terao-expediente-nesta-terca-feira-e-no-dia-1o\/"},"modified":"2019-12-30T11:05:15","modified_gmt":"2019-12-30T13:05:15","slug":"bancos-nao-terao-expediente-nesta-terca-feira-e-no-dia-1o","status":"publish","type":"post","link":"https:\/\/wiy.com.br\/noticias\/bancos-nao-terao-expediente-nesta-terca-feira-e-no-dia-1o\/","title":{"rendered":"Bancos n\u00e3o ter\u00e3o expediente nesta ter\u00e7a-feira e no dia 1\u00ba"},"content":{"rendered":"<p> <br \/>\n<\/p>\n<div class=\"mc-column content-text active-extra-styles \">\n<p>Quem precisa ir ao <strong>banco<\/strong> fazer alguma opera\u00e7\u00e3o deve se apressar porque o \u00faltimo dia de expediente banc\u00e1rio de 2019 \u00e9 esta segunda-feira, 30. De acordo com a <a href=\"https:\/\/veja.abril.com.br\/noticias-sobre\/febraban\/\"><strong>Federa\u00e7\u00e3o Brasileira de Bancos (Febraban)<\/strong><\/a>, as ag\u00eancias fecham na ter\u00e7a e na quarta-feira e s\u00f3 voltam a atender a popula\u00e7\u00e3o no dia 2 de janeiro de 2020, quinta-feira, no hor\u00e1rio normal de expediente,<\/p>\n<\/div>\n<div class=\"wall protected-content\">\n<div class=\"mc-column content-text active-extra-styles \">\n<p>Os carn\u00eas e as contas de consumo, como \u00e1gua, energia e telefone, com vencimento para o dia 31 de dezembro ou 1\u00ba de janeiro, poder\u00e3o ser pagas no dia 2 de janeiro, sem a incid\u00eancia de multa por atraso. <span>Normalmente, os tributos j\u00e1 est\u00e3o com as datas ajustadas ao calend\u00e1rio de feriados, sejam federais, estaduais ou municipais<\/span><\/p>\n<div class=\"mc-column content-text active-extra-styles \">\n<p>A recomenda\u00e7\u00e3o da entidade, no entanto, \u00e9 que a popula\u00e7\u00e3o utilize os canais alternativos de atendimento banc\u00e1rio, como aplicativos de celular e sites, caixas eletr\u00f4nicos, banco por telefone e correspondentes para fazer transa\u00e7\u00f5es financeiras.<\/p>\n<\/div>\n<div>\n<div class=\"mc-column content-text active-extra-styles \">\n<p>Os clientes tamb\u00e9m podem agendar os pagamentos das contas de consumo ou pag\u00e1-las (as que t\u00eam c\u00f3digo de barras) nos pr\u00f3prios caixas autom\u00e1ticos. J\u00e1 os boletos banc\u00e1rios de clientes cadastrados como sacados eletr\u00f4nicos poder\u00e3o ser agendados ou pagos por meio do DDA (D\u00e9bito Direto Autorizado).<\/p>\n<\/div>\n<\/div>\n<\/div>\n<\/div>\n<p><br \/>\n<br \/><a href=\"https:\/\/veja.abril.com.br\/economia\/bancos-nao-terao-expediente-nesta-terca-feira-e-no-dia-1o\/\">Fonte do Artigo<\/a><br \/>\nTags: <\/p>\n<p><a title=\"IBJE\" href=\"https:\/\/ibge.gov.br\/\">#IBJE<\/a> <a title=\"FGV\" href=\"https:\/\/portal.fgv.br\/\">#FGV<\/a> <a title=\"LOTOFACIL\" href=\"http:\/\/loterias.caixa.gov.br\/wps\/portal\/loterias\/landing\/lotofacil\/\">#LOTOFACIL<\/a> <a title=\"TINDER\" href=\"https:\/\/tinder.com\/?lang=pt-BR\">#TINDER<\/a> <a title=\"GMAILGOOGLE\" href=\"https:\/\/mail.google.com\">#GMAILGOOGLE<\/a> <a title=\"TIKTOK\" href=\"https:\/\/www.tiktok.com\/pt_BR\/\">#TIKTOK<\/a><\/p>\n","protected":false},"excerpt":{"rendered":"<p>Quem precisa ir ao banco fazer alguma opera\u00e7\u00e3o deve se apressar porque o \u00faltimo dia de expediente banc\u00e1rio de 2019 \u00e9 esta segunda-feira, 30. De acordo com a Federa\u00e7\u00e3o Brasileira de Bancos (Febraban), as ag\u00eancias fecham na ter\u00e7a e na quarta-feira e s\u00f3 voltam a atender a popula\u00e7\u00e3o no dia 2 de janeiro de 2020, [&hellip;]<\/p>\n","protected":false},"author":1,"featured_media":40643,"comment_status":"open","ping_status":"open","sticky":false,"template":"","format":"standard","meta":{"footnotes":""},"categories":[7],"tags":[],"class_list":["post-40642","post","type-post","status-publish","format-standard","has-post-thumbnail","hentry","category-economia"],"_links":{"self":[{"href":"https:\/\/wiy.com.br\/noticias\/wp-json\/wp\/v2\/posts\/40642","targetHints":{"allow":["GET"]}}],"collection":[{"href":"https:\/\/wiy.com.br\/noticias\/wp-json\/wp\/v2\/posts"}],"about":[{"href":"https:\/\/wiy.com.br\/noticias\/wp-json\/wp\/v2\/types\/post"}],"author":[{"embeddable":true,"href":"https:\/\/wiy.com.br\/noticias\/wp-json\/wp\/v2\/users\/1"}],"replies":[{"embeddable":true,"href":"https:\/\/wiy.com.br\/noticias\/wp-json\/wp\/v2\/comments?post=40642"}],"version-history":[{"count":0,"href":"https:\/\/wiy.com.br\/noticias\/wp-json\/wp\/v2\/posts\/40642\/revisions"}],"wp:featuredmedia":[{"embeddable":true,"href":"https:\/\/wiy.com.br\/noticias\/wp-json\/wp\/v2\/media\/40643"}],"wp:attachment":[{"href":"https:\/\/wiy.com.br\/noticias\/wp-json\/wp\/v2\/media?parent=40642"}],"wp:term":[{"taxonomy":"category","embeddable":true,"href":"https:\/\/wiy.com.br\/noticias\/wp-json\/wp\/v2\/categories?post=40642"},{"taxonomy":"post_tag","embeddable":true,"href":"https:\/\/wiy.com.br\/noticias\/wp-json\/wp\/v2\/tags?post=40642"}],"curies":[{"name":"wp","href":"https:\/\/api.w.org\/{rel}","templated":true}]}}