{"id":40501,"date":"2023-02-26T15:16:52","date_gmt":"2023-02-26T18:16:52","guid":{"rendered":"https:\/\/wiy.com.br\/noticias\/governo-muda-forma-de-nomeacao-de-reitores-de-universidades\/"},"modified":"2019-12-26T20:14:30","modified_gmt":"2019-12-26T22:14:30","slug":"governo-muda-forma-de-nomeacao-de-reitores-de-universidades","status":"publish","type":"post","link":"https:\/\/wiy.com.br\/noticias\/governo-muda-forma-de-nomeacao-de-reitores-de-universidades\/","title":{"rendered":"Governo muda forma de nomea\u00e7\u00e3o de reitores de universidades"},"content":{"rendered":"<p> <br \/>\n<\/p>\n<p>O presidente <a href=\"https:\/\/exame.abril.com.br\/noticias-sobre\/jair-bolsonaro\/\"><strong>Jair Bolsonaro<\/strong><\/a> assinou, na \u00faltima ter\u00e7a-feira (24), uma Medida Provis\u00f3ria (MP) que altera as regras para a escolha de reitores das <a href=\"https:\/\/exame.abril.com.br\/noticias-sobre\/faculdades-e-universidades\/\"><strong>universidades e institutos federais<\/strong><\/a>. A MP fixa a representatividade de 70% de votos de professores na composi\u00e7\u00e3o da lista tr\u00edplice de onde sair\u00e1 o novo reitor. Os outros 30% s\u00e3o divididos igualmente entre alunos e servidores efetivos. O presidente poder\u00e1 nomear qualquer um dos tr\u00eas indicados na lista resultante da vota\u00e7\u00e3o.<\/p>\n<p>Antes da edi\u00e7\u00e3o dessa MP, as universidades podiam decidir pelo modelo de elei\u00e7\u00e3o, podendo atribuir pesos iguais para cada uma dessas categorias. Al\u00e9m disso, at\u00e9 ent\u00e3o, era tradi\u00e7\u00e3o o presidente da Rep\u00fablica nomear o primeiro nome da lista tr\u00edplice. No in\u00edcio do ano, reitores chegaram a pedir que Bolsonaro mantivesse o costume.<\/p>\n<p>Para o governo, a medida &#8220;garante autonomia \u00e0 comunidade acad\u00eamica&#8221;. &#8220;O objetivo do novo texto \u00e9 fortalecer a governan\u00e7a no processo de escolha de reitores&#8221;, afirma o Minist\u00e9rio da Educa\u00e7\u00e3o (MEC). Segundo a pasta, houve judicializa\u00e7\u00e3o de sete processos de escolha de reitores. Pelas redes sociais, a Secretaria Especial de Comunica\u00e7\u00e3o Social da Presid\u00eancia da Rep\u00fablica afirmou que &#8220;a elei\u00e7\u00e3o e a nomea\u00e7\u00e3o de reitores v\u00e3o ficar mais justas e transparentes&#8221;.<\/p>\n<p>No pr\u00f3ximo ano, est\u00e3o previstas 24 nomea\u00e7\u00f5es para reitores de universidades federais e nove de institutos federais.<\/p>\n<p>De acordo com o texto, os candidatos a reitores precisam ser docentes ocupantes de cargo efetivo e n\u00e3o podem ser enquadrados nas hip\u00f3teses de ilegibilidade previstas na Lei da Ficha Limpa. Poder\u00e1 haver reelei\u00e7\u00e3o, mas apenas uma vez.\u00a0A MP j\u00e1 est\u00e1 vigorando, mas precisar\u00e1 ser ratificada pelo Congresso Nacional em 120 dias. Caso n\u00e3o seja aprovada pela C\u00e2mara e pelo Senado, ela perde a validade.<\/p>\n<p><br \/>\n<br \/><a href=\"https:\/\/exame.abril.com.br\/brasil\/governo-muda-forma-de-nomeacao-de-reitores-de-universidades\/\">Fonte do artigo <\/a><br \/>\nTags:<br \/>\n#politica #political #negocios #business #marketingdigital #empreendedorismo #marketing #emprendedores #empreender #sucesso #empresas #emprendimiento #emprendedor #empreendedor #emprender #dinheiro #dinero #empresario #vendas #liderazgo #motivacion #foco #motivacao #negocio #brasil<\/p>\n","protected":false},"excerpt":{"rendered":"<p>O presidente Jair Bolsonaro assinou, na \u00faltima ter\u00e7a-feira (24), uma Medida Provis\u00f3ria (MP) que altera as regras para a escolha de reitores das universidades e institutos federais. A MP fixa a representatividade de 70% de votos de professores na composi\u00e7\u00e3o da lista tr\u00edplice de onde sair\u00e1 o novo reitor. Os outros 30% s\u00e3o divididos igualmente [&hellip;]<\/p>\n","protected":false},"author":1,"featured_media":40502,"comment_status":"open","ping_status":"open","sticky":false,"template":"","format":"standard","meta":{"footnotes":""},"categories":[1],"tags":[],"class_list":["post-40501","post","type-post","status-publish","format-standard","has-post-thumbnail","hentry","category-curso-de-copy"],"_links":{"self":[{"href":"https:\/\/wiy.com.br\/noticias\/wp-json\/wp\/v2\/posts\/40501","targetHints":{"allow":["GET"]}}],"collection":[{"href":"https:\/\/wiy.com.br\/noticias\/wp-json\/wp\/v2\/posts"}],"about":[{"href":"https:\/\/wiy.com.br\/noticias\/wp-json\/wp\/v2\/types\/post"}],"author":[{"embeddable":true,"href":"https:\/\/wiy.com.br\/noticias\/wp-json\/wp\/v2\/users\/1"}],"replies":[{"embeddable":true,"href":"https:\/\/wiy.com.br\/noticias\/wp-json\/wp\/v2\/comments?post=40501"}],"version-history":[{"count":0,"href":"https:\/\/wiy.com.br\/noticias\/wp-json\/wp\/v2\/posts\/40501\/revisions"}],"wp:featuredmedia":[{"embeddable":true,"href":"https:\/\/wiy.com.br\/noticias\/wp-json\/wp\/v2\/media\/40502"}],"wp:attachment":[{"href":"https:\/\/wiy.com.br\/noticias\/wp-json\/wp\/v2\/media?parent=40501"}],"wp:term":[{"taxonomy":"category","embeddable":true,"href":"https:\/\/wiy.com.br\/noticias\/wp-json\/wp\/v2\/categories?post=40501"},{"taxonomy":"post_tag","embeddable":true,"href":"https:\/\/wiy.com.br\/noticias\/wp-json\/wp\/v2\/tags?post=40501"}],"curies":[{"name":"wp","href":"https:\/\/api.w.org\/{rel}","templated":true}]}}