{"id":40269,"date":"2023-02-26T15:23:24","date_gmt":"2023-02-26T18:23:24","guid":{"rendered":"https:\/\/wiy.com.br\/noticias\/em-busca-de-apoio-de-bolsonaro-crivella-presta-solidariedade-a-flavio\/"},"modified":"2019-12-22T11:30:16","modified_gmt":"2019-12-22T13:30:16","slug":"em-busca-de-apoio-de-bolsonaro-crivella-presta-solidariedade-a-flavio","status":"publish","type":"post","link":"https:\/\/wiy.com.br\/noticias\/em-busca-de-apoio-de-bolsonaro-crivella-presta-solidariedade-a-flavio\/","title":{"rendered":"Em busca de apoio de Bolsonaro, Crivella presta solidariedade a Fl\u00e1vio"},"content":{"rendered":"<p> <br \/>\n<\/p>\n<p>Rio de Janeiro \u2014 De olho no apoio do presidente Jair Bolsonaro para sua candidatura de reelei\u00e7\u00e3o em 2020, o prefeito do Rio, <strong><a href=\"https:\/\/exame.abril.com.br\/noticias-sobre\/marcelo-crivella\/\">Marcelo Crivella<\/a><\/strong>, postou na noite deste s\u00e1bado (21) um v\u00eddeo em suas redes sociais no qual presta solidariedade ao senador Fl\u00e1vio Bolsonaro (sem partido-RJ), investigado pelo Minist\u00e9rio P\u00fablico do Rio por peculato e lavagem de dinheiro.<\/p>\n<p>&#8220;Presto minha solidariedade ao Senador Fl\u00e1vio Bolsonaro, pela grande persegui\u00e7\u00e3o que vem enfrentando. Quando n\u00e3o somos coniventes com a corrup\u00e7\u00e3o, \u00e9 isso o que acontece: somos atacados. Mas a verdade sempre vai prevalecer. N\u00e3o v\u00e3o derrubar os que foram, democraticamente, eleitos&#8221;, escreveu Crivella na postagem em que exibe o v\u00eddeo com seu apoio a Fl\u00e1vio.<\/p>\n<div class=\"embed-twitter\">\n<blockquote class=\"twitter-tweet\" data-width=\"500\" data-dnt=\"true\">\n<p lang=\"pt\" dir=\"ltr\">Presto minha solidariedade ao Senador Fl\u00e1vio Bolsonaro, pela grande persegui\u00e7\u00e3o que vem enfrentando. Quando n\u00e3o somos coniventes com a corrup\u00e7\u00e3o, \u00e9 isso o que acontece: somos atacados. Mas a verdade sempre vai prevalecer. N\u00e3o v\u00e3o derrubar os que foram, democraticamente, eleitos. <a href=\"https:\/\/t.co\/bXx22jugRk\">pic.twitter.com\/bXx22jugRk<\/a><\/p>\n<p>&mdash; Marcelo Crivella (@MCrivella) <a href=\"https:\/\/twitter.com\/MCrivella\/status\/1208524358098010112?ref_src=twsrc%5Etfw\">December 21, 2019<\/a><\/p>\n<\/blockquote>\n<\/div>\n<p>No v\u00eddeo, o prefeito diz que pol\u00edticos do Rio &#8220;hoje cumprem pena maior do que o man\u00edaco do parque&#8221;. Depois, critica a imprensa e o Judici\u00e1rio:<\/p>\n<p>&#8220;Setores da Justi\u00e7a eram coniventes com aquele imp\u00e9rio da corrup\u00e7\u00e3o. E, agora, quando o povo consegue nas urnas, de maneira espetacular, eleger um jovem senador, se voltam contra ele aquelas for\u00e7as que antes apoiavam os corruptos. Por isso, venho repudiar veementemente essa campanha caluniosa contra o senador Fl\u00e1vio Bolsonaro. Tenho certeza de que tenta tamb\u00e9m atingir seu pai, que j\u00e1 quase morreu com uma facada durante a elei\u00e7\u00e3o e que os inconformados com a derrota tentam derrubar de todas as formas uma decis\u00e3o tomada soberanamente pelo povo brasileiro que foi lev\u00e1-lo \u00e0 Presid\u00eancia para que conduza a na\u00e7\u00e3o ao progresso&#8221;, disse.<\/p>\n<p>O presidente j\u00e1 afirmou que \u201cgosta\u201d do prefeito do Rio, mas disse que n\u00e3o vai anunciar apoio a nenhum candidato ainda. Segundo pesquisa do Datafolha encomendada pelo GLOBO e pelo jornal \u201cFolha de S.Paulo\u201d, a gest\u00e3o de Crivella \u00e9 reprovada por 72% dos entrevistados, que a consideram ruim ou p\u00e9ssima.<\/p>\n<div class=\"widget-news widget-box no-margin no-border\"><span class=\"widget-news-title content-box-title\">Veja tamb\u00e9m<\/span><\/p>\n<ul class=\"widget-news-list\">\n<li class=\"widget-news-item without-thumb with-border\">\n<div class=\"widget-news-info\"><a href=\"http:\/\/exame.abril.com.br\/brasil\">BRASIL<\/a><span class=\"widget-news-item-title\"><a href=\"https:\/\/exame.abril.com.br\/brasil\/entenda-as-novas-pistas-da-investigacao-sobre-rachadinha-de-flavio\/\">Entenda as novidades sobre o caso da &#8220;rachadinha&#8221; de Fl\u00e1vio Bolsonaro<\/a><\/span><span class=\"widget-news-item-date\">19 dez 2019 &#8211; 17h12<\/span><\/div>\n<\/li>\n<li class=\"widget-news-item without-thumb with-border\">\n<div class=\"widget-news-info\"><a href=\"http:\/\/exame.abril.com.br\/brasil\">BRASIL<\/a><span class=\"widget-news-item-title\"><a href=\"https:\/\/exame.abril.com.br\/brasil\/perguntado-sobre-flavio-bolsonaro-da-resposta-homofobica-a-jornalista\/\">Perguntado sobre Fl\u00e1vio, Bolsonaro d\u00e1 resposta homof\u00f3bica a jornalista<\/a><\/span><span class=\"widget-news-item-date\">20 dez 2019 &#8211; 13h12<\/span><\/div>\n<\/li>\n<\/ul>\n<\/div>\n<p>&#8220;Eu n\u00e3o vou dizer quem vou apoiar, quem n\u00e3o vou, eu t\u00f4 livre agora, t\u00f4 solteiro, voc\u00ea quer que eu case com algu\u00e9m agora? N\u00e3o vou casar. Gosto do Crivella, me dou bem com ele, (mas) a popula\u00e7\u00e3o \u00e9 quem vai decidir quem vai ser o futuro prefeito&#8221;, afirmou Bolsonaro.<\/p>\n<p>Bolsonaro defendeu ainda que sua participa\u00e7\u00e3o nas elei\u00e7\u00f5es municipais ser\u00e1 definida pelo entendimento a ser firmado pelo Tribunal Superior Eleitoral sobre a coleta de assinaturas de forma eletr\u00f4nica na cria\u00e7\u00e3o de novos partidos, o que agilizaria o procedimento e permitiria a cria\u00e7\u00e3o da legenda de Bolsonaro, a Alian\u00e7a pelo Brasil.<\/p>\n<p>&#8220;Depende da modula\u00e7\u00e3o do TSE, se n\u00e3o for poss\u00edvel \u00a0eu vou continuar sem partido, e como \u00e9 obrigat\u00f3rio ter um partido, n\u00e3o sei como vai ficar as elei\u00e7\u00f5es municipais do ano que vem com a minha participa\u00e7\u00e3o ou n\u00e3o. O Rio de Janeiro vem sofrendo muito, espero que acertem a quest\u00e3o eleitoral&#8221;, afirmou.<\/p>\n<p><script async src=\"http:\/\/platform.twitter.com\/widgets.js\" charset=\"utf-8\"><\/script><br \/>\n<br \/><br \/>\n<br \/><a href=\"https:\/\/exame.abril.com.br\/brasil\/em-busca-de-apoio-de-bolsonaro-crivella-presta-solidariedade-a-flavio\/\">Fonte do artigo <\/a><br \/>\nTags:<br \/>\n#politica #political #negocios #business #marketingdigital #empreendedorismo #marketing #emprendedores #empreender #sucesso #empresas #emprendimiento #emprendedor #empreendedor #emprender #dinheiro #dinero #empresario #vendas #liderazgo #motivacion #foco #motivacao #negocio #brasil<\/p>\n","protected":false},"excerpt":{"rendered":"<p>Rio de Janeiro \u2014 De olho no apoio do presidente Jair Bolsonaro para sua candidatura de reelei\u00e7\u00e3o em 2020, o prefeito do Rio, Marcelo Crivella, postou na noite deste s\u00e1bado (21) um v\u00eddeo em suas redes sociais no qual presta solidariedade ao senador Fl\u00e1vio Bolsonaro (sem partido-RJ), investigado pelo Minist\u00e9rio P\u00fablico do Rio por peculato [&hellip;]<\/p>\n","protected":false},"author":1,"featured_media":39429,"comment_status":"open","ping_status":"open","sticky":false,"template":"","format":"standard","meta":{"footnotes":""},"categories":[1],"tags":[],"class_list":["post-40269","post","type-post","status-publish","format-standard","has-post-thumbnail","hentry","category-curso-de-copy"],"_links":{"self":[{"href":"https:\/\/wiy.com.br\/noticias\/wp-json\/wp\/v2\/posts\/40269","targetHints":{"allow":["GET"]}}],"collection":[{"href":"https:\/\/wiy.com.br\/noticias\/wp-json\/wp\/v2\/posts"}],"about":[{"href":"https:\/\/wiy.com.br\/noticias\/wp-json\/wp\/v2\/types\/post"}],"author":[{"embeddable":true,"href":"https:\/\/wiy.com.br\/noticias\/wp-json\/wp\/v2\/users\/1"}],"replies":[{"embeddable":true,"href":"https:\/\/wiy.com.br\/noticias\/wp-json\/wp\/v2\/comments?post=40269"}],"version-history":[{"count":0,"href":"https:\/\/wiy.com.br\/noticias\/wp-json\/wp\/v2\/posts\/40269\/revisions"}],"wp:featuredmedia":[{"embeddable":true,"href":"https:\/\/wiy.com.br\/noticias\/wp-json\/wp\/v2\/media\/39429"}],"wp:attachment":[{"href":"https:\/\/wiy.com.br\/noticias\/wp-json\/wp\/v2\/media?parent=40269"}],"wp:term":[{"taxonomy":"category","embeddable":true,"href":"https:\/\/wiy.com.br\/noticias\/wp-json\/wp\/v2\/categories?post=40269"},{"taxonomy":"post_tag","embeddable":true,"href":"https:\/\/wiy.com.br\/noticias\/wp-json\/wp\/v2\/tags?post=40269"}],"curies":[{"name":"wp","href":"https:\/\/api.w.org\/{rel}","templated":true}]}}