{"id":40257,"date":"2023-02-26T15:31:24","date_gmt":"2023-02-26T18:31:24","guid":{"rendered":"https:\/\/wiy.com.br\/noticias\/se-eu-nao-tiver-a-cabeca-no-lugar-eu-alopro-diz-bolsonaro\/"},"modified":"2019-12-21T19:14:18","modified_gmt":"2019-12-21T21:14:18","slug":"se-eu-nao-tiver-a-cabeca-no-lugar-eu-alopro-diz-bolsonaro","status":"publish","type":"post","link":"https:\/\/wiy.com.br\/noticias\/se-eu-nao-tiver-a-cabeca-no-lugar-eu-alopro-diz-bolsonaro\/","title":{"rendered":"\u201cSe eu n\u00e3o tiver a cabe\u00e7a no lugar, eu alopro\u201d, diz Bolsonaro"},"content":{"rendered":"<p> <br \/>\n<\/p>\n<p><span>\u00a0<\/span>O presidente <strong><a href=\"https:\/\/exame.abril.com.br\/noticias-sobre\/Jair-Bolsonaro\">Jair Bolsonaro<\/a><\/strong> disse, neste s\u00e1bado, que h\u00e1 um abuso do Minist\u00e9rio P\u00fablico nas investiga\u00e7\u00f5es envolvendo o suposto esquema de &#8220;<a href=\"https:\/\/exame.abril.com.br\/brasil\/entenda-as-novas-pistas-da-investigacao-sobre-rachadinha-de-flavio\/\">rachadinha<\/a>&#8221; no gabinete de seu filho <strong><a href=\"https:\/\/exame.abril.com.br\/noticias-sobre\/Flavio-bolsonaro\/\">Fl\u00e1vio<\/a><\/strong>, na \u00e9poca em que era deputado estadual no Rio. Bolsonaro defendeu um controle sobre o \u00f3rg\u00e3o, mas afirmou n\u00e3o fazer qualquer movimento para atrapalhar a investiga\u00e7\u00e3o.<\/p>\n<p>&#8211; Ent\u00e3o, a quest\u00e3o do MP. T\u00e1 sendo um abuso. \u00c9 o que noto. Qual a interfer\u00eancia minha? Zero &#8211; disse o presidente.<\/p>\n<p>A declara\u00e7\u00e3o foi dada pelo presidente na \u00e1rea da piscina do Pal\u00e1cio do Alvorada, onde recebeu jornalistas que cobrem o dia-a-dia do governo para uma conversa sobre um balan\u00e7o de seu primeiro ano de mandato.<\/p>\n<p>Ele aceitou conceder a entrevista, mas pediu aos rep\u00f3rteres para n\u00e3o questionarem sobre a vida pessoal. Durante a conversa, no entanto, disse que encerraria a entrevista se fizessem &#8220;alguma pergunta chata.&#8221; Em seguida, sobre as investiga\u00e7\u00f5es de Fl\u00e1vio, ele respondeu, afirmando que n\u00e3o daria espa\u00e7o a mais questionamentos sobre o tema.<\/p>\n<p>\u2014 Vou responder sem a r\u00e9plica. O processo est\u00e1 em segredo de Justi\u00e7a? \u00a0Te respondo, t\u00e1. Quem \u00e9 que julga? O MP ou juiz? Os caras vazam e julgam, paci\u00eancia, p\u00f4<\/p>\n<p>Bolsonaro afirmou ainda que h\u00e1 um &#8220;estardalha\u00e7o&#8221; com objetivo apenas de promover um desgaste. Ele ainda criticou o vazamento de detalhes da investiga\u00e7\u00e3o que est\u00e3o sob segredo de justi\u00e7a.<\/p>\n<div class=\"widget-news widget-box no-margin no-border\"><span class=\"widget-news-title content-box-title\">Veja tamb\u00e9m<\/span><\/p>\n<ul class=\"widget-news-list\">\n<li class=\"widget-news-item without-thumb with-border\">\n<div class=\"widget-news-info\"><a href=\"http:\/\/exame.abril.com.br\/brasil\">BRASIL<\/a><span class=\"widget-news-item-title\"><a href=\"https:\/\/exame.abril.com.br\/brasil\/bolsonaro-quer-elevar-teto-do-ir-para-r-3-mil-por-mes\/\">Bolsonaro quer elevar teto do IR para R$ 3 mil por m\u00eas<\/a><\/span><span class=\"widget-news-item-date\">21 dez 2019 &#8211; 15h12<\/span><\/div>\n<\/li>\n<li class=\"widget-news-item without-thumb with-border\">\n<div class=\"widget-news-info\"><a href=\"http:\/\/exame.abril.com.br\/brasil\">BRASIL<\/a><span class=\"widget-news-item-title\"><a href=\"https:\/\/exame.abril.com.br\/brasil\/bolsonaro-diz-que-ministro-jorge-de-oliveira-e-bom-nome-para-o-stf\/\">Bolsonaro diz que ministro Jorge de Oliveira \u00e9 bom nome para o STF<\/a><\/span><span class=\"widget-news-item-date\">21 dez 2019 &#8211; 16h12<\/span><\/div>\n<\/li>\n<\/ul>\n<\/div>\n<p>\u2014 Qual \u00e9 a inten\u00e7\u00e3o? Um estardalha\u00e7o enorme. Ser\u00e1 porque falta materialidade para ele e o que vale \u00e9 o desgaste agora? Quem est\u00e1 feliz com essa exposi\u00e7\u00e3o a\u00ed absurda na m\u00eddia? Algu\u00e9m est\u00e1 feliz com isso \u2014 disse, sinalizando que o assunto o inc\u00f4moda:\u00a0 \u2014 Agora, se eu n\u00e3o tiver a cabe\u00e7a no lugar, eu alopro.<\/p>\n<p>O presidente lembrou que o <strong><a href=\"https:\/\/exame.abril.com.br\/noticias-sobre\/Coaf\">Coaf<\/a> <\/strong>(Conselho de Controle de Atividades Financeiras) repassou dados de seu filho Fl\u00e1vio e criticou a divulga\u00e7\u00e3o das informa\u00e7\u00f5es pelo Minist\u00e9rio P\u00fablico.<\/p>\n<p>\u2014 Por exemplo, se entra na conta de uma funcion\u00e1ria R$ 60 mil, ela botando na minha conta. Vai ser um esc\u00e2ndalo. No dia seguinte, vou mostrar que vendi o carro para ela. J\u00e1 est\u00e1 feita a besteira. \u00c9 assim que se deve comportar o Minist\u00e9rio P\u00fablico? \u2014 questionou.<\/p>\n<p>Bolsonaro, em seguida, defendeu uma forma de controle ao Minist\u00e9rio P\u00fablico, que n\u00e3o seja exercida pelo poder Executivo.<\/p>\n<p>\u2014 Todo poder tem que ter uma forma de sofrer um controle. N\u00e3o \u00e9 do Executivo, \u00e9 um controle. Quando come\u00e7a a\u00a0 perder o controle, busca pelo em ovo&#8230; Eu sou r\u00e9u no Supremo, sofri muito processo os mais variados poss\u00edveis \u2014 disse.<\/p>\n<p>Ao falar sobre a investiga\u00e7\u00f5es envolvendo Fl\u00e1vio, Bolsonaro voltou a criticar o governador Wilson Witzel e\u00a0 insinuou a interfer\u00eancia dele no inqu\u00e9rito. O presidente disse que <strong><a href=\"https:\/\/exame.abril.com.br\/noticias-sobre\/wilson-Witzel\/\">Witzel<\/a> <\/strong>nunca foi aliado dele, mas apenas de Fl\u00e1vio. Segundo ele, ap\u00f3s eleito, o governador passou a desejar querer ser presidente da Rep\u00fablica.<\/p>\n<p>\u2014\u00a0 Ele n\u00e3o era aliado meu, era aliado do Fl\u00e1vio. Voc\u00ea n\u00e3o v\u00ea nenhuma foto minha durante a campanha, at\u00e9 porque nem fiz campanha no Rio de Janeiro. Eu o conheci pela televis\u00e3o e pela internet. O cara ficou ali o tempo todo com o Fl\u00e1vio. S\u00f3 n\u00e3o vi dando beijo no Fl\u00e1vio de l\u00edngua, bitoquinha eu j\u00e1 vi. Acabou as elei\u00e7\u00f5es, sobe \u00e0 cabe\u00e7a dele e quer ser presidente da Rep\u00fablica. E come\u00e7a esse inferno na minha vida \u2014\u00a0 disse Bolsonaro.<\/p>\n<p>O Minist\u00e9rio P\u00fablico do Rio de Janeiro (MPRJ) investiga a pr\u00e1tica de &#8220;rachadinha&#8221; no gabinete de Fl\u00e1vio quando ele era deputado estadual. Os promotores afirmam que ele nomeava assessores orientados a devolver parte de seus sal\u00e1rios para o grupo; que o ex-policial militar Fabr\u00edcio Queiroz fazia toda a opera\u00e7\u00e3o de recolhimento da remunera\u00e7\u00e3o dos funcion\u00e1rios; e que a loja de chocolates de Fl\u00e1vio num shopping e neg\u00f3cios imobili\u00e1rios do senador serviam para lavar o dinheiro. Na quarta-feira, foi feita uma opera\u00e7\u00e3o de busca e apreens\u00e3o em endere\u00e7os relacionados a Fl\u00e1vio e ex-assessores. A defesa do senador nega as acusa\u00e7\u00f5es.<\/p>\n<p><br \/>\n<br \/><a href=\"https:\/\/exame.abril.com.br\/brasil\/se-eu-nao-tiver-a-cabeca-no-lugar-eu-alopro-diz-bolsonaro\/\">Fonte do artigo <\/a><br \/>\nTags:<br \/>\n#politica #political #negocios #business #marketingdigital #empreendedorismo #marketing #emprendedores #empreender #sucesso #empresas #emprendimiento #emprendedor #empreendedor #emprender #dinheiro #dinero #empresario #vendas #liderazgo #motivacion #foco #motivacao #negocio #brasil<\/p>\n","protected":false},"excerpt":{"rendered":"<p>\u00a0O presidente Jair Bolsonaro disse, neste s\u00e1bado, que h\u00e1 um abuso do Minist\u00e9rio P\u00fablico nas investiga\u00e7\u00f5es envolvendo o suposto esquema de &#8220;rachadinha&#8221; no gabinete de seu filho Fl\u00e1vio, na \u00e9poca em que era deputado estadual no Rio. Bolsonaro defendeu um controle sobre o \u00f3rg\u00e3o, mas afirmou n\u00e3o fazer qualquer movimento para atrapalhar a investiga\u00e7\u00e3o. &#8211; [&hellip;]<\/p>\n","protected":false},"author":1,"featured_media":40252,"comment_status":"open","ping_status":"open","sticky":false,"template":"","format":"standard","meta":{"footnotes":""},"categories":[1],"tags":[],"class_list":["post-40257","post","type-post","status-publish","format-standard","has-post-thumbnail","hentry","category-curso-de-copy"],"_links":{"self":[{"href":"https:\/\/wiy.com.br\/noticias\/wp-json\/wp\/v2\/posts\/40257","targetHints":{"allow":["GET"]}}],"collection":[{"href":"https:\/\/wiy.com.br\/noticias\/wp-json\/wp\/v2\/posts"}],"about":[{"href":"https:\/\/wiy.com.br\/noticias\/wp-json\/wp\/v2\/types\/post"}],"author":[{"embeddable":true,"href":"https:\/\/wiy.com.br\/noticias\/wp-json\/wp\/v2\/users\/1"}],"replies":[{"embeddable":true,"href":"https:\/\/wiy.com.br\/noticias\/wp-json\/wp\/v2\/comments?post=40257"}],"version-history":[{"count":0,"href":"https:\/\/wiy.com.br\/noticias\/wp-json\/wp\/v2\/posts\/40257\/revisions"}],"wp:featuredmedia":[{"embeddable":true,"href":"https:\/\/wiy.com.br\/noticias\/wp-json\/wp\/v2\/media\/40252"}],"wp:attachment":[{"href":"https:\/\/wiy.com.br\/noticias\/wp-json\/wp\/v2\/media?parent=40257"}],"wp:term":[{"taxonomy":"category","embeddable":true,"href":"https:\/\/wiy.com.br\/noticias\/wp-json\/wp\/v2\/categories?post=40257"},{"taxonomy":"post_tag","embeddable":true,"href":"https:\/\/wiy.com.br\/noticias\/wp-json\/wp\/v2\/tags?post=40257"}],"curies":[{"name":"wp","href":"https:\/\/api.w.org\/{rel}","templated":true}]}}