{"id":40065,"date":"2023-02-26T15:08:20","date_gmt":"2023-02-26T18:08:20","guid":{"rendered":"https:\/\/wiy.com.br\/noticias\/prefeitura-anuncia-licitacao-para-modernizacao-dos-semaforos-da-capital\/"},"modified":"2019-12-19T20:29:35","modified_gmt":"2019-12-19T22:29:35","slug":"prefeitura-anuncia-licitacao-para-modernizacao-dos-semaforos-da-capital","status":"publish","type":"post","link":"https:\/\/wiy.com.br\/noticias\/prefeitura-anuncia-licitacao-para-modernizacao-dos-semaforos-da-capital\/","title":{"rendered":"Prefeitura anuncia licita\u00e7\u00e3o para moderniza\u00e7\u00e3o dos sem\u00e1foros da capital"},"content":{"rendered":"<p> <br \/>\n<\/p>\n<p>A <a href=\"https:\/\/vejasp.abril.com.br\/tudo-sobre\/prefeitura-de-sao-paulo\/\"><strong>Prefeitura de S\u00e3o Paulo<\/strong><\/a> lan\u00e7ou nesta quinta-feira (19) um edital que visa <strong>modernizar os sem\u00e1foros da capital paulista<\/strong>. A licita\u00e7\u00e3o est\u00e1 or\u00e7ada em <strong>aproximadamente 900 milh\u00f5es de reais<\/strong>, e prev\u00ea a troca dos equipamentos do chamado mini anel vi\u00e1rio, mesma \u00e1rea onde \u00e9 v\u00e1lido o <a href=\"https:\/\/vejasp.abril.com.br\/cidades\/rodizio-municipal-fim-de-ano\/\">rod\u00edzio no munic\u00edpio<\/a>.<\/p>\n<p>Al\u00e9m da troca dos equipamentos, \u00e9 previsto tamb\u00e9m o enterramento de cabos el\u00e9tricos, a conex\u00e3o de cruzamentos com centrais semaf\u00f3ricas e a substitui\u00e7\u00e3o de controladores antigos. A revitaliza\u00e7\u00e3o e manuten\u00e7\u00e3o dos equipamentos deve ocorrer em toda a cidade. A licita\u00e7\u00e3o ir\u00e1 dividir a cidade em quatro lotes, para facilitar a gest\u00e3o das empresas que ser\u00e3o contratadas.<\/p>\n<p>Atualmente, segundo a prefeitura, a cidade conta com 5 895 interse\u00e7\u00f5es com sem\u00e1foros, e a regi\u00e3o do mini anel vi\u00e1rio conta com 2 583 destas. Os novos contratos ser\u00e3o v\u00e1lidos por sessenta meses. As empresas ter\u00e3o um prazo de 30 meses para modernizar pelo menos 50% do mini anel. A abertura dos envelopes de habilita\u00e7\u00e3o dos interessados ocorrer\u00e1 no dia 16 de janeiro, \u00e0s 10h.<\/p>\n<div class=\"widget-news widget-box no-margin no-border\"><span class=\"widget-news-title content-box-title\">Veja tamb\u00e9m<\/span><\/p>\n<ul class=\"widget-news-list\">\n<li class=\"widget-news-item without-thumb with-border\">\n<div class=\"widget-news-info\"><a href=\"http:\/\/vejasp.abril.com.br\/cidades\">Cidades<\/a><span class=\"widget-news-item-title\"><a href=\"https:\/\/vejasp.abril.com.br\/cidades\/prefeitura-unidades-habitacionais-2020\/\">Prefeitura anuncia 10 000 unidades habitacionais em 2020<\/a><\/span><span class=\"widget-news-item-date\">19 dez 2019 &#8211; 15h12<\/span><\/div>\n<\/li>\n<li class=\"widget-news-item without-thumb with-border\">\n<div class=\"widget-news-info\"><a href=\"http:\/\/vejasp.abril.com.br\/cidades\">Cidades<\/a><span class=\"widget-news-item-title\"><a href=\"https:\/\/vejasp.abril.com.br\/cidades\/aumenta-circulacao-de-ciclistas-em-areas-centrais-da-capital-paulista\/\">Aumenta circula\u00e7\u00e3o de ciclistas em \u00e1reas centrais da capital paulista<\/a><\/span><span class=\"widget-news-item-date\">18 dez 2019 &#8211; 18h12<\/span><\/div>\n<\/li>\n<\/ul>\n<\/div>\n<p>&nbsp;<\/p>\n<p><br \/>\n<br \/><a href=\"https:\/\/vejasp.abril.com.br\/cidades\/prefeitura-modernizacao-semaforos\/\">Fonte do Artigo <\/a><br \/>\nTags:<br \/>\n#loterias #loteriascaixa #megasena #resultadoapostas#noticias #noticiario  #noticia #brasil #noticiascolombia #mundo #esporte #colombia #noticiadeld #ltimasnoticias  #noticiario #noticiasregionales #noticiasdepartamentales #noticiashoy #esportes #noticiaahora #elinformantenoticias #noticiasdeboyac  #esporteinterativo #esportivo #diariodosesportes  #noticiero  #jogodefutebol #jogos #loto #apostas<\/p>\n","protected":false},"excerpt":{"rendered":"<p>A Prefeitura de S\u00e3o Paulo lan\u00e7ou nesta quinta-feira (19) um edital que visa modernizar os sem\u00e1foros da capital paulista. A licita\u00e7\u00e3o est\u00e1 or\u00e7ada em aproximadamente 900 milh\u00f5es de reais, e prev\u00ea a troca dos equipamentos do chamado mini anel vi\u00e1rio, mesma \u00e1rea onde \u00e9 v\u00e1lido o rod\u00edzio no munic\u00edpio. Al\u00e9m da troca dos equipamentos, \u00e9 [&hellip;]<\/p>\n","protected":false},"author":1,"featured_media":40066,"comment_status":"open","ping_status":"open","sticky":false,"template":"","format":"standard","meta":{"footnotes":""},"categories":[1],"tags":[],"class_list":["post-40065","post","type-post","status-publish","format-standard","has-post-thumbnail","hentry","category-curso-de-copy"],"_links":{"self":[{"href":"https:\/\/wiy.com.br\/noticias\/wp-json\/wp\/v2\/posts\/40065","targetHints":{"allow":["GET"]}}],"collection":[{"href":"https:\/\/wiy.com.br\/noticias\/wp-json\/wp\/v2\/posts"}],"about":[{"href":"https:\/\/wiy.com.br\/noticias\/wp-json\/wp\/v2\/types\/post"}],"author":[{"embeddable":true,"href":"https:\/\/wiy.com.br\/noticias\/wp-json\/wp\/v2\/users\/1"}],"replies":[{"embeddable":true,"href":"https:\/\/wiy.com.br\/noticias\/wp-json\/wp\/v2\/comments?post=40065"}],"version-history":[{"count":0,"href":"https:\/\/wiy.com.br\/noticias\/wp-json\/wp\/v2\/posts\/40065\/revisions"}],"wp:featuredmedia":[{"embeddable":true,"href":"https:\/\/wiy.com.br\/noticias\/wp-json\/wp\/v2\/media\/40066"}],"wp:attachment":[{"href":"https:\/\/wiy.com.br\/noticias\/wp-json\/wp\/v2\/media?parent=40065"}],"wp:term":[{"taxonomy":"category","embeddable":true,"href":"https:\/\/wiy.com.br\/noticias\/wp-json\/wp\/v2\/categories?post=40065"},{"taxonomy":"post_tag","embeddable":true,"href":"https:\/\/wiy.com.br\/noticias\/wp-json\/wp\/v2\/tags?post=40065"}],"curies":[{"name":"wp","href":"https:\/\/api.w.org\/{rel}","templated":true}]}}