{"id":40041,"date":"2023-02-26T15:37:38","date_gmt":"2023-02-26T18:37:38","guid":{"rendered":"https:\/\/wiy.com.br\/noticias\/prefeitura-anuncia-10-000-unidades-habitacionais-em-2020\/"},"modified":"2019-12-19T17:26:10","modified_gmt":"2019-12-19T19:26:10","slug":"prefeitura-anuncia-10-000-unidades-habitacionais-em-2020","status":"publish","type":"post","link":"https:\/\/wiy.com.br\/noticias\/prefeitura-anuncia-10-000-unidades-habitacionais-em-2020\/","title":{"rendered":"Prefeitura anuncia 10 000 unidades habitacionais em 2020"},"content":{"rendered":"<p> <br \/>\n<\/p>\n<p>A <a href=\"https:\/\/vejasp.abril.com.br\/blog\/poder-sp\/prefeitura-desiste-de-fechar-minhocao-para-a-construcao-de-parque\/\"><strong>Prefeitura de S\u00e3o Paulo<\/strong><\/a> lan\u00e7ou nesta quinta-feira (19) o programa habitacional &#8220;Pode Entrar&#8221;, que cria mecanismos de incentivo \u00e0 produ\u00e7\u00e3o de unidades habitacionais populares para fam\u00edlias com renda bruta de at\u00e9 tr\u00eas sal\u00e1rios, que n\u00e3o possuem acesso ao cr\u00e9dito imobili\u00e1rio. Ser\u00e3o atendidas ainda fam\u00edlias com renda bruta de at\u00e9 seis sal\u00e1rios m\u00ednimos, com cr\u00e9dito de at\u00e9 40 000 reais.<\/p>\n<p>Al\u00e9m de viabilizar a constru\u00e7\u00e3o de moradias populares, o projeto tamb\u00e9m pretende requalificar pr\u00e9dios no centro da cidade. \u201cNeste governo a quest\u00e3o habitacional n\u00e3o fica s\u00f3 no discurso. Vamos entregar, ao longo de quatro anos, 25 000 unidades habitacionais. \u00c9 um recorde na hist\u00f3ria da cidade. Tamb\u00e9m estamos deixando 35 000 unidades habitacionais para o pr\u00f3ximo governo\u201d, destacou o prefeito <a href=\"https:\/\/vejasp.abril.com.br\/cidades\/bruno-covas-alta\/\">Bruno Covas<\/a> (PSDB).<\/p>\n<p>Segundo Covas, com as novas unidades ser\u00e1 poss\u00edvel remover fam\u00edlias que vivem em \u00e1reas de risco e entidades que se cadastraram em chamamento feito pelo governo anterior.<\/p>\n<p>A fase inicial do programa, em 2020, vai contar com investimento de 1 bilh\u00e3o de reais, recursos oriundos do munic\u00edpio, para a constru\u00e7\u00e3o de 10 000 unidades.<\/p>\n<p><strong>Fundurb<\/strong><\/p>\n<p>Uma das fontes para a viabiliza\u00e7\u00e3o do projeto foi a altera\u00e7\u00e3o da Lei do Fundo de Desenvolvimento Urbano (Fundurb), sancionada em outubro, que agora permite que o munic\u00edpio invista recursos na constru\u00e7\u00e3o de unidades habitacionais. Antes, a lei determinava que os repasses do fundo para a habita\u00e7\u00e3o fossem utilizados apenas para a compra de terrenos.<\/p>\n<p>Na primeira fase do programa, o valor repassado pelo Fundurb ser\u00e1 de 499 milh\u00f5es de reais. Ap\u00f3s a fase inicial, ser\u00e3o aplicados recursos complementares dos governos federal e estadual. Outras fontes s\u00e3o provenientes de opera\u00e7\u00f5es de cr\u00e9dito de bancos nacionais, de cerca de 170 milh\u00f5es de reais; e dos investimentos das opera\u00e7\u00f5es urbanas, aproximadamente 404 milh\u00f5es de reais.<\/p>\n<p>Segundo a prefeitura, 40% dos recursos ser\u00e3o destinados \u00e0s fam\u00edlias cadastradas pela Cia Metropolitana de Habita\u00e7\u00e3o de S\u00e3o Paulo (Cohab SP) e fam\u00edlias provenientes de remo\u00e7\u00e3o de \u00e1reas de risco ou que tenham sofrido remo\u00e7\u00e3o por interven\u00e7\u00f5es urbanas; 40% para empreendimentos desenvolvidos por entidades organizadoras de projetos habitacionais; e 20% para empreendimentos de loca\u00e7\u00e3o social ou carta de cr\u00e9dito.<\/p>\n<p>Estar\u00e3o aptas a ser contempladas, fam\u00edlias ou pessoas com renda de at\u00e9 tr\u00eas sal\u00e1rios m\u00ednimos, que n\u00e3o sejam propriet\u00e1rias de outros im\u00f3veis e que nunca tenham sido beneficiadas por atendimento habitacional definitivo em qualquer outro munic\u00edpio do pa\u00eds. Ser\u00e3o destinados 5% das unidades de todos os empreendimentos constru\u00eddos \u00e0 pessoas com defici\u00eancia; 5% para pessoas idosas; e 5% para mulheres atendidas por medida protetiva prevista na Lei Maria da Penha.<\/p>\n<p>As obras devem ser iniciadas em fevereiro de 2020. Todas as regi\u00f5es da capital ser\u00e3o contempladas.<\/p>\n<div class=\"widget-news widget-box no-margin no-border\"><span class=\"widget-news-title content-box-title\">Veja tamb\u00e9m<\/span><\/p>\n<ul class=\"widget-news-list\">\n<li class=\"widget-news-item without-thumb with-border\">\n<div class=\"widget-news-info\"><a href=\"http:\/\/vejasp.abril.com.br\/cidades\">Cidades<\/a><span class=\"widget-news-item-title\"><a href=\"https:\/\/vejasp.abril.com.br\/cidades\/aumenta-circulacao-de-ciclistas-em-areas-centrais-da-capital-paulista\/\">Aumenta circula\u00e7\u00e3o de ciclistas em \u00e1reas centrais da capital paulista<\/a><\/span><span class=\"widget-news-item-date\">18 dez 2019 &#8211; 18h12<\/span><\/div>\n<\/li>\n<li class=\"widget-news-item without-thumb with-border\">\n<div class=\"widget-news-info\"><a href=\"http:\/\/vejasp.abril.com.br\/cidades\">Cidades<\/a><span class=\"widget-news-item-title\"><a href=\"https:\/\/vejasp.abril.com.br\/cidades\/justica-proibe-construcao-tunel-avenida-paulista-boulevard-diversidade\/\">Justi\u00e7a suspende constru\u00e7\u00e3o de t\u00fanel na regi\u00e3o da Avenida Paulista<\/a><\/span><span class=\"widget-news-item-date\">18 dez 2019 &#8211; 16h12<\/span><\/div>\n<\/li>\n<\/ul>\n<\/div>\n<p><br \/>\n<br \/><a href=\"https:\/\/vejasp.abril.com.br\/cidades\/prefeitura-unidades-habitacionais-2020\/\">Fonte do Artigo <\/a><br \/>\nTags:<br \/>\n#loterias #loteriascaixa #megasena #resultadoapostas#noticias #noticiario  #noticia #brasil #noticiascolombia #mundo #esporte #colombia #noticiadeld #ltimasnoticias  #noticiario #noticiasregionales #noticiasdepartamentales #noticiashoy #esportes #noticiaahora #elinformantenoticias #noticiasdeboyac  #esporteinterativo #esportivo #diariodosesportes  #noticiero  #jogodefutebol #jogos #loto #apostas<\/p>\n","protected":false},"excerpt":{"rendered":"<p>A Prefeitura de S\u00e3o Paulo lan\u00e7ou nesta quinta-feira (19) o programa habitacional &#8220;Pode Entrar&#8221;, que cria mecanismos de incentivo \u00e0 produ\u00e7\u00e3o de unidades habitacionais populares para fam\u00edlias com renda bruta de at\u00e9 tr\u00eas sal\u00e1rios, que n\u00e3o possuem acesso ao cr\u00e9dito imobili\u00e1rio. Ser\u00e3o atendidas ainda fam\u00edlias com renda bruta de at\u00e9 seis sal\u00e1rios m\u00ednimos, com cr\u00e9dito [&hellip;]<\/p>\n","protected":false},"author":1,"featured_media":40042,"comment_status":"open","ping_status":"open","sticky":false,"template":"","format":"standard","meta":{"footnotes":""},"categories":[1],"tags":[],"class_list":["post-40041","post","type-post","status-publish","format-standard","has-post-thumbnail","hentry","category-curso-de-copy"],"_links":{"self":[{"href":"https:\/\/wiy.com.br\/noticias\/wp-json\/wp\/v2\/posts\/40041","targetHints":{"allow":["GET"]}}],"collection":[{"href":"https:\/\/wiy.com.br\/noticias\/wp-json\/wp\/v2\/posts"}],"about":[{"href":"https:\/\/wiy.com.br\/noticias\/wp-json\/wp\/v2\/types\/post"}],"author":[{"embeddable":true,"href":"https:\/\/wiy.com.br\/noticias\/wp-json\/wp\/v2\/users\/1"}],"replies":[{"embeddable":true,"href":"https:\/\/wiy.com.br\/noticias\/wp-json\/wp\/v2\/comments?post=40041"}],"version-history":[{"count":0,"href":"https:\/\/wiy.com.br\/noticias\/wp-json\/wp\/v2\/posts\/40041\/revisions"}],"wp:featuredmedia":[{"embeddable":true,"href":"https:\/\/wiy.com.br\/noticias\/wp-json\/wp\/v2\/media\/40042"}],"wp:attachment":[{"href":"https:\/\/wiy.com.br\/noticias\/wp-json\/wp\/v2\/media?parent=40041"}],"wp:term":[{"taxonomy":"category","embeddable":true,"href":"https:\/\/wiy.com.br\/noticias\/wp-json\/wp\/v2\/categories?post=40041"},{"taxonomy":"post_tag","embeddable":true,"href":"https:\/\/wiy.com.br\/noticias\/wp-json\/wp\/v2\/tags?post=40041"}],"curies":[{"name":"wp","href":"https:\/\/api.w.org\/{rel}","templated":true}]}}