{"id":39916,"date":"2023-02-26T15:35:44","date_gmt":"2023-02-26T18:35:44","guid":{"rendered":"https:\/\/wiy.com.br\/noticias\/bolsonaro-elogia-weintraub-outra-vez-esta-sendo-excelente\/"},"modified":"2019-12-18T12:54:12","modified_gmt":"2019-12-18T14:54:12","slug":"bolsonaro-elogia-weintraub-outra-vez-esta-sendo-excelente","status":"publish","type":"post","link":"https:\/\/wiy.com.br\/noticias\/bolsonaro-elogia-weintraub-outra-vez-esta-sendo-excelente\/","title":{"rendered":"Bolsonaro elogia Weintraub outra vez: \u201cEst\u00e1 sendo excelente\u201d"},"content":{"rendered":"<p> <br \/>\n<\/p>\n<p>Bras\u00edlia \u2014 O presidente <a href=\"https:\/\/exame.abril.com.br\/noticias-sobre\/jair-bolsonaro\/\"><strong>Jair Bolsonaro<\/strong><\/a> elogiou nesta quarta-feira o ministro da Educa\u00e7\u00e3o, <a href=\"https:\/\/exame.abril.com.br\/noticias-sobre\/abraham-weintraub\"><strong>Abraham Weintraub<\/strong><\/a>, dizendo que ele faz um trabalho &#8220;excelente&#8221;, enquanto voltou a criticar o educador Paulo Freire, a quem atribuiu o que considera uma qualidade ruim da educa\u00e7\u00e3o do Brasil.<\/p>\n<p>&#8220;No meu entender, (Weintraub) est\u00e1 sendo excelente. (Se) Tem certos jornalistas criticando, \u00e9 porque est\u00e1 indo bem&#8221;, afirmou Bolsonaro, na sa\u00edda do Pal\u00e1cio da Alvorada, ao ser questionado por um apoiador sobre o ministro.<\/p>\n<p>No s\u00e1bado, <a href=\"https:\/\/exame.abril.com.br\/brasil\/bolsonaro-nega-mudancas-na-equipe-ministerial-e-elogia-weintraub\/\">o presidente j\u00e1 havia dito que &#8220;n\u00e3o est\u00e1 prevista&#8221; nenhuma troca na sua equipe de ministros, ap\u00f3s ser questionado sobre uma poss\u00edvel sa\u00edda de Weintraub<\/a>.<\/p>\n<p>Nesta quarta, Bolsonaro tamb\u00e9m foi questionado sobre o poss\u00edvel retorno da disciplina de Educa\u00e7\u00e3o Moral e C\u00edvica, institu\u00edda no pa\u00eds durante a ditadura militar, e disse que tem coisas que s\u00f3 poder\u00e1 mudar em 2022. Na sequ\u00eancia, criticou Paulo Freire, a quem j\u00e1 havia chamado de &#8220;energ\u00fameno&#8221; na segunda-feira.<\/p>\n<p>&#8220;O que acontece com a legisla\u00e7\u00e3o&#8230; Tem coisa&#8230; Eu sou obrigado a cumprir a lei. As coisas desse ano foram definidas em anos anteriores. Tem coisas que s\u00f3 vou poder mudar em 22. Agora, essa filosofia, esse tal de Paulo Freire, que o pessoal fica elogiando&#8230; (Depois de) 16 anos, como est\u00e1 a\u00ed a educa\u00e7\u00e3o do Brasil.&#8221;<\/p>\n<p>O presidente ainda afirmou que est\u00e1 implementando o projeto Escola Sem Partido &#8220;sem lei&#8221;, colocando em cadernos o que chamou de direitos dos alunos:<\/p>\n<p>&#8220;J\u00e1 botamos isso sem lei. J\u00e1 tem imprimido nos cadernos o que o aluno tem direito. O professor quer falar que o PT \u00e9 legal, o aluno pode falar o contr\u00e1rio sem ser perseguido.&#8221;<\/p>\n<p>Bolsonaro tamb\u00e9m criticou a abordagem de escolas sobre a ditadura militar, dizendo que s\u00e3o publicadas mentiras, e voltou a criticar a quest\u00e3o do Exame Nacional do Ensino M\u00e9dio (Enem) que que abordou o pajub\u00e1, conjunto de express\u00f5es associadas \u00e0 comunidade LGBTI.<\/p>\n<p>&#8220;Tem de aprender coisas \u00fateis para o seu futuro. Olha s\u00f3, a prova do Enem deste ano, algu\u00e9m viu falar sobre gays ali? Lembra ano passado, a linguagem secreta dos gays&#8230; Para que isso? Pessoal me chama de homof\u00f3bico. O que acrescenta? Doutrina\u00e7\u00e3o. Em vez de falar o que aconteceu de verdade de 64 a 85 publicam mentiras&#8221;, diz Bolsonaro, defendendo, novamente, a vers\u00e3o sustentada por ele e seus apoiadores.<\/p>\n<p><br \/>\n<br \/><a href=\"https:\/\/exame.abril.com.br\/brasil\/bolsonaro-elogia-weintraub-outra-vez-esta-sendo-excelente\/\">Fonte do artigo <\/a><br \/>\nTags:<br \/>\n#politica #political #negocios #business #marketingdigital #empreendedorismo #marketing #emprendedores #empreender #sucesso #empresas #emprendimiento #emprendedor #empreendedor #emprender #dinheiro #dinero #empresario #vendas #liderazgo #motivacion #foco #motivacao #negocio #brasil<\/p>\n","protected":false},"excerpt":{"rendered":"<p>Bras\u00edlia \u2014 O presidente Jair Bolsonaro elogiou nesta quarta-feira o ministro da Educa\u00e7\u00e3o, Abraham Weintraub, dizendo que ele faz um trabalho &#8220;excelente&#8221;, enquanto voltou a criticar o educador Paulo Freire, a quem atribuiu o que considera uma qualidade ruim da educa\u00e7\u00e3o do Brasil. &#8220;No meu entender, (Weintraub) est\u00e1 sendo excelente. (Se) Tem certos jornalistas criticando, [&hellip;]<\/p>\n","protected":false},"author":1,"featured_media":37849,"comment_status":"open","ping_status":"open","sticky":false,"template":"","format":"standard","meta":{"footnotes":""},"categories":[1],"tags":[],"class_list":["post-39916","post","type-post","status-publish","format-standard","has-post-thumbnail","hentry","category-curso-de-copy"],"_links":{"self":[{"href":"https:\/\/wiy.com.br\/noticias\/wp-json\/wp\/v2\/posts\/39916","targetHints":{"allow":["GET"]}}],"collection":[{"href":"https:\/\/wiy.com.br\/noticias\/wp-json\/wp\/v2\/posts"}],"about":[{"href":"https:\/\/wiy.com.br\/noticias\/wp-json\/wp\/v2\/types\/post"}],"author":[{"embeddable":true,"href":"https:\/\/wiy.com.br\/noticias\/wp-json\/wp\/v2\/users\/1"}],"replies":[{"embeddable":true,"href":"https:\/\/wiy.com.br\/noticias\/wp-json\/wp\/v2\/comments?post=39916"}],"version-history":[{"count":0,"href":"https:\/\/wiy.com.br\/noticias\/wp-json\/wp\/v2\/posts\/39916\/revisions"}],"wp:featuredmedia":[{"embeddable":true,"href":"https:\/\/wiy.com.br\/noticias\/wp-json\/wp\/v2\/media\/37849"}],"wp:attachment":[{"href":"https:\/\/wiy.com.br\/noticias\/wp-json\/wp\/v2\/media?parent=39916"}],"wp:term":[{"taxonomy":"category","embeddable":true,"href":"https:\/\/wiy.com.br\/noticias\/wp-json\/wp\/v2\/categories?post=39916"},{"taxonomy":"post_tag","embeddable":true,"href":"https:\/\/wiy.com.br\/noticias\/wp-json\/wp\/v2\/tags?post=39916"}],"curies":[{"name":"wp","href":"https:\/\/api.w.org\/{rel}","templated":true}]}}