{"id":3988,"date":"2023-02-26T15:50:37","date_gmt":"2023-02-26T18:50:37","guid":{"rendered":"https:\/\/wiy.com.br\/noticias\/vitima-de-incendio-no-flamengo-arthur-e-homenageado-pelo-aniversario-nas-redes\/"},"modified":"2019-02-09T09:40:24","modified_gmt":"2019-02-09T11:40:24","slug":"vitima-de-incendio-no-flamengo-arthur-e-homenageado-pelo-aniversario-nas-redes","status":"publish","type":"post","link":"https:\/\/wiy.com.br\/noticias\/vitima-de-incendio-no-flamengo-arthur-e-homenageado-pelo-aniversario-nas-redes\/","title":{"rendered":"V\u00edtima de inc\u00eandio no Flamengo, Arthur \u00e9 homenageado pelo anivers\u00e1rio nas redes"},"content":{"rendered":"<p> <br \/>\n<br \/>O sonho de Arthur Silva foi interrompida de forma inesperada e em uma trag\u00e9dia. O zagueiro era um dos dez jovens das categorias de base do Flamengo que morreram no inc\u00eandio no alojamento do CT do clube, o Ninho do Urubu, em Vargem Grande, Zona Oeste&#8230;<br \/>\n<br \/><br \/>\n<br \/><a href=\"https:\/\/oglobo.globo.com\/esportes\/vitima-de-incendio-no-flamengo-arthur-homenageado-pelo-aniversario-nas-redes-23440912\">Source link <\/a><\/p>\n","protected":false},"excerpt":{"rendered":"<p>O sonho de Arthur Silva foi interrompida de forma inesperada e em uma trag\u00e9dia. O zagueiro era um dos dez jovens das categorias de base do Flamengo que morreram no inc\u00eandio no alojamento do CT do clube, o Ninho do Urubu, em Vargem Grande, Zona Oeste&#8230; Source link<\/p>\n","protected":false},"author":1,"featured_media":0,"comment_status":"open","ping_status":"open","sticky":false,"template":"","format":"standard","meta":{"footnotes":""},"categories":[339],"tags":[],"class_list":["post-3988","post","type-post","status-publish","format-standard","hentry","category-negocios"],"_links":{"self":[{"href":"https:\/\/wiy.com.br\/noticias\/wp-json\/wp\/v2\/posts\/3988","targetHints":{"allow":["GET"]}}],"collection":[{"href":"https:\/\/wiy.com.br\/noticias\/wp-json\/wp\/v2\/posts"}],"about":[{"href":"https:\/\/wiy.com.br\/noticias\/wp-json\/wp\/v2\/types\/post"}],"author":[{"embeddable":true,"href":"https:\/\/wiy.com.br\/noticias\/wp-json\/wp\/v2\/users\/1"}],"replies":[{"embeddable":true,"href":"https:\/\/wiy.com.br\/noticias\/wp-json\/wp\/v2\/comments?post=3988"}],"version-history":[{"count":0,"href":"https:\/\/wiy.com.br\/noticias\/wp-json\/wp\/v2\/posts\/3988\/revisions"}],"wp:attachment":[{"href":"https:\/\/wiy.com.br\/noticias\/wp-json\/wp\/v2\/media?parent=3988"}],"wp:term":[{"taxonomy":"category","embeddable":true,"href":"https:\/\/wiy.com.br\/noticias\/wp-json\/wp\/v2\/categories?post=3988"},{"taxonomy":"post_tag","embeddable":true,"href":"https:\/\/wiy.com.br\/noticias\/wp-json\/wp\/v2\/tags?post=3988"}],"curies":[{"name":"wp","href":"https:\/\/api.w.org\/{rel}","templated":true}]}}