{"id":39765,"date":"2023-02-26T14:54:35","date_gmt":"2023-02-26T17:54:35","guid":{"rendered":"https:\/\/wiy.com.br\/noticias\/tres-estacoes-da-linha-15-prata-do-metro-sao-entregues-nesta-segunda-16\/"},"modified":"2019-12-16T18:12:41","modified_gmt":"2019-12-16T20:12:41","slug":"tres-estacoes-da-linha-15-prata-do-metro-sao-entregues-nesta-segunda-16","status":"publish","type":"post","link":"https:\/\/wiy.com.br\/noticias\/tres-estacoes-da-linha-15-prata-do-metro-sao-entregues-nesta-segunda-16\/","title":{"rendered":"Tr\u00eas esta\u00e7\u00f5es da linha 15-Prata do Metr\u00f4 s\u00e3o entregues nesta segunda (16)"},"content":{"rendered":"<p> <br \/>\n<\/p>\n<p>O Governo de S\u00e3o Paulo entregou nesta segunda-feira (16)<strong> tr\u00eas novas esta\u00e7\u00f5es da linha 15-Prata do Metr\u00f4<\/strong>. S\u00e3o elas <strong>Sapopemba, Fazenda da Juta e S\u00e3o Mateus<\/strong>, localizadas na Zona Leste da cidade. O novo trecho, de 3,9 quil\u00f4metros de extens\u00e3o, se junta as outras sete paradas, entregues entre 2009 e 2018.<\/p>\n<p>As obras foram anunciadas em 2009 com previs\u00e3o para 2013, e acabaram finalizadas com seis anos de atraso. Segundo o governo, a linha Prata deve receber cerca de 300 000 passageiros por dia com o novo trecho. As novas esta\u00e7\u00f5es funcionam em hor\u00e1rio limitado pelo menos at\u00e9 janeiro, das 10h \u00e0s 15h. A linha que segue o tra\u00e7ado da Avenida Sapopemba fica suspensa a 15 metros de altura.<\/p>\n<p><a href=\"https:\/\/www.assine.abril.com.br\/portal\/assinar\/revista-veja-sao-paulo\/\"><img loading=\"lazy\" decoding=\"async\" data-attachment-id=\"989228\" data-permalink=\"https:\/\/vejasp.abril.com.br\/blog\/pop\/capa-vejinha-faria-limers-trending-topics-twitter\/attachment\/assine-vejasp\/\" data-orig-file=\"https:\/\/abrilvejasp.files.wordpress.com\/2019\/12\/assine-vejasp.jpg?quality=70&amp;strip=info\" data-orig-size=\"500,250\" data-comments-opened=\"1\" data-image-meta=\"{&quot;aperture&quot;:&quot;0&quot;,&quot;credit&quot;:&quot;&quot;,&quot;camera&quot;:&quot;&quot;,&quot;caption&quot;:&quot;&quot;,&quot;created_timestamp&quot;:&quot;0&quot;,&quot;copyright&quot;:&quot;&quot;,&quot;focal_length&quot;:&quot;0&quot;,&quot;iso&quot;:&quot;0&quot;,&quot;shutter_speed&quot;:&quot;0&quot;,&quot;title&quot;:&quot;&quot;,&quot;orientation&quot;:&quot;0&quot;}\" data-image-description=\"\" data-medium-file=\"https:\/\/abrilvejasp.files.wordpress.com\/2019\/12\/assine-vejasp.jpg?quality=70&amp;strip=info&amp;w=300\" data-large-file=\"https:\/\/abrilvejasp.files.wordpress.com\/2019\/12\/assine-vejasp.jpg?quality=70&amp;strip=info&amp;w=500\" class=\"aligncenter wp-image-989228 size-medium\" src=\"https:\/\/abrilvejasp.files.wordpress.com\/2019\/12\/assine-vejasp.jpg?quality=70&#038;strip=info&#038;w=300&#038;h=150\" border=\"0\"alt = \"assine-vejasp Tr\u00eas esta\u00e7\u00f5es da linha 15-Prata do Metr\u00f4 s\u00e3o entregues nesta segunda (16)\"title = \"[Tags]\" width=\"300\" height=\"150\" data-portal-copyright=\"Veja SP\" \/><\/a><\/p>\n<p>A esta\u00e7\u00e3o Jardim Colonial, outra da linha, deve ser entregue at\u00e9 2021. Ainda n\u00e3o existe previs\u00e3o para Cidade Tiradentes, \u00faltima parada da Prata. Al\u00e9m do projeto, h\u00e1 tamb\u00e9m um projeto de paisagismo para a regi\u00e3o, com a constru\u00e7\u00e3o de uma ciclovia que segue por baixo do monotrilho e o plantio de 3 700 \u00e1rvores.<\/p>\n<p>Toda o constru\u00e7\u00e3o da linha ter\u00e1 custo de 5,3 bilh\u00f5es de reais, com extens\u00e3o 15,3 quil\u00f4metros e onze esta\u00e7\u00f5es.<\/p>\n<div class=\"widget-news widget-box no-margin no-border\"><span class=\"widget-news-title content-box-title\">Veja tamb\u00e9m<\/span><\/p>\n<ul class=\"widget-news-list\">\n<li class=\"widget-news-item without-thumb with-border\">\n<div class=\"widget-news-info\"><a href=\"http:\/\/vejasp.abril.com.br\/cidades\">Cidades<\/a><span class=\"widget-news-item-title\"><a href=\"https:\/\/vejasp.abril.com.br\/cidades\/gugu-tunel-rodoanel\/\">Gugu Liberato vira nome de t\u00fanel do Rodoanel<\/a><\/span><span class=\"widget-news-item-date\">16 dez 2019 &#8211; 16h12<\/span><\/div>\n<\/li>\n<\/ul>\n<\/div>\n<p><br \/>\n<br \/><a href=\"https:\/\/vejasp.abril.com.br\/cidades\/nova-estacao-linha-15-prata\/\">Fonte do Artigo <\/a><br \/>\nTags:<br \/>\n#loterias #loteriascaixa #megasena #resultadoapostas#noticias #noticiario  #noticia #brasil #noticiascolombia #mundo #esporte #colombia #noticiadeld #ltimasnoticias  #noticiario #noticiasregionales #noticiasdepartamentales #noticiashoy #esportes #noticiaahora #elinformantenoticias #noticiasdeboyac  #esporteinterativo #esportivo #diariodosesportes  #noticiero  #jogodefutebol #jogos #loto #apostas<\/p>\n","protected":false},"excerpt":{"rendered":"<p>O Governo de S\u00e3o Paulo entregou nesta segunda-feira (16) tr\u00eas novas esta\u00e7\u00f5es da linha 15-Prata do Metr\u00f4. S\u00e3o elas Sapopemba, Fazenda da Juta e S\u00e3o Mateus, localizadas na Zona Leste da cidade. O novo trecho, de 3,9 quil\u00f4metros de extens\u00e3o, se junta as outras sete paradas, entregues entre 2009 e 2018. As obras foram anunciadas [&hellip;]<\/p>\n","protected":false},"author":1,"featured_media":39766,"comment_status":"open","ping_status":"open","sticky":false,"template":"","format":"standard","meta":{"footnotes":""},"categories":[1],"tags":[],"class_list":["post-39765","post","type-post","status-publish","format-standard","has-post-thumbnail","hentry","category-curso-de-copy"],"_links":{"self":[{"href":"https:\/\/wiy.com.br\/noticias\/wp-json\/wp\/v2\/posts\/39765","targetHints":{"allow":["GET"]}}],"collection":[{"href":"https:\/\/wiy.com.br\/noticias\/wp-json\/wp\/v2\/posts"}],"about":[{"href":"https:\/\/wiy.com.br\/noticias\/wp-json\/wp\/v2\/types\/post"}],"author":[{"embeddable":true,"href":"https:\/\/wiy.com.br\/noticias\/wp-json\/wp\/v2\/users\/1"}],"replies":[{"embeddable":true,"href":"https:\/\/wiy.com.br\/noticias\/wp-json\/wp\/v2\/comments?post=39765"}],"version-history":[{"count":0,"href":"https:\/\/wiy.com.br\/noticias\/wp-json\/wp\/v2\/posts\/39765\/revisions"}],"wp:featuredmedia":[{"embeddable":true,"href":"https:\/\/wiy.com.br\/noticias\/wp-json\/wp\/v2\/media\/39766"}],"wp:attachment":[{"href":"https:\/\/wiy.com.br\/noticias\/wp-json\/wp\/v2\/media?parent=39765"}],"wp:term":[{"taxonomy":"category","embeddable":true,"href":"https:\/\/wiy.com.br\/noticias\/wp-json\/wp\/v2\/categories?post=39765"},{"taxonomy":"post_tag","embeddable":true,"href":"https:\/\/wiy.com.br\/noticias\/wp-json\/wp\/v2\/tags?post=39765"}],"curies":[{"name":"wp","href":"https:\/\/api.w.org\/{rel}","templated":true}]}}