{"id":3971,"date":"2023-02-26T15:24:29","date_gmt":"2023-02-26T18:24:29","guid":{"rendered":"https:\/\/wiy.com.br\/noticias\/padilha-ainda-queria-reaproveitar-reforma-de-temer\/"},"modified":"2019-02-09T06:43:24","modified_gmt":"2019-02-09T08:43:24","slug":"padilha-ainda-queria-reaproveitar-reforma-de-temer","status":"publish","type":"post","link":"https:\/\/wiy.com.br\/noticias\/padilha-ainda-queria-reaproveitar-reforma-de-temer\/","title":{"rendered":"Padilha ainda queria reaproveitar reforma de Temer"},"content":{"rendered":"<p> <br \/>\n<br \/>Rog\u00e9rio Marinho, secret\u00e1rio da Previd\u00eancia, recebeu in\u00fameras vezes conselhos para que a equipe econ\u00f4mica aproveitasse a reforma da Previd\u00eancia do governo Temer, pronta para ir ao plen\u00e1rio. Al\u00e9m de Eliseu Padilha, que disparou diversos telefonemas,&#8230;<br \/>\n<br \/><br \/>\n<br \/><a href=\"https:\/\/epoca.globo.com\/guilherme-amado\/padilha-ainda-queria-reaproveitar-reforma-de-temer-23440060\">Source link <\/a><\/p>\n","protected":false},"excerpt":{"rendered":"<p>Rog\u00e9rio Marinho, secret\u00e1rio da Previd\u00eancia, recebeu in\u00fameras vezes conselhos para que a equipe econ\u00f4mica aproveitasse a reforma da Previd\u00eancia do governo Temer, pronta para ir ao plen\u00e1rio. Al\u00e9m de Eliseu Padilha, que disparou diversos telefonemas,&#8230; Source link<\/p>\n","protected":false},"author":1,"featured_media":0,"comment_status":"open","ping_status":"open","sticky":false,"template":"","format":"standard","meta":{"footnotes":""},"categories":[337],"tags":[],"class_list":["post-3971","post","type-post","status-publish","format-standard","hentry","category-noticias"],"_links":{"self":[{"href":"https:\/\/wiy.com.br\/noticias\/wp-json\/wp\/v2\/posts\/3971","targetHints":{"allow":["GET"]}}],"collection":[{"href":"https:\/\/wiy.com.br\/noticias\/wp-json\/wp\/v2\/posts"}],"about":[{"href":"https:\/\/wiy.com.br\/noticias\/wp-json\/wp\/v2\/types\/post"}],"author":[{"embeddable":true,"href":"https:\/\/wiy.com.br\/noticias\/wp-json\/wp\/v2\/users\/1"}],"replies":[{"embeddable":true,"href":"https:\/\/wiy.com.br\/noticias\/wp-json\/wp\/v2\/comments?post=3971"}],"version-history":[{"count":0,"href":"https:\/\/wiy.com.br\/noticias\/wp-json\/wp\/v2\/posts\/3971\/revisions"}],"wp:attachment":[{"href":"https:\/\/wiy.com.br\/noticias\/wp-json\/wp\/v2\/media?parent=3971"}],"wp:term":[{"taxonomy":"category","embeddable":true,"href":"https:\/\/wiy.com.br\/noticias\/wp-json\/wp\/v2\/categories?post=3971"},{"taxonomy":"post_tag","embeddable":true,"href":"https:\/\/wiy.com.br\/noticias\/wp-json\/wp\/v2\/tags?post=3971"}],"curies":[{"name":"wp","href":"https:\/\/api.w.org\/{rel}","templated":true}]}}