{"id":39491,"date":"2023-02-26T15:17:33","date_gmt":"2023-02-26T18:17:33","guid":{"rendered":"https:\/\/wiy.com.br\/noticias\/camara-aprova-texto-base-de-marco-do-saneamento-basico\/"},"modified":"2019-12-11T23:37:18","modified_gmt":"2019-12-12T01:37:18","slug":"camara-aprova-texto-base-de-marco-do-saneamento-basico","status":"publish","type":"post","link":"https:\/\/wiy.com.br\/noticias\/camara-aprova-texto-base-de-marco-do-saneamento-basico\/","title":{"rendered":"C\u00e2mara aprova texto-base de marco do saneamento b\u00e1sico"},"content":{"rendered":"<p> <br \/>\n<\/p>\n<div id=\"post-3327291\">\n<figure class=\"featured-media media-open\"><img title = \"[Tags]\"data-src=\"https:\/\/abrilveja.files.wordpress.com\/2019\/12\/pzzb6894.jpg\" class=\"abril-image optimized lazyload\" abril-data-id=\"3327291\"  data- data-pin-nopin=\"false\"alt = \"pzzb6894 C\u00e2mara aprova texto-base de marco do saneamento b\u00e1sico\"\/><figcaption class=\"caption\">O presidente da C\u00e2mara, Rodrigo Maia, preside sess\u00e3o deliberativa para tentar votar o projeto de lei (PL 3261\/2019) que atualiza o marco legal do saneamento b\u00e1sico no pa\u00eds.\u00a0Fabio Rodrigues Pozzebom\/Ag\u00eancia Brasil<\/figcaption><\/figure>\n<section class=\"content\">\n<p>A <a href=\"http:\/\/veja.com\/noticias-sobre\/camara-dos-deputados\"><strong>C\u00e2mara dos Deputados<\/strong><\/a> aprovou, na noite desta quarta-feira, 11, o texto-base do projeto de lei que estipula o <a href=\"http:\/\/veja.com\/noticias-sobre\/saneamento-basico\"><strong>marco regulat\u00f3rio do saneamento b\u00e1sico<\/strong><\/a> no pa\u00eds. O texto abrange regras para estimular o ingresso do setor privado no setor. <span>O ponto principal do projeto \u00e9 estabelecer prazo para licita\u00e7\u00e3o obrigat\u00f3ria dos servi\u00e7os de saneamento, em que empresas privadas e estatais competir\u00e3o. Hoje, os prefeitos e governadores podem optar pela licita\u00e7\u00e3o ou por firmar termos de parceria direto com as empresas estatais.\u00a0<\/span><\/p>\n<p>A proposta foi aprovada por <span>276 votos da favor, 124 contra e uma absten\u00e7\u00e3o. A medida prev\u00ea que contratos de concess\u00e3o e contratos de programa existentes na data da publica\u00e7\u00e3o da lei ir\u00e3o permanecer em vigor at\u00e9 o fim do prazo contratual. Tamb\u00e9m permite que os contratos de programas j\u00e1 em curso possam ser convertidos em contratos de concess\u00e3o, podendo ter seus prazos prorrogados por uma \u00fanica vez, na inten\u00e7\u00e3o de amortizar investimentos.<\/span><\/p>\n<p><span>Pelo substitutivo do relator, deputado <strong>Geninho Zuliani (DEM-SP)<\/strong>, os contratos de programa poder\u00e3o ser prorrogados por at\u00e9 cinco anos, desde que fiquem comprovados a cobertura de 90% do servi\u00e7o de abastecimento de \u00e1gua e de 60% do servi\u00e7o de coleta e tratamento de esgoto e que o prazo final n\u00e3o seja superior a 31 de dezembro de 2033. O texto aprovado cont\u00e9m as altera\u00e7\u00f5es propostas por Zuliani, e n\u00e3o uma nova vers\u00e3o do projeto, apresentado pelo senador Tasso Jereissati (PSDB-CE), depois de mais de cinco horas de discuss\u00e3o.\u00a0<\/span><\/p>\n<p><span>O ministro da Economia,<a href=\"http:\/\/veja.com\/noticias-sobre\/paulo-guedes\"><strong> Paulo Guedes<\/strong><\/a>, disse, na \u00faltima segunda-feira, 11, que o novo marco era essencial para que o pa\u00eds possa avan\u00e7ar para reduzir o d\u00e9ficit no saneamento, que impacta mortalidade infantil e a expectativa de vida dos brasileiros. Segundo Guedes, h\u00e1 trilh\u00f5es de d\u00f3lares no exterior aguardando a mudan\u00e7a regulat\u00f3ria no Brasil para aportarem no saneamento nos pr\u00f3ximos anos.<\/span><\/p>\n<p>(Com\u00a0<em>Reuters\u00a0<\/em>e\u00a0<em>Ag\u00eancia Brasil<\/em>)<\/p>\n<\/section><\/div>\n<p><br \/>\n<br \/><a href=\"https:\/\/veja.abril.com.br\/economia\/camara-aprova-texto-base-de-marco-do-saneamento-basico\/\">Fonte do Artigo<\/a><br \/>\nTags: <\/p>\n<p><a title=\"IBJE\" href=\"https:\/\/ibge.gov.br\/\">#IBJE<\/a> <a title=\"FGV\" href=\"https:\/\/portal.fgv.br\/\">#FGV<\/a> <a title=\"LOTOFACIL\" href=\"http:\/\/loterias.caixa.gov.br\/wps\/portal\/loterias\/landing\/lotofacil\/\">#LOTOFACIL<\/a> <a title=\"TINDER\" href=\"https:\/\/tinder.com\/?lang=pt-BR\">#TINDER<\/a> <a title=\"GMAILGOOGLE\" href=\"https:\/\/mail.google.com\">#GMAILGOOGLE<\/a> <a title=\"TIKTOK\" href=\"https:\/\/www.tiktok.com\/pt_BR\/\">#TIKTOK<\/a><\/p>\n","protected":false},"excerpt":{"rendered":"<p>O presidente da C\u00e2mara, Rodrigo Maia, preside sess\u00e3o deliberativa para tentar votar o projeto de lei (PL 3261\/2019) que atualiza o marco legal do saneamento b\u00e1sico no pa\u00eds.\u00a0Fabio Rodrigues Pozzebom\/Ag\u00eancia Brasil A C\u00e2mara dos Deputados aprovou, na noite desta quarta-feira, 11, o texto-base do projeto de lei que estipula o marco regulat\u00f3rio do saneamento b\u00e1sico [&hellip;]<\/p>\n","protected":false},"author":1,"featured_media":39492,"comment_status":"open","ping_status":"open","sticky":false,"template":"","format":"standard","meta":{"footnotes":""},"categories":[7],"tags":[],"class_list":["post-39491","post","type-post","status-publish","format-standard","has-post-thumbnail","hentry","category-economia"],"_links":{"self":[{"href":"https:\/\/wiy.com.br\/noticias\/wp-json\/wp\/v2\/posts\/39491","targetHints":{"allow":["GET"]}}],"collection":[{"href":"https:\/\/wiy.com.br\/noticias\/wp-json\/wp\/v2\/posts"}],"about":[{"href":"https:\/\/wiy.com.br\/noticias\/wp-json\/wp\/v2\/types\/post"}],"author":[{"embeddable":true,"href":"https:\/\/wiy.com.br\/noticias\/wp-json\/wp\/v2\/users\/1"}],"replies":[{"embeddable":true,"href":"https:\/\/wiy.com.br\/noticias\/wp-json\/wp\/v2\/comments?post=39491"}],"version-history":[{"count":0,"href":"https:\/\/wiy.com.br\/noticias\/wp-json\/wp\/v2\/posts\/39491\/revisions"}],"wp:featuredmedia":[{"embeddable":true,"href":"https:\/\/wiy.com.br\/noticias\/wp-json\/wp\/v2\/media\/39492"}],"wp:attachment":[{"href":"https:\/\/wiy.com.br\/noticias\/wp-json\/wp\/v2\/media?parent=39491"}],"wp:term":[{"taxonomy":"category","embeddable":true,"href":"https:\/\/wiy.com.br\/noticias\/wp-json\/wp\/v2\/categories?post=39491"},{"taxonomy":"post_tag","embeddable":true,"href":"https:\/\/wiy.com.br\/noticias\/wp-json\/wp\/v2\/tags?post=39491"}],"curies":[{"name":"wp","href":"https:\/\/api.w.org\/{rel}","templated":true}]}}