{"id":39434,"date":"2023-02-26T14:56:38","date_gmt":"2023-02-26T17:56:38","guid":{"rendered":"https:\/\/wiy.com.br\/noticias\/ministro-da-educacao-repete-que-ha-plantacoes-de-maconha-nas-universidades\/"},"modified":"2019-12-11T14:06:07","modified_gmt":"2019-12-11T16:06:07","slug":"ministro-da-educacao-repete-que-ha-plantacoes-de-maconha-nas-universidades","status":"publish","type":"post","link":"https:\/\/wiy.com.br\/noticias\/ministro-da-educacao-repete-que-ha-plantacoes-de-maconha-nas-universidades\/","title":{"rendered":"Ministro da Educa\u00e7\u00e3o repete que h\u00e1 planta\u00e7\u00f5es de maconha nas universidades"},"content":{"rendered":"<p> <br \/>\n<\/p>\n<p>S\u00e3o Paulo &#8211; O ministro da Educa\u00e7\u00e3o <a href=\"https:\/\/exame.abril.com.br\/noticias-sobre\/abraham-weintraub\/\"><strong>Abraham Weintraub<\/strong><\/a> reafirmou que h\u00e1 planta\u00e7\u00f5es de maconha nas universidades brasileiras durante debate na Comiss\u00e3o de Educa\u00e7\u00e3o na C\u00e2mara dos Deputados, na manh\u00e3 desta quarta-feira (11). Weintraub tamb\u00e9m reiterou que os laborat\u00f3rios de qu\u00edmica das universidades s\u00e3o usados para a produ\u00e7\u00e3o de drogas sint\u00e9ticas.<\/p>\n<p>O ministro foi convocado pela Comiss\u00e3o de Educa\u00e7\u00e3o por 22 votos a oito para explicar a acusa\u00e7\u00e3o que havia feito de que haveria planta\u00e7\u00f5es de maconha e produ\u00e7\u00e3o de drogas sint\u00e9ticas nas universidades federais.<\/p>\n<p>As afirma\u00e7\u00f5es foram feitas em entrevista ao Jornal Cidade Online, publicada em 21 de novembro deste ano. Weintraub n\u00e3o apresentou provas.<\/p>\n<p><span>&#8220;Voc\u00ea tem planta\u00e7\u00f5es de maconha, mas n\u00e3o s\u00e3o tr\u00eas p\u00e9s de maconha, s\u00e3o planta\u00e7\u00f5es extensivas de algumas universidades, a ponto de ter borrifador de agrot\u00f3xico. Porque org\u00e2nico \u00e9 bom contra a soja para n\u00e3o ter agroind\u00fastria no Brasil, mas na maconha deles eles querem toda tecnologia a disposi\u00e7\u00e3o&#8221;, disse ao jornal.<\/span><\/p>\n<p>Na comiss\u00e3o, o ministro reproduziu como prova uma reportagem veiculada na TV Record que apresentou uma planta\u00e7\u00e3o de maconha encontrada pela pol\u00edcia no campus da Universidade de Bras\u00edlia (UnB). Na ocasi\u00e3o, os policiais recolheram mudas, ainda em vasos, que eram manipuladas por tr\u00eas alunos da universidade.<\/p>\n<p>O v\u00eddeo causou indigna\u00e7\u00e3o e aplausos entre os deputados presentes. A pedido da deputada Rosa Neide (PT-MT), a reitora da UnB, M\u00e1rcia Abrah\u00e3o Moura, passou ent\u00e3o a participar da reuni\u00e3o.<\/p>\n<p>Uma segunda reportagem veiculada pela Rede Globo tamb\u00e9m foi reproduzida. O ministro a apresenta como prova de que havia produ\u00e7\u00e3o de drogas sint\u00e9ticas na Universidade Federal de Minas Gerais (UFMG). De acordo com a reportagem, os traficantes processavam as drogas no interior do laborat\u00f3rio de qu\u00edmica.<\/p>\n<p>Ele ainda apresentou outras reportagens que indicavam o consumo e venda de drogas dentro de universidades.&#8221;As provas encontram-se em material acess\u00edvel na internet&#8221;, disse o ministro. O requerimento para o comparecimento de Weintraub foi feito por 16 deputados do PT, PSOL e Podemos.<\/p>\n<p>Questionado pelos deputados sobre os 39 quilos de coca\u00edna encontrados no avi\u00e3o da For\u00e7a A\u00e9rea Brasileira (FAB), durante uma viagem presidencial a Espanha para reuni\u00e3o do G-20, o ministro n\u00e3o respondeu aos questionamentos. &#8220;Eu n\u00e3o vim aqui pra ficar de palha\u00e7ada&#8221;, disse. &#8220;O assunto \u00e9 s\u00e9rio, \u00e9 a vida de jovens&#8221;.<\/p>\n<p>Ap\u00f3s a exposi\u00e7\u00e3o do ministro, os autores dos requerimentos tiveram prioridade na fala, de acordo com o regimento interno da C\u00e2mara.<\/p>\n<p>Margarida Salom\u00e3o (PT-MG), uma das requerentes, afirmou que o ministro desconhece as universidades brasileiras e seu impacto na pesquisa no Brasil e no mundo, se referindo \u00e0s institui\u00e7\u00f5es citadas por Weintraub.<\/p>\n<p>&#8220;O que n\u00f3s vimos aqui apresentado \u00e9 uma sequ\u00eancia de telejornais, uma sequ\u00eancia de apresenta\u00e7\u00f5es sensacionalistas que tratam de uma forma indevida eventos que j\u00e1 foram apurados tanto na UnB como na UFMG&#8221;, declarou. No caso da UFMG, a deputada lembrou que o delegado Rodolfo Machado, respons\u00e1vel pelo caso, identificou que os suspeitos n\u00e3o eram alunos da universidade.<\/p>\n<p>&#8220;Al\u00e9m disso, o juiz de direto respons\u00e1vel pela a\u00e7\u00e3o afirma que n\u00e3o existe nenhuma prova que a dire\u00e7\u00e3o das faculdades serviram de palco para o delito ou tenham de alguma forma concorrido para o fato criminoso, ou mesmo oficialmente classificado como ocorr\u00eancia&#8221;, disse Salom\u00e3o.<\/p>\n<p>O deputado Bacelar (Pode-BA), tamb\u00e9m autor de um dos requerimentos e vice-l\u00edder do Podemos, afirmou que caso seguisse a mesma linha de racioc\u00ednio do ministro &#8211; que defende o dom\u00ednio do fato no caso das universidades &#8211; ele poderia afirmar que o presidente Jair Bolsonaro tem responsabilidade nas drogas encontradas no avi\u00e3o da FAB.<\/p>\n<p>&#8220;Ou ele [deveria ser responsabilizado] ou o gabinete institucional. Porque \u00e9 um espa\u00e7o muito menor, ministro, do que um campus de uma universidade. Porque tinham muito menos pessoas nesse avi\u00e3o do que 50 mil alunos de uma institui\u00e7\u00e3o de ensino&#8221;, declarou.<\/p>\n<p>Bacelar disse tamb\u00e9m que n\u00e3o acredita que Weintraub tenha cometido crimes ao fazer tais declara\u00e7\u00f5es, mas que vai oficializar \u00e0 Comiss\u00e3o Parlamentar Mista de Inqu\u00e9rito (CPMI) um pedido de intima\u00e7\u00e3o ao ministro para que esclare\u00e7a as acusa\u00e7\u00f5es. &#8220;N\u00e3o s\u00e3o as universidades brasileiras ministro, s\u00e3o casos isolados, fruto de uma sociedade doente&#8221;, conclui.<\/p>\n<p>&nbsp;<\/p>\n<p>&nbsp;<\/p>\n<p>&nbsp;<\/p>\n<p><br \/>\n<br \/><a href=\"https:\/\/exame.abril.com.br\/brasil\/ministro-da-educacao-repete-que-ha-plantacoes-de-maconha-nas-universidades\/\">Fonte do artigo <\/a><br \/>\nTags:<br \/>\n#politica #political #negocios #business #marketingdigital #empreendedorismo #marketing #emprendedores #empreender #sucesso #empresas #emprendimiento #emprendedor #empreendedor #emprender #dinheiro #dinero #empresario #vendas #liderazgo #motivacion #foco #motivacao #negocio #brasil<\/p>\n","protected":false},"excerpt":{"rendered":"<p>S\u00e3o Paulo &#8211; O ministro da Educa\u00e7\u00e3o Abraham Weintraub reafirmou que h\u00e1 planta\u00e7\u00f5es de maconha nas universidades brasileiras durante debate na Comiss\u00e3o de Educa\u00e7\u00e3o na C\u00e2mara dos Deputados, na manh\u00e3 desta quarta-feira (11). Weintraub tamb\u00e9m reiterou que os laborat\u00f3rios de qu\u00edmica das universidades s\u00e3o usados para a produ\u00e7\u00e3o de drogas sint\u00e9ticas. O ministro foi convocado [&hellip;]<\/p>\n","protected":false},"author":1,"featured_media":33010,"comment_status":"open","ping_status":"open","sticky":false,"template":"","format":"standard","meta":{"footnotes":""},"categories":[1],"tags":[],"class_list":["post-39434","post","type-post","status-publish","format-standard","has-post-thumbnail","hentry","category-curso-de-copy"],"_links":{"self":[{"href":"https:\/\/wiy.com.br\/noticias\/wp-json\/wp\/v2\/posts\/39434","targetHints":{"allow":["GET"]}}],"collection":[{"href":"https:\/\/wiy.com.br\/noticias\/wp-json\/wp\/v2\/posts"}],"about":[{"href":"https:\/\/wiy.com.br\/noticias\/wp-json\/wp\/v2\/types\/post"}],"author":[{"embeddable":true,"href":"https:\/\/wiy.com.br\/noticias\/wp-json\/wp\/v2\/users\/1"}],"replies":[{"embeddable":true,"href":"https:\/\/wiy.com.br\/noticias\/wp-json\/wp\/v2\/comments?post=39434"}],"version-history":[{"count":0,"href":"https:\/\/wiy.com.br\/noticias\/wp-json\/wp\/v2\/posts\/39434\/revisions"}],"wp:featuredmedia":[{"embeddable":true,"href":"https:\/\/wiy.com.br\/noticias\/wp-json\/wp\/v2\/media\/33010"}],"wp:attachment":[{"href":"https:\/\/wiy.com.br\/noticias\/wp-json\/wp\/v2\/media?parent=39434"}],"wp:term":[{"taxonomy":"category","embeddable":true,"href":"https:\/\/wiy.com.br\/noticias\/wp-json\/wp\/v2\/categories?post=39434"},{"taxonomy":"post_tag","embeddable":true,"href":"https:\/\/wiy.com.br\/noticias\/wp-json\/wp\/v2\/tags?post=39434"}],"curies":[{"name":"wp","href":"https:\/\/api.w.org\/{rel}","templated":true}]}}