{"id":39356,"date":"2023-02-26T15:29:45","date_gmt":"2023-02-26T18:29:45","guid":{"rendered":"https:\/\/wiy.com.br\/noticias\/bolsonaro-nao-foi-descortes-com-greta-diz-porta-voz\/"},"modified":"2019-12-10T19:48:02","modified_gmt":"2019-12-10T21:48:02","slug":"bolsonaro-nao-foi-descortes-com-greta-diz-porta-voz","status":"publish","type":"post","link":"https:\/\/wiy.com.br\/noticias\/bolsonaro-nao-foi-descortes-com-greta-diz-porta-voz\/","title":{"rendered":"Bolsonaro n\u00e3o foi descort\u00eas com Greta, diz porta-voz"},"content":{"rendered":"<p> <br \/>\n<\/p>\n<p>O porta-voz da Presid\u00eancia, Ot\u00e1vio R\u00eago Barros, afirmou nesta ter\u00e7a-feira que, &#8220;do ponto de vista gramatical&#8221;, o presidente <strong><a href=\"https:\/\/exame.abril.com.br\/noticias-sobre\/jair-bolsonaro\">Jair Bolsonaro<\/a><\/strong> n\u00e3o foi &#8220;descort\u00eas&#8221; com a ativista ambiental sueca <strong><a href=\"https:\/\/exame.abril.com.br\/noticias-sobre\/greta-thunberg\/\">Greta Thunberg<\/a><\/strong>, de 16 anos, ao cham\u00e1-la de &#8220;pirralha&#8221;.<\/p>\n<p>&#8220;Voc\u00eas j\u00e1 deram uma &#8220;googlada&#8221; sobre o que \u00e9 pirralho? D\u00e1 uma &#8220;googlada&#8221;. Pirralho \u00e9 crian\u00e7a ou pessoa de pequena estatura. Onde que presidente foi inadequado, foi descort\u00eas com a Greta? Ela \u00e9 uma pirralha. Ela \u00e9 uma pessoa de pequena estatura e uma crian\u00e7a&#8221;, disse R\u00eago Barros, em conversa com jornalistas.<\/p>\n<p>Ele n\u00e3o considerou que haja um tom pejorativo no termo. &#8220;N\u00e3o, chamo o meu filho de pirralho&#8221;, disse, reafirmando que o presidente n\u00e3o foi descort\u00eas. &#8220;Sob ponto de vista gramatical, n\u00e3o&#8221;.<\/p>\n<div class=\"widget-news widget-box no-margin no-border\"><span class=\"widget-news-title content-box-title\">Veja tamb\u00e9m<\/span><\/p>\n<ul class=\"widget-news-list\">\n<li class=\"widget-news-item without-thumb with-border\">\n<div class=\"widget-news-info\"><a href=\"http:\/\/exame.abril.com.br\/mundo\">MUNDO<\/a><span class=\"widget-news-item-title\"><a href=\"https:\/\/exame.abril.com.br\/mundo\/impressionante-o-espaco-dado-para-uma-pirralha-diz-bolsonaro-sobre-greta\/\">Impressionante o espa\u00e7o dado para uma pirralha, diz Bolsonaro sobre Greta<\/a><\/span><span class=\"widget-news-item-date\">10 dez 2019 &#8211; 10h12<\/span><\/div>\n<\/li>\n<li class=\"widget-news-item without-thumb with-border\">\n<div class=\"widget-news-info\"><a href=\"http:\/\/exame.abril.com.br\/brasil\">BRASIL<\/a><span class=\"widget-news-item-title\"><a href=\"https:\/\/exame.abril.com.br\/brasil\/apos-critica-de-bolsonaro-greta-coloca-pirralha-na-bio-do-twitter\/\">Ap\u00f3s cr\u00edtica de Bolsonaro, Greta coloca &#8220;pirralha&#8221; na bio do Twitter<\/a><\/span><span class=\"widget-news-item-date\">10 dez 2019 &#8211; 12h12<\/span><\/div>\n<\/li>\n<\/ul>\n<\/div>\n<p>De manh\u00e3, ao ser questionado sobre a morte de dois ind\u00edgenas guajajara no Maranh\u00e3o, no s\u00e1bado, Bolsonaro criticou o espa\u00e7o que a imprensa d\u00e1 a Greta:<\/p>\n<p>&#8220;\u00cdndio? Qual o nome daquela menina l\u00e1? De fora, l\u00e1? Greta. A Greta j\u00e1 falou que os \u00edndios morreram porque estavam defendendo a Amaz\u00f4nia. \u00c9 impressionante a imprensa dar espa\u00e7o para uma pirralha dessa a\u00ed. Pirralha&#8221;, disse o presidente, na sa\u00edda do Pal\u00e1cio da Alvorada.<\/p>\n<p>Ap\u00f3s a morte dos ind\u00edgenas, Greta, conhecida por sua forte atua\u00e7\u00e3o contra as mudan\u00e7as clim\u00e1ticas, escreveu em uma rede social que &#8220;os povos ind\u00edgenas est\u00e3o literalmente sendo assassinados por tentar proteger a floresta do desmatamento ilegal&#8221; e que \u00e9 &#8220;vergonhoso que o mundo permane\u00e7a calado sobre isso&#8221;.<\/p>\n<p>Depois da declara\u00e7\u00e3o do presidente, Greta alterou a descri\u00e7\u00e3o do seu perfil nas redes sociais para &#8220;pirralha&#8221;.<\/p>\n<p><br \/>\n<br \/><a href=\"https:\/\/exame.abril.com.br\/brasil\/bolsonaro-nao-foi-descortes-com-greta-diz-porta-voz\/\">Fonte do artigo <\/a><br \/>\nTags:<br \/>\n#politica #political #negocios #business #marketingdigital #empreendedorismo #marketing #emprendedores #empreender #sucesso #empresas #emprendimiento #emprendedor #empreendedor #emprender #dinheiro #dinero #empresario #vendas #liderazgo #motivacion #foco #motivacao #negocio #brasil<\/p>\n","protected":false},"excerpt":{"rendered":"<p>O porta-voz da Presid\u00eancia, Ot\u00e1vio R\u00eago Barros, afirmou nesta ter\u00e7a-feira que, &#8220;do ponto de vista gramatical&#8221;, o presidente Jair Bolsonaro n\u00e3o foi &#8220;descort\u00eas&#8221; com a ativista ambiental sueca Greta Thunberg, de 16 anos, ao cham\u00e1-la de &#8220;pirralha&#8221;. &#8220;Voc\u00eas j\u00e1 deram uma &#8220;googlada&#8221; sobre o que \u00e9 pirralho? D\u00e1 uma &#8220;googlada&#8221;. Pirralho \u00e9 crian\u00e7a ou pessoa [&hellip;]<\/p>\n","protected":false},"author":1,"featured_media":30808,"comment_status":"open","ping_status":"open","sticky":false,"template":"","format":"standard","meta":{"footnotes":""},"categories":[1],"tags":[],"class_list":["post-39356","post","type-post","status-publish","format-standard","has-post-thumbnail","hentry","category-curso-de-copy"],"_links":{"self":[{"href":"https:\/\/wiy.com.br\/noticias\/wp-json\/wp\/v2\/posts\/39356","targetHints":{"allow":["GET"]}}],"collection":[{"href":"https:\/\/wiy.com.br\/noticias\/wp-json\/wp\/v2\/posts"}],"about":[{"href":"https:\/\/wiy.com.br\/noticias\/wp-json\/wp\/v2\/types\/post"}],"author":[{"embeddable":true,"href":"https:\/\/wiy.com.br\/noticias\/wp-json\/wp\/v2\/users\/1"}],"replies":[{"embeddable":true,"href":"https:\/\/wiy.com.br\/noticias\/wp-json\/wp\/v2\/comments?post=39356"}],"version-history":[{"count":0,"href":"https:\/\/wiy.com.br\/noticias\/wp-json\/wp\/v2\/posts\/39356\/revisions"}],"wp:featuredmedia":[{"embeddable":true,"href":"https:\/\/wiy.com.br\/noticias\/wp-json\/wp\/v2\/media\/30808"}],"wp:attachment":[{"href":"https:\/\/wiy.com.br\/noticias\/wp-json\/wp\/v2\/media?parent=39356"}],"wp:term":[{"taxonomy":"category","embeddable":true,"href":"https:\/\/wiy.com.br\/noticias\/wp-json\/wp\/v2\/categories?post=39356"},{"taxonomy":"post_tag","embeddable":true,"href":"https:\/\/wiy.com.br\/noticias\/wp-json\/wp\/v2\/tags?post=39356"}],"curies":[{"name":"wp","href":"https:\/\/api.w.org\/{rel}","templated":true}]}}