{"id":39340,"date":"2023-02-26T15:52:40","date_gmt":"2023-02-26T18:52:40","guid":{"rendered":"https:\/\/wiy.com.br\/noticias\/lula-nao-faz-parte-do-meu-presente-faz-parte-do-meu-passado-diz-moro\/"},"modified":"2019-12-10T15:44:15","modified_gmt":"2019-12-10T17:44:15","slug":"lula-nao-faz-parte-do-meu-presente-faz-parte-do-meu-passado-diz-moro","status":"publish","type":"post","link":"https:\/\/wiy.com.br\/noticias\/lula-nao-faz-parte-do-meu-presente-faz-parte-do-meu-passado-diz-moro\/","title":{"rendered":"Lula n\u00e3o faz parte do meu presente, faz parte do meu passado, diz Moro"},"content":{"rendered":"<p> <br \/>\n<\/p>\n<p>Bras\u00edlia \u2014 O ministro da Justi\u00e7a, Sergio Moro, afirmou nesta ter\u00e7a-feira que o ex-presidente Luiz In\u00e1cio Lula da Silva n\u00e3o \u00e9 mais sua atribui\u00e7\u00e3o. O coment\u00e1rio foi feito em resposta a questionamento da imprensa sobre o \u00faltimo Datafolha, divulgado domingo. Segundo a pesquisa, a<a href=\"https:\/\/exame.abril.com.br\/brasil\/maioria-da-populacao-considera-justa-a-soltura-de-lula-diz-datafolha\/\" target=\"_blank\" rel=\"noopener noreferrer\"> liberta\u00e7\u00e3o do petista foi justa para 54% dos entrevistados e injusta para 42%<\/a>.<\/p>\n<p>&#8220;O presidente Lula foi considerado culpado por v\u00e1rias inst\u00e2ncias. As provas apontam que infelizmente ele se corrompeu. Lula n\u00e3o faz parte do meu presente, faz parte do meu passado e n\u00e3o \u00e9 mais minha atribui\u00e7\u00e3o&#8221;, declarou.<\/p>\n<p>Moro tamb\u00e9m disse que seu bom desempenho no Datafolha \u00e9 fruto do trabalho realizado na pasta que comanda. Segundo a pesquisa, entre os que dizem conhec\u00ea-lo, 53% avaliam sua gest\u00e3o como \u00f3tima\/boa. O \u00edndice \u00e9 superior ao do presidente Jair Bolsonaro.<\/p>\n<div class=\"widget-news widget-box no-margin no-border\"><span class=\"widget-news-title content-box-title\">Veja tamb\u00e9m<\/span><\/p>\n<ul class=\"widget-news-list\">\n<li class=\"widget-news-item without-thumb with-border\">\n<div class=\"widget-news-info\"><a href=\"http:\/\/exame.abril.com.br\/brasil\">BRASIL<\/a><span class=\"widget-news-item-title\"><a href=\"https:\/\/exame.abril.com.br\/brasil\/e-natural-que-o-stf-nao-agrade-a-todos-diz-toffoli-sobre-ataques\/\">\u00c9 natural que o STF n\u00e3o agrade a todos, diz Toffoli sobre ataques<\/a><\/span><span class=\"widget-news-item-date\">10 dez 2019 &#8211; 13h12<\/span><\/div>\n<\/li>\n<\/ul>\n<\/div>\n<p>&#8220;Eu trabalho para a consecu\u00e7\u00e3o dos objetivos do minist\u00e9rio, assumi o compromisso com o presidente Jair Bolsonaro que focar\u00edamos nesses objetivos na \u00e1rea criminal. Trabalhar pelos objetivos e alcan\u00e7ar resultados. \u00e0s vezes a imprensa diz: &#8216;Moro sofre derrotas&#8217;, mas o objetivo prim\u00e1rio \u00e9 reduzir o \u00edndice de crimes,e isso tem sido conseguido, o que \u00e9 positivo. Houve queda de 22% nos assassinatos no Brasil neste ano, a Pol\u00edcia Federal est\u00e1 fazendo um trabalho significativo, temos alcan\u00e7ado bons resultados. Essa pesquisa reflete os bons resultados. N\u00e3o se faz isso para conseguir popularidade. Se vem popularidade, \u00f3timo&#8221;, disse em um evento sobre o STF.<\/p>\n<p>O ministro da Justi\u00e7a aproveitou para criticar excessos na imprensa e disse que o governo est\u00e1 no caminho certo.<\/p>\n<p>&#8220;Acredito que n\u00f3s estamos no caminho certo, estamos trabalhando para as coisas irem bem. Todos no governo est\u00e3o fazendo isso. A imprensa tem papel fundamental, n\u00e3o existe democracia nem liberdade sem a imprensa, mas \u00e0s vezes h\u00e1 excesso de drama nos questionamentos da imprensa. O pa\u00eds segue na normalidade, temos um futuro brilhante pela frente, o que n\u00e3o nos deve cegar para uma s\u00e9rie de problemas que devem ser corrigidos&#8221;, afirmou.<\/p>\n<p><br \/>\n<br \/><a href=\"https:\/\/exame.abril.com.br\/brasil\/lula-nao-faz-parte-do-meu-presente-faz-parte-do-meu-passado-diz-moro\/\">Fonte do artigo <\/a><br \/>\nTags:<br \/>\n#politica #political #negocios #business #marketingdigital #empreendedorismo #marketing #emprendedores #empreender #sucesso #empresas #emprendimiento #emprendedor #empreendedor #emprender #dinheiro #dinero #empresario #vendas #liderazgo #motivacion #foco #motivacao #negocio #brasil<\/p>\n","protected":false},"excerpt":{"rendered":"<p>Bras\u00edlia \u2014 O ministro da Justi\u00e7a, Sergio Moro, afirmou nesta ter\u00e7a-feira que o ex-presidente Luiz In\u00e1cio Lula da Silva n\u00e3o \u00e9 mais sua atribui\u00e7\u00e3o. O coment\u00e1rio foi feito em resposta a questionamento da imprensa sobre o \u00faltimo Datafolha, divulgado domingo. Segundo a pesquisa, a liberta\u00e7\u00e3o do petista foi justa para 54% dos entrevistados e injusta [&hellip;]<\/p>\n","protected":false},"author":1,"featured_media":39341,"comment_status":"open","ping_status":"open","sticky":false,"template":"","format":"standard","meta":{"footnotes":""},"categories":[1],"tags":[],"class_list":["post-39340","post","type-post","status-publish","format-standard","has-post-thumbnail","hentry","category-curso-de-copy"],"_links":{"self":[{"href":"https:\/\/wiy.com.br\/noticias\/wp-json\/wp\/v2\/posts\/39340","targetHints":{"allow":["GET"]}}],"collection":[{"href":"https:\/\/wiy.com.br\/noticias\/wp-json\/wp\/v2\/posts"}],"about":[{"href":"https:\/\/wiy.com.br\/noticias\/wp-json\/wp\/v2\/types\/post"}],"author":[{"embeddable":true,"href":"https:\/\/wiy.com.br\/noticias\/wp-json\/wp\/v2\/users\/1"}],"replies":[{"embeddable":true,"href":"https:\/\/wiy.com.br\/noticias\/wp-json\/wp\/v2\/comments?post=39340"}],"version-history":[{"count":0,"href":"https:\/\/wiy.com.br\/noticias\/wp-json\/wp\/v2\/posts\/39340\/revisions"}],"wp:featuredmedia":[{"embeddable":true,"href":"https:\/\/wiy.com.br\/noticias\/wp-json\/wp\/v2\/media\/39341"}],"wp:attachment":[{"href":"https:\/\/wiy.com.br\/noticias\/wp-json\/wp\/v2\/media?parent=39340"}],"wp:term":[{"taxonomy":"category","embeddable":true,"href":"https:\/\/wiy.com.br\/noticias\/wp-json\/wp\/v2\/categories?post=39340"},{"taxonomy":"post_tag","embeddable":true,"href":"https:\/\/wiy.com.br\/noticias\/wp-json\/wp\/v2\/tags?post=39340"}],"curies":[{"name":"wp","href":"https:\/\/api.w.org\/{rel}","templated":true}]}}