{"id":39258,"date":"2023-02-26T15:47:50","date_gmt":"2023-02-26T18:47:50","guid":{"rendered":"https:\/\/wiy.com.br\/noticias\/mercado-financeiro-sobe-para-11-a-previsao-de-crescimento-do-pib-no-ano\/"},"modified":"2019-12-09T11:13:30","modified_gmt":"2019-12-09T13:13:30","slug":"mercado-financeiro-sobe-para-11-a-previsao-de-crescimento-do-pib-no-ano","status":"publish","type":"post","link":"https:\/\/wiy.com.br\/noticias\/mercado-financeiro-sobe-para-11-a-previsao-de-crescimento-do-pib-no-ano\/","title":{"rendered":"Mercado financeiro sobe para 1,1% a previs\u00e3o de crescimento do PIB no ano"},"content":{"rendered":"<p> <br \/>\n<\/p>\n<div id=\"\">\n<h2 class=\"article-subtitle\">Segundo Boletim Focus, desempenho deve ser igual ao de 2018; infla\u00e7\u00e3o deve fechar o ano a 3,84%, abaixo da meta mas dentro da margem de toler\u00e2ncia<\/h2>\n<div class=\"article-author\">\n<p>Por <span><strong>da Reda\u00e7\u00e3o<\/strong><\/span><\/p>\n<p>\n      <i class=\"material-icons\">access_time<\/i><br \/>\n      <span><br \/>\n        9 dez 2019, 09h53 &#8211; Publicado em 9 dez 2019, 09h31      <\/span>\n    <\/p>\n<\/p><\/div>\n<\/p><\/div>\n<div id=\"\">\n<div class=\"featured-image\">\n<div class=\"image\">\n\t\t\t\t\t\t\t\t\t\t<img title = \"[Tags]\"data-src=\"https:\/\/abrilveja.files.wordpress.com\/2016\/11\/pib21-300x205.jpg\" class=\"abril-image optimized lazyload\" abril-data-id=\"3322926\"  data- data-pin-nopin=\"true\"alt = \"pib21-300x205 Mercado financeiro sobe para 1,1% a previs\u00e3o de crescimento do PIB no ano\"\/><\/div>\n<p class=\"caption\">Boletim Focus aponta para recupera\u00e7\u00e3o do PIB mas ainda com crescimento no mesmo patamar que no ano anterior\u00a0(\/\/Reprodu\u00e7\u00e3o)<\/p>\n<\/p><\/div>\n<p><span>Economistas consultados pelo<\/span><span>\u00a0<\/span><a href=\"https:\/\/veja.abril.com.br\/noticias-sobre\/banco-central\"><strong>Banco Central<\/strong><\/a><span>\u00a0elevaram a previs\u00e3o de crescimento do\u00a0<\/span><a href=\"https:\/\/veja.abril.com.br\/noticias-sobre\/pib\"><strong>Produto Interno Bruto (PIB)<\/strong><\/a><span>\u00a0<\/span><span>para este ano. Segundo o Boletim Focus divulgado nesta segunda-feira, 9, a economia brasileira deve avan\u00e7ar 1,1%. A estimativa anterior era de crescimento de 0,99%. Caso a expectativa se confirme, a economia do pa\u00eds ter\u00e1 o mesmo patamar de 2018.<\/span><\/p>\n<p>A revis\u00e3o da previs\u00e3o de crescimento ocorre na semana ap\u00f3s a divulga\u00e7\u00e3o dos resultados do PIB do 3\u00ba trimestre, que cresceu 0,6% no per\u00edodo entre julho a setembro. O IBGE, entretanto, deve revisar o n\u00famero, j\u00e1 que o resultado n\u00e3o considera a altera\u00e7\u00e3o de dados das exporta\u00e7\u00f5es, feita pelo Minist\u00e9rio da Economia ap\u00f3s um erro na transmiss\u00e3o dos informes sobre o setor. A situa\u00e7\u00e3o levou o <a href=\"https:\/\/veja.abril.com.br\/economia\/financial-times-levanta-duvida-sobre-dados-do-pib-e-da-economia-brasileira\/\"><strong>jornal brit\u00e2nico <em>Financial Times<\/em><\/strong><\/a><span>\u00a0<\/span>a colocar em xeque a credibilidade dos dados econ\u00f4micos brasileiros <span>e causa mal-estar na pasta.<\/span><\/p>\n<p>Apesar da confus\u00e3o, a revis\u00e3o do PIB do 3\u00ba trimestre deve elevar o desempenho da economia no ano, j\u00e1 que os dados de exporta\u00e7\u00f5es considerados pelo IBGE vieram ruins para o per\u00edodo. Para 2020, os economistas elevaram a estimativa de crescimento econ\u00f4mico de 2,22% para 2,24%.<\/p>\n<h3><strong>Infla\u00e7\u00e3o<\/strong><\/h3>\n<p>O relat\u00f3rio divulgado nesta segunda-feira tamb\u00e9m traz revis\u00e3o na expectativa de infla\u00e7\u00e3o para esse ano. Segundo o Focus, o \u00cdndice Nacional de Pre\u00e7os ao Consumidor Amplo (IPCA) deve encerrar o ano em 3,84%, na semana passada a estimativa era de 3,52%. A estimativa foi revista ap\u00f3s o resultado de novembro, que contou com a acelera\u00e7\u00e3o da infla\u00e7\u00e3o devido a disparada do pre\u00e7o da carne bovina.\u00a0 A expectativa segue abaixo da meta central, de 4,25%. O intervalo de toler\u00e2ncia do sistema de metas varia de 2,75% a 5,75%. Para 2020, o mercado financeiro manteve em 3,60% sua previs\u00e3o. No pr\u00f3ximo ano, a meta central de infla\u00e7\u00e3o \u00e9 de 4%, tendo toler\u00e2ncia entre 2,5% e 5,5%.<\/p>\n<div class=\"mc-column content-text active-extra-styles \">\n<p><span>A proje\u00e7\u00e3o do mercado financeiro para a taxa de c\u00e2mbio no fim de 2019 subiu de 4,10 para 4,15 reais por d\u00f3lar. Na sexta-feira, a moeda americana fechou abaixo deste valor, em 4,14 reais, em uma semana de estabiliza\u00e7\u00e3o do pre\u00e7o ap\u00f3s ter batido v\u00e1rios recordes seguidos de alta em novembro.\u00a0<\/span><\/p>\n<\/div>\n<p>A \u00fanica proje\u00e7\u00e3o mantida para 2019 foi a dos juros. O mercado estima que a Selic encerre 2019 a a<span>\u00a04,5% ao ano. No comunicado da redu\u00e7\u00e3o da Selic de 5,5% para 5%, o Comit\u00ea de Pol\u00edtica Monet\u00e1ria (Copom) indicou que deve cortar a Selic em mais 0,5 ponto percentual em dezembro para estimular a retomada da economia, que continua com alto grau de ociosidade. O Copom se re\u00fane nesta semana e deve anunciar na quarta-feira a taxa de juros. Para 2020, o mercado tamb\u00e9m projeta a Selic a 4,5% ao ano.<\/span><\/p>\n<p>              <!-- adiciona categoria materia --><\/p>\n<p>              <!-- adiciona categoria materia -->\n\t\t\t\t\t\t\t\t\t\t\t\t\t\t\t\t\t\t\t\t\t\t\t\t\t\t\t\t\t\t\t\t\t\t\t\t\t\t\t\t\t\t\t\t\t\t\t\t\t\t\t\t\t\t\t\t\t\t\t\t\t\t\t\t\t\t\t\t\t\t\t\t\t\t\t\t\t\t\t\t\t\t\t\t\t\t\t\t\t\t\t\t\t\t\t\t\t\t\t\t\t\t\t\t\t\t\t\t\t\t\t\t\t\t\t\t\t\t\t\t\t\t\t\t\t\t\t\t\t\t\t\t\t\t\t\t\t\t\t\t\t\t\t\t\t\t\t\t\t\t\t\t\t\t\t\t\t\t\t\t\t\t\t\t\t\t\t\t\t\t\t\t\t\t\t\t\t\t\t\t\t\t\t\t\t\t\t\t\t\t\t\t\t\t\t\t\t\t\t\t\t\t\t\t\t\t\t\t\t\t\t\t\t\t\t\t\t\t\t\t\t\t\t\t\t\t\t\t\t\t\t\t\t\t\t\t\t\t\t\t\t\t\t\t\t<\/div>\n<p><br \/>\n<br \/><a href=\"https:\/\/veja.abril.com.br\/economia\/mercado-financeiro-sobe-para-11-a-previsao-de-crescimento-do-pib-no-ano\/\">Fonte do Artigo<\/a><br \/>\nTags: <\/p>\n<p><a title=\"IBJE\" href=\"https:\/\/ibge.gov.br\/\">#IBJE<\/a> <a title=\"FGV\" href=\"https:\/\/portal.fgv.br\/\">#FGV<\/a> <a title=\"LOTOFACIL\" href=\"http:\/\/loterias.caixa.gov.br\/wps\/portal\/loterias\/landing\/lotofacil\/\">#LOTOFACIL<\/a> <a title=\"TINDER\" href=\"https:\/\/tinder.com\/?lang=pt-BR\">#TINDER<\/a> <a title=\"GMAILGOOGLE\" href=\"https:\/\/mail.google.com\">#GMAILGOOGLE<\/a> <a title=\"TIKTOK\" href=\"https:\/\/www.tiktok.com\/pt_BR\/\">#TIKTOK<\/a><\/p>\n","protected":false},"excerpt":{"rendered":"<p>Segundo Boletim Focus, desempenho deve ser igual ao de 2018; infla\u00e7\u00e3o deve fechar o ano a 3,84%, abaixo da meta mas dentro da margem de toler\u00e2ncia Por da Reda\u00e7\u00e3o access_time 9 dez 2019, 09h53 &#8211; Publicado em 9 dez 2019, 09h31 Boletim Focus aponta para recupera\u00e7\u00e3o do PIB mas ainda com crescimento no mesmo patamar [&hellip;]<\/p>\n","protected":false},"author":1,"featured_media":38173,"comment_status":"open","ping_status":"open","sticky":false,"template":"","format":"standard","meta":{"footnotes":""},"categories":[7],"tags":[],"class_list":["post-39258","post","type-post","status-publish","format-standard","has-post-thumbnail","hentry","category-economia"],"_links":{"self":[{"href":"https:\/\/wiy.com.br\/noticias\/wp-json\/wp\/v2\/posts\/39258","targetHints":{"allow":["GET"]}}],"collection":[{"href":"https:\/\/wiy.com.br\/noticias\/wp-json\/wp\/v2\/posts"}],"about":[{"href":"https:\/\/wiy.com.br\/noticias\/wp-json\/wp\/v2\/types\/post"}],"author":[{"embeddable":true,"href":"https:\/\/wiy.com.br\/noticias\/wp-json\/wp\/v2\/users\/1"}],"replies":[{"embeddable":true,"href":"https:\/\/wiy.com.br\/noticias\/wp-json\/wp\/v2\/comments?post=39258"}],"version-history":[{"count":0,"href":"https:\/\/wiy.com.br\/noticias\/wp-json\/wp\/v2\/posts\/39258\/revisions"}],"wp:featuredmedia":[{"embeddable":true,"href":"https:\/\/wiy.com.br\/noticias\/wp-json\/wp\/v2\/media\/38173"}],"wp:attachment":[{"href":"https:\/\/wiy.com.br\/noticias\/wp-json\/wp\/v2\/media?parent=39258"}],"wp:term":[{"taxonomy":"category","embeddable":true,"href":"https:\/\/wiy.com.br\/noticias\/wp-json\/wp\/v2\/categories?post=39258"},{"taxonomy":"post_tag","embeddable":true,"href":"https:\/\/wiy.com.br\/noticias\/wp-json\/wp\/v2\/tags?post=39258"}],"curies":[{"name":"wp","href":"https:\/\/api.w.org\/{rel}","templated":true}]}}