{"id":39194,"date":"2023-02-26T15:29:10","date_gmt":"2023-02-26T18:29:10","guid":{"rendered":"https:\/\/wiy.com.br\/noticias\/minhocao-sera-parcialmente-interditado-a-partir-deste-sabado-7\/"},"modified":"2019-12-07T12:02:13","modified_gmt":"2019-12-07T14:02:13","slug":"minhocao-sera-parcialmente-interditado-a-partir-deste-sabado-7","status":"publish","type":"post","link":"https:\/\/wiy.com.br\/noticias\/minhocao-sera-parcialmente-interditado-a-partir-deste-sabado-7\/","title":{"rendered":"Minhoc\u00e3o ser\u00e1 parcialmente interditado a partir deste s\u00e1bado (7)"},"content":{"rendered":"<p> <br \/>\n<\/p>\n<p>Obras ir\u00e3o <strong>interditar parcialmente o elevado Jo\u00e3o Goulart (Minhoc\u00e3o)<\/strong> nos pr\u00f3ximos seis meses. A prefeitura ir\u00e1 instalar gradis nas extremidades da via, com objetivo de &#8220;d<span>ar mais seguran\u00e7a aos pedestres e usu\u00e1rios que circulam pela via durante as noites de segunda a sexta-feira, os dias dos fins de semana e eventos&#8221;.<\/span><\/p>\n<p>Inicialmente, as obras ser\u00e3o feitas no <span>sentido centro-bairro, interditando 200 metros da pista da direita de cada vez, se deslocando sentido Rua da Consola\u00e7\u00e3o a medida que os servi\u00e7os forem conclu\u00eddos. Com isso, o tr\u00e2nsito deve ser canalizado para a faixa da esquerda.\u00a0<\/span><\/p>\n<p><strong>Interdi\u00e7\u00f5es<\/strong><\/p>\n<p>De 07 a 25\/12<\/p>\n<p>Faixa da direita, pista sentido centro-bairro, de acordo com o cronograma das obras, das 10h00 \u00e0s 16h00 e das 20h00 \u00e0s 06h00 de segunda a sexta-feira do dia seguinte, e aos s\u00e1bados, domingos e feriados por per\u00edodo integral.<\/p>\n<p>A partir de 26\/12<\/p>\n<p>Faixa da direita, pista sentido bairro-centro, de acordo com o cronograma das obras, durante as 24 horas do dia.<\/p>\n<p><span>\u00a0<\/span><\/p>\n<div class=\"widget-news widget-box no-margin no-border\"><span class=\"widget-news-title content-box-title\">Veja tamb\u00e9m<\/span><\/p>\n<ul class=\"widget-news-list\">\n<li class=\"widget-news-item without-thumb with-border\">\n<div class=\"widget-news-info\"><a href=\"http:\/\/vejasp.abril.com.br\/cultura-lazer\">Cultura &amp; Lazer<\/a><span class=\"widget-news-item-title\"><a href=\"https:\/\/vejasp.abril.com.br\/cultura-lazer\/ponte-estaiada-decoracao-natal\/\">Ponte Estaiada ganha decora\u00e7\u00e3o de Natal com estrelas de 4 metros<\/a><\/span><span class=\"widget-news-item-date\">6 dez 2019 &#8211; 18h12<\/span><\/div>\n<\/li>\n<li class=\"widget-news-item without-thumb with-border\">\n<div class=\"widget-news-info\"><a href=\"http:\/\/vejasp.abril.com.br\/cidades\">Cidades<\/a><span class=\"widget-news-item-title\"><a href=\"https:\/\/vejasp.abril.com.br\/cidades\/capa-empreendedor-campo-limpo\/\">O multiempreendedor da quebrada que est\u00e1 mudando o Campo Limpo<\/a><\/span><span class=\"widget-news-item-date\">6 dez 2019 &#8211; 06h12<\/span><\/div>\n<\/li>\n<\/ul>\n<\/div>\n<p><br \/>\n<br \/><a href=\"https:\/\/vejasp.abril.com.br\/cidades\/minhocao-parcialmente-interditado\/\">Fonte do Artigo <\/a><br \/>\nTags:<br \/>\n#loterias #loteriascaixa #megasena #resultadoapostas#noticias #noticiario  #noticia #brasil #noticiascolombia #mundo #esporte #colombia #noticiadeld #ltimasnoticias  #noticiario #noticiasregionales #noticiasdepartamentales #noticiashoy #esportes #noticiaahora #elinformantenoticias #noticiasdeboyac  #esporteinterativo #esportivo #diariodosesportes  #noticiero  #jogodefutebol #jogos #loto #apostas<\/p>\n","protected":false},"excerpt":{"rendered":"<p>Obras ir\u00e3o interditar parcialmente o elevado Jo\u00e3o Goulart (Minhoc\u00e3o) nos pr\u00f3ximos seis meses. A prefeitura ir\u00e1 instalar gradis nas extremidades da via, com objetivo de &#8220;dar mais seguran\u00e7a aos pedestres e usu\u00e1rios que circulam pela via durante as noites de segunda a sexta-feira, os dias dos fins de semana e eventos&#8221;. Inicialmente, as obras ser\u00e3o [&hellip;]<\/p>\n","protected":false},"author":1,"featured_media":39195,"comment_status":"open","ping_status":"open","sticky":false,"template":"","format":"standard","meta":{"footnotes":""},"categories":[1],"tags":[],"class_list":["post-39194","post","type-post","status-publish","format-standard","has-post-thumbnail","hentry","category-curso-de-copy"],"_links":{"self":[{"href":"https:\/\/wiy.com.br\/noticias\/wp-json\/wp\/v2\/posts\/39194","targetHints":{"allow":["GET"]}}],"collection":[{"href":"https:\/\/wiy.com.br\/noticias\/wp-json\/wp\/v2\/posts"}],"about":[{"href":"https:\/\/wiy.com.br\/noticias\/wp-json\/wp\/v2\/types\/post"}],"author":[{"embeddable":true,"href":"https:\/\/wiy.com.br\/noticias\/wp-json\/wp\/v2\/users\/1"}],"replies":[{"embeddable":true,"href":"https:\/\/wiy.com.br\/noticias\/wp-json\/wp\/v2\/comments?post=39194"}],"version-history":[{"count":0,"href":"https:\/\/wiy.com.br\/noticias\/wp-json\/wp\/v2\/posts\/39194\/revisions"}],"wp:featuredmedia":[{"embeddable":true,"href":"https:\/\/wiy.com.br\/noticias\/wp-json\/wp\/v2\/media\/39195"}],"wp:attachment":[{"href":"https:\/\/wiy.com.br\/noticias\/wp-json\/wp\/v2\/media?parent=39194"}],"wp:term":[{"taxonomy":"category","embeddable":true,"href":"https:\/\/wiy.com.br\/noticias\/wp-json\/wp\/v2\/categories?post=39194"},{"taxonomy":"post_tag","embeddable":true,"href":"https:\/\/wiy.com.br\/noticias\/wp-json\/wp\/v2\/tags?post=39194"}],"curies":[{"name":"wp","href":"https:\/\/api.w.org\/{rel}","templated":true}]}}