{"id":38895,"date":"2023-02-26T15:34:23","date_gmt":"2023-02-26T18:34:23","guid":{"rendered":"https:\/\/wiy.com.br\/noticias\/confira-a-lista-dos-10-carros-mais-vendidos-de-2019\/"},"modified":"2019-12-04T07:39:08","modified_gmt":"2019-12-04T09:39:08","slug":"confira-a-lista-dos-10-carros-mais-vendidos-de-2019","status":"publish","type":"post","link":"https:\/\/wiy.com.br\/noticias\/confira-a-lista-dos-10-carros-mais-vendidos-de-2019\/","title":{"rendered":"Confira a lista dos 10 carros mais vendidos de 2019"},"content":{"rendered":"<p> <br \/>\n<\/p>\n<p><span>O ano de 2019 foi mais uma vez marcado pela <a href=\"https:\/\/exame.abril.com.br\/negocios\/vendas-de-veiculos-sobem-12-ate-julho-confira-os-mais-vendidos\/\" target=\"_blank\" rel=\"noopener noreferrer\"><strong>recupera\u00e7\u00e3o gradual das vendas de ve\u00edculos<\/strong> <\/a>no pa\u00eds. Os compactos de entrada voltaram a travar uma disputa acirrada pelas primeiras posi\u00e7\u00f5es, mas nenhum deles conseguiu desbancar o l\u00edder absoluto do mercado, o Onix, da General Motors.\u00a0<\/span><\/p>\n<p><span>No acumulado de janeiro a novembro, as vendas de autom\u00f3veis somaram 2,04 milh\u00f5es de unidades, de acordo com balan\u00e7o da Federa\u00e7\u00e3o Nacional da Distribui\u00e7\u00e3o de Ve\u00edculos Automotores (Fenabrave). Dos 50 modelos mais emplacados, o Onix respondeu por mais de 10% do total.<\/span><\/p>\n<div class=\"widget-news widget-box no-margin no-border\"><span class=\"widget-news-title content-box-title\">Veja tamb\u00e9m<\/span><\/p>\n<ul class=\"widget-news-list\">\n<li class=\"widget-news-item without-thumb with-border\">\n<div class=\"widget-news-info\"><a href=\"http:\/\/exame.abril.com.br\/negocios\">NEG\u00d3CIOS<\/a><span class=\"widget-news-item-title\"><a href=\"https:\/\/exame.abril.com.br\/negocios\/vendas-de-carros-automaticos-devem-prevalecer-no-brasil-em-2020\/\">Vendas de carros autom\u00e1ticos devem prevalecer no Brasil em 2020<\/a><\/span><span class=\"widget-news-item-date\">3 dez 2019 &#8211; 06h12<\/span><\/div>\n<\/li>\n<\/ul>\n<\/div>\n<p>&nbsp;<\/p>\n<p><span>Os \u00fanicos SUVs que entraram no ranking dos mais vendidos s\u00e3o da Jeep.\u00a0<\/span><\/p>\n<h3><strong>Confira a lista\u00a0<\/strong><\/h3>\n<p><strong>10\u00ba &#8211; Compass, da Jeep<\/strong><img loading=\"lazy\" decoding=\"async\" data-attachment-id=\"3551087\" data-permalink=\"https:\/\/exame.abril.com.br\/negocios\/como-a-jeep-tornou-se-o-maior-fenomeno-do-grupo-fiat\/attachment\/compass-2\/\" data-orig-file=\"https:\/\/abrilexame.files.wordpress.com\/2019\/08\/compass-e1565127959581.jpg?quality=70&amp;strip=info\" data-orig-size=\"2000,1333\" data-comments-opened=\"0\" data-image-meta=\"{&quot;aperture&quot;:&quot;0&quot;,&quot;credit&quot;:&quot;Marcos Camargo&quot;,&quot;camera&quot;:&quot;&quot;,&quot;caption&quot;:&quot;&quot;,&quot;created_timestamp&quot;:&quot;0&quot;,&quot;copyright&quot;:&quot;Copyright @ Marcos Camargormarcos@marcoscamargo.com&quot;,&quot;focal_length&quot;:&quot;0&quot;,&quot;iso&quot;:&quot;0&quot;,&quot;shutter_speed&quot;:&quot;0&quot;,&quot;title&quot;:&quot;&quot;,&quot;orientation&quot;:&quot;1&quot;}\" data-image-description=\"\" data-medium-file=\"https:\/\/abrilexame.files.wordpress.com\/2019\/08\/compass-e1565127959581.jpg?quality=70&amp;strip=info&amp;w=300\" data-large-file=\"https:\/\/abrilexame.files.wordpress.com\/2019\/08\/compass-e1565127959581.jpg?quality=70&amp;strip=info&amp;w=1024\" class=\"size-large wp-image-3551087\" src=\"https:\/\/abrilexame.files.wordpress.com\/2019\/08\/compass-e1565127959581.jpg?quality=70&#038;strip=info&#038;w=1024&#038;h=682\" border=\"0\"alt = \"compass-e1565127959581 Confira a lista dos 10 carros mais vendidos de 2019\"title = \"[Tags]\" width=\"1024\" height=\"682\" data-portal-copyright=\"Jeep\" \/>O SUV da Jeep foi o d\u00e9cimo carro mais vendido do ano, com 54,5 mil unidades emplacadas.<\/p>\n<p><strong>9\u00ba &#8211; Renegade, da Jeep\u00a0<\/strong><\/p>\n<p><img loading=\"lazy\" decoding=\"async\" data-attachment-id=\"3695149\" data-permalink=\"https:\/\/exame.abril.com.br\/negocios\/confira-a-lista-dos-10-carros-mais-vendidos-de-2019\/attachment\/renegade-2\/\" data-orig-file=\"https:\/\/abrilexame.files.wordpress.com\/2019\/12\/renegade.jpg?quality=70&amp;strip=info\" data-orig-size=\"2500,1667\" data-comments-opened=\"0\" data-image-meta=\"{&quot;aperture&quot;:&quot;0&quot;,&quot;credit&quot;:&quot;Marcos Camargo&quot;,&quot;camera&quot;:&quot;&quot;,&quot;caption&quot;:&quot;&quot;,&quot;created_timestamp&quot;:&quot;0&quot;,&quot;copyright&quot;:&quot;Copyright @ Marcos Camargormarcos@marcoscamargo.com&quot;,&quot;focal_length&quot;:&quot;0&quot;,&quot;iso&quot;:&quot;0&quot;,&quot;shutter_speed&quot;:&quot;0&quot;,&quot;title&quot;:&quot;&quot;,&quot;orientation&quot;:&quot;0&quot;}\" data-image-description=\"\" data-medium-file=\"https:\/\/abrilexame.files.wordpress.com\/2019\/12\/renegade.jpg?quality=70&amp;strip=info&amp;w=300\" data-large-file=\"https:\/\/abrilexame.files.wordpress.com\/2019\/12\/renegade.jpg?quality=70&amp;strip=info&amp;w=1024\" class=\"aligncenter wp-image-3695149 size-large\" src=\"https:\/\/abrilexame.files.wordpress.com\/2019\/12\/renegade.jpg?quality=70&#038;strip=info&#038;w=1024&#038;h=683\" border=\"0\"alt = \"compass-e1565127959581 Confira a lista dos 10 carros mais vendidos de 2019\"title = \"[Tags]\" width=\"1024\" height=\"683\" data-portal-copyright=\"Jeep\/FCA\" \/>O primeiro SUV produzido pela Jeep no Brasil, em Goiana (PE), \u00e9 o nono modelo mais vendido do pa\u00eds, com 63 mil unidades.<\/p>\n<p><strong>8\u00ba &#8211; Polo, da Volkswagen<\/strong><\/p>\n<figure><img title = \"[Tags]\"alt = \"compass-e1565127959581 Confira a lista dos 10 carros mais vendidos de 2019\"decoding=\"async\" src=\"https:\/\/abrilexame.files.wordpress.com\/2019\/12\/polo.jpg\" \/><figcaption>&lt;span class=&quot;hidden&quot;&gt;&#8211;&lt;\/span&gt;<span class=\"copyright\">Volkswagen\/Divulga\u00e7\u00e3o<\/span><\/figcaption><\/figure>\n<p>O compacto da montadora alem\u00e3 subiu rapidamente no ranking desde o lan\u00e7amento da sua nova vers\u00e3o, em 2017.<\/p>\n<p><strong>7\u00ba &#8211; Argo, da Fiat<\/strong><\/p>\n<p><img loading=\"lazy\" decoding=\"async\" data-attachment-id=\"3695200\" data-permalink=\"https:\/\/exame.abril.com.br\/negocios\/confira-a-lista-dos-10-carros-mais-vendidos-de-2019\/attachment\/argo-7\/\" data-orig-file=\"https:\/\/abrilexame.files.wordpress.com\/2019\/12\/argo.jpg?quality=70&amp;strip=info\" data-orig-size=\"5479,3652\" data-comments-opened=\"0\" data-image-meta=\"{&quot;aperture&quot;:&quot;11&quot;,&quot;credit&quot;:&quot;Marcos Camargo&quot;,&quot;camera&quot;:&quot;Canon EOS 5D Mark IV&quot;,&quot;caption&quot;:&quot;&quot;,&quot;created_timestamp&quot;:&quot;1495880009&quot;,&quot;copyright&quot;:&quot;Copyright@MarcosCamargo.com&quot;,&quot;focal_length&quot;:&quot;35&quot;,&quot;iso&quot;:&quot;320&quot;,&quot;shutter_speed&quot;:&quot;0.0125&quot;,&quot;title&quot;:&quot;&quot;,&quot;orientation&quot;:&quot;1&quot;}\" data-image-description=\"\" data-medium-file=\"https:\/\/abrilexame.files.wordpress.com\/2019\/12\/argo.jpg?quality=70&amp;strip=info&amp;w=300\" data-large-file=\"https:\/\/abrilexame.files.wordpress.com\/2019\/12\/argo.jpg?quality=70&amp;strip=info&amp;w=1024\" class=\"aligncenter size-large wp-image-3695200\" src=\"https:\/\/abrilexame.files.wordpress.com\/2019\/12\/argo.jpg?quality=70&#038;strip=info&#038;w=1024&#038;h=683\" border=\"0\"alt = \"compass-e1565127959581 Confira a lista dos 10 carros mais vendidos de 2019\"title = \"[Tags]\" width=\"1024\" height=\"683\" data-portal-copyright=\"FCA\" \/><\/p>\n<p>O mais recente lan\u00e7amento da Fiat galgou rapidamente o ranking de mais vendidos. Neste ano, foram mais de 70 mil unidades emplacadas.<\/p>\n<p><strong>6\u00ba &#8211; Prisma, da GM<\/strong><\/p>\n<p><img loading=\"lazy\" decoding=\"async\" data-attachment-id=\"3695300\" data-permalink=\"https:\/\/exame.abril.com.br\/negocios\/confira-a-lista-dos-10-carros-mais-vendidos-de-2019\/attachment\/chevrolet-prisma-2019\/\" data-orig-file=\"https:\/\/abrilexame.files.wordpress.com\/2019\/12\/prisma.jpg?quality=70&amp;strip=info\" data-orig-size=\"4571,2883\" data-comments-opened=\"0\" data-image-meta=\"{&quot;aperture&quot;:&quot;9&quot;,&quot;credit&quot;:&quot;&quot;,&quot;camera&quot;:&quot;NIKON D800&quot;,&quot;caption&quot;:&quot;Chevrolet Prisma 2019&quot;,&quot;created_timestamp&quot;:&quot;1525811465&quot;,&quot;copyright&quot;:&quot;&quot;,&quot;focal_length&quot;:&quot;40&quot;,&quot;iso&quot;:&quot;500&quot;,&quot;shutter_speed&quot;:&quot;0.01&quot;,&quot;title&quot;:&quot;Chevrolet Prisma 2019&quot;,&quot;orientation&quot;:&quot;0&quot;}\" data-image-description=\"\" data-medium-file=\"https:\/\/abrilexame.files.wordpress.com\/2019\/12\/prisma.jpg?quality=70&amp;strip=info&amp;w=300\" data-large-file=\"https:\/\/abrilexame.files.wordpress.com\/2019\/12\/prisma.jpg?quality=70&amp;strip=info&amp;w=1024\" class=\"size-large wp-image-3695300\" src=\"https:\/\/abrilexame.files.wordpress.com\/2019\/12\/prisma.jpg?quality=70&#038;strip=info&#038;w=1024&#038;h=646\" border=\"0\"alt = \"compass-e1565127959581 Confira a lista dos 10 carros mais vendidos de 2019\"title = \"[Tags]\" width=\"1024\" height=\"646\" data-portal-copyright=\"GM\" \/><\/p>\n<p>O sed\u00e3 da GM continua entre os mais vendidos do pa\u00eds.<\/p>\n<p><strong>5\u00ba &#8211; Gol, da Volkswagen<\/strong><\/p>\n<figure><img title = \"[Tags]\"alt = \"compass-e1565127959581 Confira a lista dos 10 carros mais vendidos de 2019\"decoding=\"async\" src=\"https:\/\/abrilexame.files.wordpress.com\/2019\/12\/gol.jpg\" \/><figcaption>&lt;span class=&quot;hidden&quot;&gt;&#8211;&lt;\/span&gt;<span class=\"copyright\">Volkswagen\/Divulga\u00e7\u00e3o<\/span><\/figcaption><\/figure>\n<p>O compacto da montadora foi l\u00edder do mercado brasileiro por 27 anos e embora n\u00e3o esteja mais no topo, ainda figura entre os mais vendidos.<\/p>\n<p><strong>4\u00ba &#8211; Kwid, da Renault<\/strong><\/p>\n<p><img loading=\"lazy\" decoding=\"async\" data-attachment-id=\"3695325\" data-permalink=\"https:\/\/exame.abril.com.br\/negocios\/confira-a-lista-dos-10-carros-mais-vendidos-de-2019\/attachment\/renault-kwid-foto-rodolfo-buhrer-la-imagem-renault\/\" data-orig-file=\"https:\/\/abrilexame.files.wordpress.com\/2019\/12\/kwid_intense_021.jpg?quality=70&amp;strip=info\" data-orig-size=\"5184,3456\" data-comments-opened=\"0\" data-image-meta=\"{&quot;aperture&quot;:&quot;4&quot;,&quot;credit&quot;:&quot;Rodolfo BUHRER&quot;,&quot;camera&quot;:&quot;Canon EOS-1D X&quot;,&quot;caption&quot;:&quot;Renault Kwid. Foto: Rodolfo Buhrer \/ La Imagem \/ Renault&quot;,&quot;created_timestamp&quot;:&quot;1500222208&quot;,&quot;copyright&quot;:&quot;www.rodolfobuhrer.com&quot;,&quot;focal_length&quot;:&quot;40&quot;,&quot;iso&quot;:&quot;100&quot;,&quot;shutter_speed&quot;:&quot;0.00625&quot;,&quot;title&quot;:&quot;Renault Kwid. Foto: Rodolfo Buhrer \/ La Imagem \/ Renault&quot;,&quot;orientation&quot;:&quot;0&quot;}\" data-image-description=\"\" data-medium-file=\"https:\/\/abrilexame.files.wordpress.com\/2019\/12\/kwid_intense_021.jpg?quality=70&amp;strip=info&amp;w=300\" data-large-file=\"https:\/\/abrilexame.files.wordpress.com\/2019\/12\/kwid_intense_021.jpg?quality=70&amp;strip=info&amp;w=1024\" class=\"size-large wp-image-3695325\" src=\"https:\/\/abrilexame.files.wordpress.com\/2019\/12\/kwid_intense_021.jpg?quality=70&#038;strip=info&#038;w=1024&#038;h=683\" border=\"0\"alt = \"compass-e1565127959581 Confira a lista dos 10 carros mais vendidos de 2019\"title = \"[Tags]\" width=\"1024\" height=\"683\" data-portal-copyright=\"Renault\" \/><\/p>\n<p>O compacto de entrada da Renault chegou h\u00e1 pouco tempo e j\u00e1 est\u00e1 entre os mais vendidos do mercado.<\/p>\n<p><strong>3\u00ba- HB20, da Hyundai<\/strong><\/p>\n<p><img loading=\"lazy\" decoding=\"async\" data-attachment-id=\"3502770\" data-permalink=\"https:\/\/exame.abril.com.br\/?attachment_id=3502770\" data-orig-file=\"https:\/\/abrilexame.files.wordpress.com\/2019\/07\/hb20_my19-2.jpg?quality=70&amp;strip=info\" data-orig-size=\"5400,3900\" data-comments-opened=\"0\" data-image-meta=\"{&quot;aperture&quot;:&quot;10&quot;,&quot;credit&quot;:&quot;&quot;,&quot;camera&quot;:&quot;NIKON D750&quot;,&quot;caption&quot;:&quot;&quot;,&quot;created_timestamp&quot;:&quot;1524822793&quot;,&quot;copyright&quot;:&quot;&quot;,&quot;focal_length&quot;:&quot;70&quot;,&quot;iso&quot;:&quot;50&quot;,&quot;shutter_speed&quot;:&quot;0.02&quot;,&quot;title&quot;:&quot;&quot;,&quot;orientation&quot;:&quot;1&quot;}\" data-image-description=\"&lt;p&gt;O compacto HB20 tem se destacado nos emplacamentos do mercado brasileiro&lt;\/p&gt;\n\" data-medium-file=\"https:\/\/abrilexame.files.wordpress.com\/2019\/07\/hb20_my19-2.jpg?quality=70&amp;strip=info&amp;w=300\" data-large-file=\"https:\/\/abrilexame.files.wordpress.com\/2019\/07\/hb20_my19-2.jpg?quality=70&amp;strip=info&amp;w=1024\" class=\"size-large wp-image-3502770\" src=\"https:\/\/abrilexame.files.wordpress.com\/2019\/07\/hb20_my19-2.jpg?quality=70&#038;strip=info&#038;w=1024&#038;h=740\" border=\"0\"alt = \"compass-e1565127959581 Confira a lista dos 10 carros mais vendidos de 2019\"title = \"[Tags]\" width=\"1024\" height=\"740\" data-portal-copyright=\"Hyundai\" \/><\/p>\n<p>Em uma disputa acirrada, o HB20 tem a medalha de bronze do mercado neste ano. Mas nada que n\u00e3o possa mudar at\u00e9 o \u00faltimo dia de dezembro.<\/p>\n<p><strong>2\u00ba &#8211; Ka, da Ford<\/strong><\/p>\n<figure><img title = \"[Tags]\"alt = \"compass-e1565127959581 Confira a lista dos 10 carros mais vendidos de 2019\"decoding=\"async\" src=\"https:\/\/abrilexame.files.wordpress.com\/2019\/12\/ford-ka-freestyle-10.jpg\" \/><figcaption>&lt;span class=&quot;hidden&quot;&gt;&#8211;&lt;\/span&gt;<span class=\"copyright\">Ford\/Divulga\u00e7\u00e3o<\/span><\/figcaption><\/figure>\n<p>Alternando com o HB20, o compacto da Ford fechou o ano na vice-lideran\u00e7a do mercado (at\u00e9 novembro).<\/p>\n<p><strong>1\u00ba &#8211; Onix, da GM<\/strong><\/p>\n<p><img loading=\"lazy\" decoding=\"async\" data-attachment-id=\"3213925\" data-permalink=\"https:\/\/exame.abril.com.br\/negocios\/os-carros-mais-populares-e-outros-numeros-do-setor-automotivo-em-2018\/attachment\/chevrolet-onix-joy-2019-gm\/\" data-orig-file=\"https:\/\/abrilexame.files.wordpress.com\/2019\/01\/chevrolet-onix-joy-2019-gm.jpg?quality=70&amp;strip=info\" data-orig-size=\"1380,920\" data-comments-opened=\"0\" data-image-meta=\"{&quot;aperture&quot;:&quot;0&quot;,&quot;credit&quot;:&quot;&quot;,&quot;camera&quot;:&quot;&quot;,&quot;caption&quot;:&quot;&quot;,&quot;created_timestamp&quot;:&quot;0&quot;,&quot;copyright&quot;:&quot;&quot;,&quot;focal_length&quot;:&quot;0&quot;,&quot;iso&quot;:&quot;0&quot;,&quot;shutter_speed&quot;:&quot;0&quot;,&quot;title&quot;:&quot;&quot;,&quot;orientation&quot;:&quot;0&quot;}\" data-image-description=\"&lt;p&gt;chevrolet onix joy 2019 gm&lt;\/p&gt;\n\" data-medium-file=\"https:\/\/abrilexame.files.wordpress.com\/2019\/01\/chevrolet-onix-joy-2019-gm.jpg?quality=70&amp;strip=info&amp;w=300\" data-large-file=\"https:\/\/abrilexame.files.wordpress.com\/2019\/01\/chevrolet-onix-joy-2019-gm.jpg?quality=70&amp;strip=info&amp;w=1024\" class=\"size-large wp-image-3213925\" src=\"https:\/\/abrilexame.files.wordpress.com\/2019\/01\/chevrolet-onix-joy-2019-gm.jpg?quality=70&#038;strip=info&#038;w=1024&#038;h=683\" border=\"0\"alt = \"compass-e1565127959581 Confira a lista dos 10 carros mais vendidos de 2019\"title = \"[Tags]\" width=\"1024\" height=\"683\" data-portal-copyright=\"GM\" \/><\/p>\n<p>Pelo quarto ano consecutivo, o Onix ser\u00e1 o l\u00edder de vendas do mercado brasileiro, com uma diferen\u00e7a expressiva em rela\u00e7\u00e3o ao segundo colocado.<\/p>\n<p>#noticias #economia #sustentabilidade #dinheiro #economia<br \/>\n<br \/><br \/>\n<br \/><a href=\"https:\/\/exame.abril.com.br\/negocios\/confira-a-lista-dos-10-carros-mais-vendidos-de-2019\/\">Fonte do Artigo <\/a><br \/>\nTags:<\/p>\n<p><a href=\"https:\/\/wiy.com.br\/noticias\/categoria\/curso-de-copy\/\">#noticias<\/a> <a href=\"https:\/\/wiy.com.br\/noticias\/categoria\/curso-de-copy\/\">#economia<\/a> <a href=\"https:\/\/wiy.com.br\/noticias\/categoria\/curso-de-copy\/\">#sustentabilidade<\/a> <a href=\"https:\/\/wiy.com.br\/noticias\/categoria\/curso-de-copy\/\">#dinheiro<\/a> <a href=\"https:\/\/wiy.com.br\/noticias\/categoria\/curso-de-copy\/\">#economia<\/a> <a href=\"https:\/\/wiy.com.br\/noticias\/categoria\/curso-de-copy\/\">#energialimpa<\/a> <a href=\"https:\/\/wiy.com.br\/noticias\/categoria\/curso-de-copy\/\">#brasil<\/a> <a href=\"https:\/\/wiy.com.br\/noticias\/categoria\/curso-de-copy\/\">#cursodecopy<\/a> <a href=\"https:\/\/wiy.com.br\/noticias\/categoria\/curso-de-copy\/\">#meioambiente<\/a> <a href=\"https:\/\/wiy.com.br\/noticias\/categoria\/curso-de-copy\/\">#hotmart<\/a> <a href=\"https:\/\/wiy.com.br\/noticias\/categoria\/curso-de-copy\/\">#empreendedorismo<\/a> <a href=\"https:\/\/wiy.com.br\/noticias\/categoria\/curso-de-copy\/\">#marketingdigital<\/a> <a href=\"https:\/\/wiy.com.br\/noticias\/categoria\/curso-de-copy\/\">#marketing digital<\/a> <a href=\"https:\/\/wiy.com.br\/noticias\/categoria\/curso-de-copy\/\">#politica<\/a> <a href=\"https:\/\/wiy.com.br\/noticias\/categoria\/curso-de-copy\/\">#energiasolarfotovoltaica<\/a> <a href=\"https:\/\/wiy.com.br\/noticias\/categoria\/curso-de-copy\/\">#textos que vendem<\/a> <a href=\"https:\/\/wiy.com.br\/noticias\/categoria\/curso-de-copy\/\">#copy de vendas<\/a> <a href=\"https:\/\/wiy.com.br\/noticias\/categoria\/curso-de-copy\/\">#sucesso<\/a> <a href=\"https:\/\/wiy.com.br\/noticias\/categoria\/curso-de-copy\/\">#financas<\/a> <a href=\"https:\/\/wiy.com.br\/noticias\/categoria\/curso-de-copy\/\">#investimentos<\/a> <a href=\"https:\/\/wiy.com.br\/noticias\/categoria\/curso-de-copy\/\">#criptomoeda<\/a> <a href=\"https:\/\/wiy.com.br\/noticias\/categoria\/curso-de-copy\/\">#ead<\/a> <a href=\"https:\/\/wiy.com.br\/noticias\/categoria\/curso-de-copy\/\">#copy download<\/a> <a href=\"https:\/\/wiy.com.br\/noticias\/categoria\/curso-de-copy\/\">#cursodecopypdf<\/a> <a href=\"https:\/\/wiy.com.br\/noticias\/categoria\/curso-de-copy\/\">#primeiravenda<\/a> <a href=\"https:\/\/wiy.com.br\/noticias\/categoria\/curso-de-copy\/\">#noticias24<\/a> <a href=\"https:\/\/curso-de-copy.wordseo.com.br\/\">#curso de copy<\/a> <a href=\"https:\/\/curso-de-copy.wordseo.com.br\/\">#curso para afiliados<\/a> <a href=\"https:\/\/curso-de-copy.wordseo.com.br\/\">#curso de copy online<\/a><\/p>\n","protected":false},"excerpt":{"rendered":"<p>O ano de 2019 foi mais uma vez marcado pela recupera\u00e7\u00e3o gradual das vendas de ve\u00edculos no pa\u00eds. Os compactos de entrada voltaram a travar uma disputa acirrada pelas primeiras posi\u00e7\u00f5es, mas nenhum deles conseguiu desbancar o l\u00edder absoluto do mercado, o Onix, da General Motors.\u00a0 No acumulado de janeiro a novembro, as vendas de [&hellip;]<\/p>\n","protected":false},"author":1,"featured_media":38896,"comment_status":"open","ping_status":"open","sticky":false,"template":"","format":"standard","meta":{"footnotes":""},"categories":[1,339],"tags":[],"class_list":["post-38895","post","type-post","status-publish","format-standard","has-post-thumbnail","hentry","category-curso-de-copy","category-negocios"],"_links":{"self":[{"href":"https:\/\/wiy.com.br\/noticias\/wp-json\/wp\/v2\/posts\/38895","targetHints":{"allow":["GET"]}}],"collection":[{"href":"https:\/\/wiy.com.br\/noticias\/wp-json\/wp\/v2\/posts"}],"about":[{"href":"https:\/\/wiy.com.br\/noticias\/wp-json\/wp\/v2\/types\/post"}],"author":[{"embeddable":true,"href":"https:\/\/wiy.com.br\/noticias\/wp-json\/wp\/v2\/users\/1"}],"replies":[{"embeddable":true,"href":"https:\/\/wiy.com.br\/noticias\/wp-json\/wp\/v2\/comments?post=38895"}],"version-history":[{"count":0,"href":"https:\/\/wiy.com.br\/noticias\/wp-json\/wp\/v2\/posts\/38895\/revisions"}],"wp:featuredmedia":[{"embeddable":true,"href":"https:\/\/wiy.com.br\/noticias\/wp-json\/wp\/v2\/media\/38896"}],"wp:attachment":[{"href":"https:\/\/wiy.com.br\/noticias\/wp-json\/wp\/v2\/media?parent=38895"}],"wp:term":[{"taxonomy":"category","embeddable":true,"href":"https:\/\/wiy.com.br\/noticias\/wp-json\/wp\/v2\/categories?post=38895"},{"taxonomy":"post_tag","embeddable":true,"href":"https:\/\/wiy.com.br\/noticias\/wp-json\/wp\/v2\/tags?post=38895"}],"curies":[{"name":"wp","href":"https:\/\/api.w.org\/{rel}","templated":true}]}}