{"id":38878,"date":"2023-02-26T15:02:39","date_gmt":"2023-02-26T18:02:39","guid":{"rendered":"https:\/\/wiy.com.br\/noticias\/pib-economia-brasileira-cresce-06-e-ensaia-recuperacao\/"},"modified":"2019-12-03T23:52:20","modified_gmt":"2019-12-04T01:52:20","slug":"pib-economia-brasileira-cresce-06-e-ensaia-recuperacao","status":"publish","type":"post","link":"https:\/\/wiy.com.br\/noticias\/pib-economia-brasileira-cresce-06-e-ensaia-recuperacao\/","title":{"rendered":"PIB: economia brasileira cresce 0,6% e ensaia recupera\u00e7\u00e3o"},"content":{"rendered":"<p> <br \/>\n<\/p>\n<div id=\"\">\n<div class=\"featured-image\">\n<div class=\"image\">\n\t\t\t\t\t\t\t\t\t\t<img title = \"[Tags]\"data-src=\"https:\/\/abrilveja.files.wordpress.com\/2016\/06\/soja-colheita-agricultura-commodities-estados-unidos-20070928-original3.jpeg\" class=\"abril-image optimized lazyload\" abril-data-id=\"3314977\"  data- data-pin-nopin=\"true\"alt = \"soja-colheita-agricultura-commodities-estados-unidos-20070928-original3 PIB: economia brasileira cresce 0,6% e ensaia recupera\u00e7\u00e3o\"\/><\/div>\n<p class=\"caption\">Agropecu\u00e1ria foi o setor que mais cresceu no per\u00edodo, 1,3%\u00a0(Scott Olson\/Getty Images\/VEJA)<\/p>\n<\/p><\/div>\n<p>A<span>\u00a0<\/span><a href=\"https:\/\/veja.abril.com.br\/noticias-sobre\/economia-brasileira\"><strong>economia brasileira<\/strong><\/a><span>\u00a0<\/span>apresentou alta de 0,6% no terceiro trimestre deste ano na compara\u00e7\u00e3o com o segundo trimestre, na s\u00e9rie com ajuste sazonal, segundo dados do IBGE divulgados nesta ter\u00e7a-feira, 3. Apesar do avan\u00e7o, o resultado reflete uma t\u00edmida retomada da atividade econ\u00f4mica do pa\u00eds, que registrou estagna\u00e7\u00e3o no resultado do <a href=\"https:\/\/veja.abril.com.br\/noticias-sobre\/pib\" target=\"_blank\" rel=\"noopener noreferrer\"><strong>Produto Interno Bruto (PIB)<\/strong><\/a> de janeiro a mar\u00e7o e avan\u00e7o de 0,5% no segundo trimestre. Os valores foram revisados pelo IBGE, que originalmente em queda de 0,2% e crescimento de 0,5%<span>.<\/span> Em valores correntes, o PIB do 3\u00ba tri totalizou 1,842 trilh\u00e3o de reais. Na compara\u00e7\u00e3o com o mesmo trimestre do ano anterior, o crescimento \u00e9 de 1,2%<\/p>\n<p>A maior alta foi da Agropecu\u00e1ria com crescimento de 1,3%, seguida pela Ind\u00fastria (0,8%) e pelos Servi\u00e7os (0,4%). O crescimento na Ind\u00fastria se deve \u00e0 extrativa<span>\u00a0<\/span>(alta de 12,0%, puxada pelo crescimento da extra\u00e7\u00e3o de petr\u00f3leo) e \u00e0 Constru\u00e7\u00e3o (1,3%). Recuaram no trimestre<span>\u00a0<\/span>Eletricidade e g\u00e1s, \u00e1gua, esgoto, atividades de gest\u00e3o de res\u00edduos<span>\u00a0<\/span>(-0,9%) e<span>\u00a0<\/span>Ind\u00fastrias de Transforma\u00e7\u00e3o<span>\u00a0<\/span>(-1,0%).<\/p>\n<p>Nos Servi\u00e7os, os resultados positivos foram em<span>\u00a0<\/span>Atividades financeiras, de seguros e servi\u00e7os relacionados<span>\u00a0<\/span>(1,2%),<span>\u00a0<\/span>Com\u00e9rcio\u00a0(1,1%),\u00a0Informa\u00e7\u00e3o e comunica\u00e7\u00e3o\u00a0(1,1%),\u00a0Atividades imobili\u00e1rias\u00a0(0,3%) e\u00a0Outras atividades de servi\u00e7os\u00a0(0,1%). J\u00e1 os recuos foram nas atividades de\u00a0Transporte, armazenagem e correio\u00a0(-0,1%) e\u00a0Administra\u00e7\u00e3o, defesa, sa\u00fade e educa\u00e7\u00e3o p\u00fablicas e seguridade social\u00a0(-0,6%).<\/p>\n<p>Pela \u00f3tica da despesa, a Forma\u00e7\u00e3o Bruta de Capital Fixo (2,0%) e a Despesa de Consumo das Fam\u00edlias (0,8%) tiveram varia\u00e7\u00e3o positiva. J\u00e1 a Despesa de Consumo do Governo (-0,4%) recuou em rela\u00e7\u00e3o ao trimestre imediatamente anterior.<\/p>\n<p>\u201cNa \u00f3tica da demanda, os investimentos v\u00eam crescendo, puxado pela constru\u00e7\u00e3o, que havia ca\u00eddo 20 trimestres consecutivos e desde o trimestre anterior mostra recupera\u00e7\u00e3o, quando comparado a igual per\u00edodo de 2018. O consumo das fam\u00edlias tamb\u00e9m cresce, enquanto as despesas do governo \u2013 incluindo pessoal e demais gastos, exceto investimentos -, caem em todas as esferas em fun\u00e7\u00e3o das restri\u00e7\u00f5es or\u00e7ament\u00e1rias\u201d, analisa a coordenadora de Conta Nacionais do IBGE, Rebeca Palis. Ela ressalta tamb\u00e9m que, na \u00f3tica da produ\u00e7\u00e3o, o que mais cresceu foi a constru\u00e7\u00e3o; a extrativa mineral, puxada pela extra\u00e7\u00e3o de petr\u00f3leo; e informa\u00e7\u00e3o e comunica\u00e7\u00e3o, com avan\u00e7o de internet e desenvolvimento de sistemas.<\/p>\n<p>\u201cJ\u00e1 entre as atividades que ca\u00edram, o destaque \u00e9 a ind\u00fastria de transforma\u00e7\u00e3o, afetada pela queda nas exporta\u00e7\u00f5es em fun\u00e7\u00e3o da menor demanda mundial e a crise da Argentina\u201d, analisa a coordenadora de Conta Nacionais do IBGE. No setor externo, as Exporta\u00e7\u00f5es de Bens e Servi\u00e7os recuaram 2,8%, enquanto as Importa\u00e7\u00f5es de Bens e Servi\u00e7os cresceram 2,9% na mesma compara\u00e7\u00e3o.<\/p>\n<p>O resultado do PIB aponta para um desempenho mais lento ou em linha com os dois anos anteriores, quando o crescimento foi de 1,3% em 2017 e 1,1% em 2018. <span>Segundo o mais recente Boletim Focus, do Banco Central,\u00a0<\/span>economistas estimam que o PIB deva avan\u00e7ar 0,99% neste ano. O Produto Interno Bruto \u00e9 o principal indicador para medir o crescimento da economia de um pa\u00eds. O \u00edndice soma todos<span>\u00a0<\/span><span>os bens e servi\u00e7os finais produzidos em um determinado per\u00edodo de tempo na moeda corrente do local.<\/span><\/p>\n<p><span\/><span>H\u00e1 tempos a economia brasileira n\u00e3o apresenta um avan\u00e7o significativo. Tanto em 2018 como em 2017, o PIB foi de 1,1%. Em 2016 e em 2015, a economia teve retra\u00e7\u00e3o, de 3,3% e de 3,5%, respectivamente.\u00a0<\/span><span>Devido a sinais de desacelera\u00e7\u00e3o de indicadores econ\u00f4micos desde o in\u00edcio deste ano, bancos e consultorias passaram a cortar sistematicamente as proje\u00e7\u00f5es de crescimento para este ano.\u00a0<\/span><\/p>\n<p><span>Os cortes das proje\u00e7\u00f5es levam em<\/span><span>\u00a0conta, principalmente, a falta de articula\u00e7\u00e3o do governo para acelerar a aprova\u00e7\u00e3o da reforma da Previd\u00eancia no Congresso Nacional, al\u00e9m da dificuldade do Planalto em implementar medidas que possam estimular a atividade econ\u00f4mica. A aprova\u00e7\u00e3o de reformas, tanto da Previd\u00eancia como tribut\u00e1ria, adicionada a medidas de est\u00edmulos, poderiam trazer de volta a confian\u00e7a de empres\u00e1rios e consumidores e, consequentemente, das decis\u00f5es de investimentos.<\/span><\/p>\n<p>              <!-- adiciona categoria materia --><\/p>\n<p>              <!-- adiciona categoria materia -->\n\t\t\t\t\t\t\t\t\t\t\t\t\t\t\t\t\t\t\t\t\t\t\t\t\t\t\t\t\t\t\t\t\t\t\t\t\t\t\t\t\t\t\t\t\t\t\t\t\t\t\t\t\t\t\t\t\t\t\t\t\t\t\t\t\t\t\t\t\t\t\t\t\t\t\t\t\t\t\t\t\t\t\t\t\t\t\t\t\t\t\t\t\t\t\t\t\t\t\t\t\t\t\t\t\t\t\t\t\t\t\t\t\t\t\t\t\t\t\t\t\t\t\t\t\t\t\t\t\t\t\t\t\t\t\t\t\t\t\t\t\t\t\t\t\t\t\t\t\t\t\t\t\t\t\t\t\t\t\t\t\t\t\t\t\t\t\t\t\t\t\t\t\t\t\t\t\t\t\t\t\t\t\t\t\t\t\t\t\t\t\t\t\t\t\t\t\t\t\t\t\t\t\t\t\t\t\t\t\t\t\t\t\t\t\t\t\t\t\t\t\t\t\t\t\t\t\t\t\t\t\t\t\t\t\t\t\t\t\t\t\t\t\t\t\t<\/div>\n<p><br \/>\n<br \/><a href=\"https:\/\/veja.abril.com.br\/economia\/pib-economia-brasileira-cresce-06-e-ensaia-recuperacao\/\">Fonte do Artigo<\/a><br \/>\nTags: <\/p>\n<p><a title=\"IBJE\" href=\"https:\/\/ibge.gov.br\/\">#IBJE<\/a> <a title=\"FGV\" href=\"https:\/\/portal.fgv.br\/\">#FGV<\/a> <a title=\"LOTOFACIL\" href=\"http:\/\/loterias.caixa.gov.br\/wps\/portal\/loterias\/landing\/lotofacil\/\">#LOTOFACIL<\/a> <a title=\"TINDER\" href=\"https:\/\/tinder.com\/?lang=pt-BR\">#TINDER<\/a> <a title=\"GMAILGOOGLE\" href=\"https:\/\/mail.google.com\">#GMAILGOOGLE<\/a> <a title=\"TIKTOK\" href=\"https:\/\/www.tiktok.com\/pt_BR\/\">#TIKTOK<\/a><\/p>\n","protected":false},"excerpt":{"rendered":"<p>Agropecu\u00e1ria foi o setor que mais cresceu no per\u00edodo, 1,3%\u00a0(Scott Olson\/Getty Images\/VEJA) A\u00a0economia brasileira\u00a0apresentou alta de 0,6% no terceiro trimestre deste ano na compara\u00e7\u00e3o com o segundo trimestre, na s\u00e9rie com ajuste sazonal, segundo dados do IBGE divulgados nesta ter\u00e7a-feira, 3. Apesar do avan\u00e7o, o resultado reflete uma t\u00edmida retomada da atividade econ\u00f4mica do pa\u00eds, [&hellip;]<\/p>\n","protected":false},"author":1,"featured_media":38879,"comment_status":"open","ping_status":"open","sticky":false,"template":"","format":"standard","meta":{"footnotes":""},"categories":[7],"tags":[],"class_list":["post-38878","post","type-post","status-publish","format-standard","has-post-thumbnail","hentry","category-economia"],"_links":{"self":[{"href":"https:\/\/wiy.com.br\/noticias\/wp-json\/wp\/v2\/posts\/38878","targetHints":{"allow":["GET"]}}],"collection":[{"href":"https:\/\/wiy.com.br\/noticias\/wp-json\/wp\/v2\/posts"}],"about":[{"href":"https:\/\/wiy.com.br\/noticias\/wp-json\/wp\/v2\/types\/post"}],"author":[{"embeddable":true,"href":"https:\/\/wiy.com.br\/noticias\/wp-json\/wp\/v2\/users\/1"}],"replies":[{"embeddable":true,"href":"https:\/\/wiy.com.br\/noticias\/wp-json\/wp\/v2\/comments?post=38878"}],"version-history":[{"count":0,"href":"https:\/\/wiy.com.br\/noticias\/wp-json\/wp\/v2\/posts\/38878\/revisions"}],"wp:featuredmedia":[{"embeddable":true,"href":"https:\/\/wiy.com.br\/noticias\/wp-json\/wp\/v2\/media\/38879"}],"wp:attachment":[{"href":"https:\/\/wiy.com.br\/noticias\/wp-json\/wp\/v2\/media?parent=38878"}],"wp:term":[{"taxonomy":"category","embeddable":true,"href":"https:\/\/wiy.com.br\/noticias\/wp-json\/wp\/v2\/categories?post=38878"},{"taxonomy":"post_tag","embeddable":true,"href":"https:\/\/wiy.com.br\/noticias\/wp-json\/wp\/v2\/tags?post=38878"}],"curies":[{"name":"wp","href":"https:\/\/api.w.org\/{rel}","templated":true}]}}