{"id":38796,"date":"2023-02-26T15:04:54","date_gmt":"2023-02-26T18:04:54","guid":{"rendered":"https:\/\/wiy.com.br\/noticias\/camara-vai-instaurar-processo-contra-zambelli-por-ofensas-a-hasselmann\/"},"modified":"2019-12-03T09:21:09","modified_gmt":"2019-12-03T11:21:09","slug":"camara-vai-instaurar-processo-contra-zambelli-por-ofensas-a-hasselmann","status":"publish","type":"post","link":"https:\/\/wiy.com.br\/noticias\/camara-vai-instaurar-processo-contra-zambelli-por-ofensas-a-hasselmann\/","title":{"rendered":"C\u00e2mara vai instaurar processo contra Zambelli por ofensas a Hasselmann"},"content":{"rendered":"<p> <br \/>\n<\/p>\n<p>Bras\u00edlia \u2014 O Conselho de \u00c9tica e Decoro Parlamentar da <strong><a href=\"https:\/\/exame.abril.com.br\/noticias-sobre\/camara-dos-deputados\/\">C\u00e2mara dos Deputados<\/a><\/strong> se re\u00fane nesta ter\u00e7a-feira (03) para instaurar processos contra os deputados do PSL <strong>Filipe Barros<\/strong> (PR) e <strong>Carla Zambelli<\/strong> (SP).<\/p>\n<p>O processo contra Zambelli \u00e9 movido pelo pr\u00f3prio PSL. O partido acusa a deputada de ter ofendido Joice Hasselmann (PSL-SP) nas redes sociais ap\u00f3s ela deixar o cargo de l\u00edder do governo.<\/p>\n<p>&#8220;[As publica\u00e7\u00f5es] ultrapassam todos os limites aceit\u00e1veis do bom embate para a pura incita\u00e7\u00e3o \u00e0 viol\u00eancia moral e \u00e9tica&#8221;, afirma o PSL no processo em que pede a cassa\u00e7\u00e3o do mandato de Zambelli por quebra de decoro.<\/p>\n<div class=\"widget-news widget-box no-margin no-border\"><span class=\"widget-news-title content-box-title\">Veja tamb\u00e9m<\/span><\/p>\n<ul class=\"widget-news-list\">\n<li class=\"widget-news-item without-thumb with-border\">\n<div class=\"widget-news-info\"><a href=\"http:\/\/exame.abril.com.br\/brasil\">BRASIL<\/a><span class=\"widget-news-item-title\"><a href=\"https:\/\/exame.abril.com.br\/brasil\/em-live-eduardo-bolsonaro-critica-major-olimpio-e-joice-hasselmann\/\">Em live, Eduardo Bolsonaro critica Major Olimpio e Joice Hasselmann<\/a><\/span><span class=\"widget-news-item-date\">25 out 2019 &#8211; 20h10<\/span><\/div>\n<\/li>\n<\/ul>\n<\/div>\n<p>J\u00e1 o processo contra Filipe Barros foi apresentado pelo PT. O partido afirma que, durante uma reuni\u00e3o da CPMI das Fake News, Barros quebrou o decoro ao fazer uma associa\u00e7\u00e3o &#8220;improcedente e caluniosa&#8221; do PT com uma organiza\u00e7\u00e3o criminosa; al\u00e9m de ter ofendido o l\u00edder petista no Senado, Humberto Costa (PE).<\/p>\n<p>Ap\u00f3s instalar os processos, o Conselho de \u00c9tica vai sortear a lista tr\u00edplice para escolha dos relatores dos casos.<\/p>\n<p>A reuni\u00e3o do conselho est\u00e1 marcada para as 14h30, em plen\u00e1rio a definir.<\/p>\n<p><br \/>\n<br \/><a href=\"https:\/\/exame.abril.com.br\/brasil\/camara-vai-instaurar-processo-contra-zambelli-por-ofensas-a-hasselmann\/\">Fonte do artigo <\/a><br \/>\nTags:<br \/>\n#politica #political #negocios #business #marketingdigital #empreendedorismo #marketing #emprendedores #empreender #sucesso #empresas #emprendimiento #emprendedor #empreendedor #emprender #dinheiro #dinero #empresario #vendas #liderazgo #motivacion #foco #motivacao #negocio #brasil<\/p>\n","protected":false},"excerpt":{"rendered":"<p>Bras\u00edlia \u2014 O Conselho de \u00c9tica e Decoro Parlamentar da C\u00e2mara dos Deputados se re\u00fane nesta ter\u00e7a-feira (03) para instaurar processos contra os deputados do PSL Filipe Barros (PR) e Carla Zambelli (SP). O processo contra Zambelli \u00e9 movido pelo pr\u00f3prio PSL. O partido acusa a deputada de ter ofendido Joice Hasselmann (PSL-SP) nas redes [&hellip;]<\/p>\n","protected":false},"author":1,"featured_media":30495,"comment_status":"open","ping_status":"open","sticky":false,"template":"","format":"standard","meta":{"footnotes":""},"categories":[1],"tags":[],"class_list":["post-38796","post","type-post","status-publish","format-standard","has-post-thumbnail","hentry","category-curso-de-copy"],"_links":{"self":[{"href":"https:\/\/wiy.com.br\/noticias\/wp-json\/wp\/v2\/posts\/38796","targetHints":{"allow":["GET"]}}],"collection":[{"href":"https:\/\/wiy.com.br\/noticias\/wp-json\/wp\/v2\/posts"}],"about":[{"href":"https:\/\/wiy.com.br\/noticias\/wp-json\/wp\/v2\/types\/post"}],"author":[{"embeddable":true,"href":"https:\/\/wiy.com.br\/noticias\/wp-json\/wp\/v2\/users\/1"}],"replies":[{"embeddable":true,"href":"https:\/\/wiy.com.br\/noticias\/wp-json\/wp\/v2\/comments?post=38796"}],"version-history":[{"count":0,"href":"https:\/\/wiy.com.br\/noticias\/wp-json\/wp\/v2\/posts\/38796\/revisions"}],"wp:featuredmedia":[{"embeddable":true,"href":"https:\/\/wiy.com.br\/noticias\/wp-json\/wp\/v2\/media\/30495"}],"wp:attachment":[{"href":"https:\/\/wiy.com.br\/noticias\/wp-json\/wp\/v2\/media?parent=38796"}],"wp:term":[{"taxonomy":"category","embeddable":true,"href":"https:\/\/wiy.com.br\/noticias\/wp-json\/wp\/v2\/categories?post=38796"},{"taxonomy":"post_tag","embeddable":true,"href":"https:\/\/wiy.com.br\/noticias\/wp-json\/wp\/v2\/tags?post=38796"}],"curies":[{"name":"wp","href":"https:\/\/api.w.org\/{rel}","templated":true}]}}