{"id":38543,"date":"2023-02-26T15:14:49","date_gmt":"2023-02-26T18:14:49","guid":{"rendered":"https:\/\/wiy.com.br\/noticias\/desemprego-em-outubro-cai-para-116-com-novo-recorde-de-informalidade\/"},"modified":"2019-11-29T12:05:30","modified_gmt":"2019-11-29T14:05:30","slug":"desemprego-em-outubro-cai-para-116-com-novo-recorde-de-informalidade","status":"publish","type":"post","link":"https:\/\/wiy.com.br\/noticias\/desemprego-em-outubro-cai-para-116-com-novo-recorde-de-informalidade\/","title":{"rendered":"Desemprego em outubro cai para 11,6% com novo recorde de informalidade"},"content":{"rendered":"<p> <br \/>\n<\/p>\n<div>\n<div class=\"image\">\n\t\t\t\t\t\t\t\t\t\t<img title = \"[Tags]\"data-src=\"https:\/\/abrilveja.files.wordpress.com\/2017\/05\/editadas-emprego-veja-com10.jpg\" class=\"abril-image optimized lazyload\" abril-data-id=\"3311119\"  data- data-pin-nopin=\"true\"alt = \"editadas-emprego-veja-com10 Desemprego em outubro cai para 11,6% com novo recorde de informalidade\"\/><\/div>\n<p class=\"caption\">Taxa de desemprego recuou 0,2% em rela\u00e7\u00e3o ao trimestre anterior, considerado est\u00e1vel pelo IBGE\u00a0(Reinaldo Canato\/VEJA.com)<\/p>\n<\/p><\/div>\n<div>\n<p>A <a href=\"https:\/\/veja.abril.com.br\/noticias-sobre\/desemprego\"><strong>taxa de desemprego<\/strong><\/a> no Brasil recuou para 11,6% no trimestre encerrado em outubro, atingindo 12,4 milh\u00f5es de pessoas, segundo dados divulgados nesta sexta-feira, 29, pelo <a href=\"https:\/\/veja.abril.com.br\/noticias-sobre\/ibge\"><strong>Instituto Brasileiro de Geografia e Estat\u00edstica (IBGE<\/strong>)<\/a>. Foi a primeira queda na s\u00e9rie desde o trimestre m\u00f3vel encerrado em junho. Entre os per\u00edodos encerrados em julho, agosto e setembro, a taxa estava em 11,8%, atingindo 12,5 milh\u00f5es de pessoas.<\/p>\n<p>A informalidade continuou a bater recorde. O n\u00famero de pessoas trabalhando sem carteira assinada chegou a 11,9 milh\u00f5es de pessoas enquanto a categoria por conta pr\u00f3pria chegou a 24,4 milh\u00f5es de pessoas. Com isso, a taxa de informalidade no mercado de trabalho ficou em 41,2%. Apesar das altas, o IBGE afirma que houve estabilidade frente ao trimestre m\u00f3vel anterior,<strong>\u00a0<\/strong>reunindo um contingente total de 38,8 milh\u00f5es de brasileiros<\/p>\n<div class=\"content-ads content-ads--reveal\">\n<div>\n<div class=\"mc-column content-text active-extra-styles \">\n<p>J\u00e1 o n\u00famero de empregados com carteira de trabalho assinada no setor privado somou 33,2 milh\u00f5es, tamb\u00e9m est\u00e1vel. O\u00a0Brasil gerou 70.852 empregos com carteira assinada em outubro,\u00a0de acordo com n\u00fameros do Cadastro Geral de Empregados e Desempregados (Caged) divulgados na semana passada pelo Minist\u00e9rio da Economia. No acumulado do ano, foram criados 841.589 empregos com carteira assinada.<\/p>\n<\/div>\n<div class=\"content-ads content-ads--reveal\">\n<div id=\"banner_materia__715e052f-ceac-42ff-821c-ad739bbca177\" class=\"tag-manager-publicidade-container mc-has-reveal mc-has-ad-lazyload tag-manager-publicidade-banner_materia__715e052f-ceac-42ff-821c-ad739bbca177 tag-manager-publicidade-container--carregado tag-manager-publicidade-container--visivel\">\n<p>A taxa de subutiliza\u00e7\u00e3o da for\u00e7a de trabalho (pessoas que trabalham menos do que podem e querem) caiu, passando de 24,6% no trimestre m\u00f3vel anterior para 23,8%, o que representa 972 mil pessoas a menos. Mesmo assim, ainda s\u00e3o 27,1 milh\u00f5es de pessoas nessa condi\u00e7\u00e3o, o que representa uma estabilidade frente ao mesmo per\u00edodo de 2018.<\/p>\n<\/div>\n<\/div>\n<\/div>\n<\/div>\n<\/div>\n<p><br \/>\n<br \/><a href=\"https:\/\/veja.abril.com.br\/economia\/desemprego-em-outubro-cai-para-116-com-novo-recorde-na-informalidade\/\">Fonte do Artigo<\/a><br \/>\nTags: <\/p>\n<p><a title=\"IBJE\" href=\"https:\/\/ibge.gov.br\/\">#IBJE<\/a> <a title=\"FGV\" href=\"https:\/\/portal.fgv.br\/\">#FGV<\/a> <a title=\"LOTOFACIL\" href=\"http:\/\/loterias.caixa.gov.br\/wps\/portal\/loterias\/landing\/lotofacil\/\">#LOTOFACIL<\/a> <a title=\"TINDER\" href=\"https:\/\/tinder.com\/?lang=pt-BR\">#TINDER<\/a> <a title=\"GMAILGOOGLE\" href=\"https:\/\/mail.google.com\">#GMAILGOOGLE<\/a> <a title=\"TIKTOK\" href=\"https:\/\/www.tiktok.com\/pt_BR\/\">#TIKTOK<\/a><\/p>\n","protected":false},"excerpt":{"rendered":"<p>Taxa de desemprego recuou 0,2% em rela\u00e7\u00e3o ao trimestre anterior, considerado est\u00e1vel pelo IBGE\u00a0(Reinaldo Canato\/VEJA.com) A taxa de desemprego no Brasil recuou para 11,6% no trimestre encerrado em outubro, atingindo 12,4 milh\u00f5es de pessoas, segundo dados divulgados nesta sexta-feira, 29, pelo Instituto Brasileiro de Geografia e Estat\u00edstica (IBGE). Foi a primeira queda na s\u00e9rie desde [&hellip;]<\/p>\n","protected":false},"author":1,"featured_media":38544,"comment_status":"open","ping_status":"open","sticky":false,"template":"","format":"standard","meta":{"footnotes":""},"categories":[7],"tags":[],"class_list":["post-38543","post","type-post","status-publish","format-standard","has-post-thumbnail","hentry","category-economia"],"_links":{"self":[{"href":"https:\/\/wiy.com.br\/noticias\/wp-json\/wp\/v2\/posts\/38543","targetHints":{"allow":["GET"]}}],"collection":[{"href":"https:\/\/wiy.com.br\/noticias\/wp-json\/wp\/v2\/posts"}],"about":[{"href":"https:\/\/wiy.com.br\/noticias\/wp-json\/wp\/v2\/types\/post"}],"author":[{"embeddable":true,"href":"https:\/\/wiy.com.br\/noticias\/wp-json\/wp\/v2\/users\/1"}],"replies":[{"embeddable":true,"href":"https:\/\/wiy.com.br\/noticias\/wp-json\/wp\/v2\/comments?post=38543"}],"version-history":[{"count":0,"href":"https:\/\/wiy.com.br\/noticias\/wp-json\/wp\/v2\/posts\/38543\/revisions"}],"wp:featuredmedia":[{"embeddable":true,"href":"https:\/\/wiy.com.br\/noticias\/wp-json\/wp\/v2\/media\/38544"}],"wp:attachment":[{"href":"https:\/\/wiy.com.br\/noticias\/wp-json\/wp\/v2\/media?parent=38543"}],"wp:term":[{"taxonomy":"category","embeddable":true,"href":"https:\/\/wiy.com.br\/noticias\/wp-json\/wp\/v2\/categories?post=38543"},{"taxonomy":"post_tag","embeddable":true,"href":"https:\/\/wiy.com.br\/noticias\/wp-json\/wp\/v2\/tags?post=38543"}],"curies":[{"name":"wp","href":"https:\/\/api.w.org\/{rel}","templated":true}]}}