{"id":38467,"date":"2023-02-26T15:49:38","date_gmt":"2023-02-26T18:49:38","guid":{"rendered":"https:\/\/wiy.com.br\/noticias\/entenda-a-formula-do-provavel-sucesso-da-black-friday-2019\/"},"modified":"2019-11-28T17:45:13","modified_gmt":"2019-11-28T19:45:13","slug":"entenda-a-formula-do-provavel-sucesso-da-black-friday-2019","status":"publish","type":"post","link":"https:\/\/wiy.com.br\/noticias\/entenda-a-formula-do-provavel-sucesso-da-black-friday-2019\/","title":{"rendered":"Entenda a f\u00f3rmula do prov\u00e1vel sucesso da Black Friday 2019"},"content":{"rendered":"<p> <br \/>\n<\/p>\n<div id=\"post-3309523\">\n<header class=\"article-header\">\n<div class=\"blog-author-single\">\n<div class=\"author-content\">\n<div class=\"img-top-blog chapeu\">\n<div>\n          <a href=\"https:\/\/veja.abril.com.br\/blog\/radar\/ \"><br \/>\n            <img title = \"[Tags]\"alt = \"robson-bonin-120 Entenda a f\u00f3rmula do prov\u00e1vel sucesso da Black Friday 2019\"decoding=\"async\" class=\"author-image\" data-pin-nopin=\"true\" src=\"https:\/\/abrilveja.files.wordpress.com\/2019\/07\/robson-bonin-120.png?w=120\"\/><\/a>\n        <\/div>\n<\/p><\/div>\n<\/div><\/div>\n<h2 class=\"article-subtitle\">Varejistas t\u00eam avaliado que os consumidores est\u00e3o mais dispostos a comprar neste ano; 2018 n\u00e3o teve tantos fatores positivos juntos<\/h2>\n<div class=\"article-author\">\n<p>\n      <i class=\"material-icons\">access_time<\/i><br \/>\n      <span><br \/>\n        28 nov 2019, 16h17 &#8211; Publicado em 28 nov 2019, 16h15      <\/span>\n    <\/p>\n<\/p><\/div>\n<\/header>\n<section class=\"share\"><a href=\"whatsapp:\/\/send?text=Entenda a f\u00f3rmula do prov\u00e1vel sucesso da Black Friday 2019 https:\/\/veja.abril.com.br\/blog\/radar\/entenda-a-formula-do-provavel-sucesso-da-black-friday-2019\/?utm_source=whatsapp&amp;utm_medium=social&amp;utm_campaign=barra-compartilhamento VEJA.com\" data-action=\"share\/whatsapp\/share\" class=\"whatsapp  hidden-md hidden-lg\"><i class=\"icon-whatsapp\"\/><\/a><\/p>\n<p>      <a href=\"mailto:?subject=Entenda a f\u00f3rmula do prov\u00e1vel sucesso da Black Friday 2019&amp;body=Entenda a f\u00f3rmula do prov\u00e1vel sucesso da Black Friday 2019 https:\/\/veja.abril.com.br\/blog\/radar\/entenda-a-formula-do-provavel-sucesso-da-black-friday-2019\/?utm_source=email&amp;utm_medium=email&amp;utm_campaign=barra-compartilhamento via VEJA.com\" class=\"\"><i class=\"icon-envelope-o\"\/><\/a><\/p>\n<p>      <a href=\"https:\/\/facebook.com\/sharer\/sharer.php?u=https:\/\/veja.abril.com.br\/blog\/radar\/entenda-a-formula-do-provavel-sucesso-da-black-friday-2019\/\" target=\"_blank\" class=\"\" rel=\"noopener noreferrer\"><i class=\"icon-facebook\"\/><\/a><\/p>\n<p>      <a href=\"https:\/\/twitter.com\/intent\/tweet?url=https%3A%2F%2Fveja.abril.com.br%2Fblog%2Fradar%2Fentenda-a-formula-do-provavel-sucesso-da-black-friday-2019%2F&amp;text=Entenda a f\u00f3rmula do prov\u00e1vel sucesso da Black Friday 2019&amp;via=VEJA\" target=\"_blank\" class=\"\" rel=\"noopener noreferrer\"><i class=\"icon-twitter\"\/><\/a><\/p>\n<p>      <a href=\"https:\/\/www.linkedin.com\/shareArticle?mini=true&amp;url=https%3A%2F%2Fveja.abril.com.br%2Fblog%2Fradar%2Fentenda-a-formula-do-provavel-sucesso-da-black-friday-2019%2F&amp;summary=&amp;source=LinkedIn\" target=\"_blank\" class=\" hidden-sm hidden-xs\" rel=\"noopener noreferrer\"><i class=\"icon-linkedin\"\/><\/a><\/p>\n<p>      <a href=\"fb-messenger:\/\/share\/?link=https:\/\/veja.abril.com.br\/blog\/radar\/entenda-a-formula-do-provavel-sucesso-da-black-friday-2019\/&amp;app_id=\" class=\"whatsapp  hidden-sm hidden-xs hidden-md hidden-lg\"><i class=\"icon-Facebook-Messenger\"\/><\/a><\/p>\n<p>      <a href=\"#respond\" class=\" hidden-sm hidden-xs hidden-md hidden-lg\"><i class=\"material-icons\">chat_bubble_outline<\/i><\/a><\/p>\n<p>      <i class=\"material-icons\" onclick=\"toggle(this,'.share','more_horiz','close')\">more_horiz<\/i><br \/>\n\t\t\t\t\t\t<\/section>\n<section class=\"article-content\">\n<div class=\"featured-image\">\n<div class=\"image\">\n\t\t\t\t\t\t\t\t\t\t<img title = \"[Tags]\"data-src=\"https:\/\/abrilveja.files.wordpress.com\/2019\/11\/pks_m.jpg\" class=\"abril-image optimized lazyload\" abril-data-id=\"3309523\"  data- data-pin-nopin=\"true\"alt = \"robson-bonin-120 Entenda a f\u00f3rmula do prov\u00e1vel sucesso da Black Friday 2019\"\/><\/div>\n<p class=\"caption\">No Parkshopping, do grupo Multiplan, um dos maiores do Distrito Federal, por exemplo, a ades\u00e3o dos lojistas \u00e0 promo\u00e7\u00e3o aumentou 35% em rela\u00e7\u00e3o a 2018\u00a0(\/\/Divulga\u00e7\u00e3o)<\/p>\n<\/p><\/div>\n<p>Varejistas t\u00eam avaliado que os consumidores est\u00e3o mais dispostos a comprar na Black Friday deste ano do que em 2018 porque a taxa de juros caiu, h\u00e1 maior disponibilidade de cr\u00e9dito, o saque do FGTS foi liberado e o pagamento da 1\u00aa parcela do 13\u00ba est\u00e1 pr\u00f3xima.<\/p>\n<p>No Parkshopping, do grupo Multiplan, um dos maiores do Distrito Federal, por exemplo, a ades\u00e3o dos lojistas \u00e0 promo\u00e7\u00e3o aumentou 35% em rela\u00e7\u00e3o a 2018.<\/p>\n<p>              <!-- adiciona categoria materia --><\/p>\n<p>              <!-- adiciona categoria materia --><br \/>\n\t\t\t\t\t\t\t\t\t\t\t\t\t\t\t\t\t\t\t\t<\/section>\n<\/p><\/div>\n<p><script async src=\"http:\/\/platform.twitter.com\/widgets.js\" charset=\"utf-8\"><\/script><br \/>\n<br \/><br \/>\n<br \/><a href=\"https:\/\/veja.abril.com.br\/blog\/radar\/entenda-a-formula-do-provavel-sucesso-da-black-friday-2019\/\">Fonte do Artigo<\/a><br \/>\nTags: <\/p>\n<p><a title=\"IBJE\" href=\"https:\/\/ibge.gov.br\/\">#IBJE<\/a> <a title=\"FGV\" href=\"https:\/\/portal.fgv.br\/\">#FGV<\/a> <a title=\"LOTOFACIL\" href=\"http:\/\/loterias.caixa.gov.br\/wps\/portal\/loterias\/landing\/lotofacil\/\">#LOTOFACIL<\/a> <a title=\"TINDER\" href=\"https:\/\/tinder.com\/?lang=pt-BR\">#TINDER<\/a> <a title=\"GMAILGOOGLE\" href=\"https:\/\/mail.google.com\">#GMAILGOOGLE<\/a> <a title=\"TIKTOK\" href=\"https:\/\/www.tiktok.com\/pt_BR\/\">#TIKTOK<\/a><\/p>\n","protected":false},"excerpt":{"rendered":"<p>Varejistas t\u00eam avaliado que os consumidores est\u00e3o mais dispostos a comprar neste ano; 2018 n\u00e3o teve tantos fatores positivos juntos access_time 28 nov 2019, 16h17 &#8211; Publicado em 28 nov 2019, 16h15 chat_bubble_outline more_horiz No Parkshopping, do grupo Multiplan, um dos maiores do Distrito Federal, por exemplo, a ades\u00e3o dos lojistas \u00e0 promo\u00e7\u00e3o aumentou 35% [&hellip;]<\/p>\n","protected":false},"author":1,"featured_media":38468,"comment_status":"open","ping_status":"open","sticky":false,"template":"","format":"standard","meta":{"footnotes":""},"categories":[7],"tags":[],"class_list":["post-38467","post","type-post","status-publish","format-standard","has-post-thumbnail","hentry","category-economia"],"_links":{"self":[{"href":"https:\/\/wiy.com.br\/noticias\/wp-json\/wp\/v2\/posts\/38467","targetHints":{"allow":["GET"]}}],"collection":[{"href":"https:\/\/wiy.com.br\/noticias\/wp-json\/wp\/v2\/posts"}],"about":[{"href":"https:\/\/wiy.com.br\/noticias\/wp-json\/wp\/v2\/types\/post"}],"author":[{"embeddable":true,"href":"https:\/\/wiy.com.br\/noticias\/wp-json\/wp\/v2\/users\/1"}],"replies":[{"embeddable":true,"href":"https:\/\/wiy.com.br\/noticias\/wp-json\/wp\/v2\/comments?post=38467"}],"version-history":[{"count":0,"href":"https:\/\/wiy.com.br\/noticias\/wp-json\/wp\/v2\/posts\/38467\/revisions"}],"wp:featuredmedia":[{"embeddable":true,"href":"https:\/\/wiy.com.br\/noticias\/wp-json\/wp\/v2\/media\/38468"}],"wp:attachment":[{"href":"https:\/\/wiy.com.br\/noticias\/wp-json\/wp\/v2\/media?parent=38467"}],"wp:term":[{"taxonomy":"category","embeddable":true,"href":"https:\/\/wiy.com.br\/noticias\/wp-json\/wp\/v2\/categories?post=38467"},{"taxonomy":"post_tag","embeddable":true,"href":"https:\/\/wiy.com.br\/noticias\/wp-json\/wp\/v2\/tags?post=38467"}],"curies":[{"name":"wp","href":"https:\/\/api.w.org\/{rel}","templated":true}]}}