{"id":38328,"date":"2023-02-26T15:03:35","date_gmt":"2023-02-26T18:03:35","guid":{"rendered":"https:\/\/wiy.com.br\/noticias\/bolsonaro-transforma-embratur-em-agencia-de-turismo\/"},"modified":"2019-11-27T09:12:09","modified_gmt":"2019-11-27T11:12:09","slug":"bolsonaro-transforma-embratur-em-agencia-de-turismo","status":"publish","type":"post","link":"https:\/\/wiy.com.br\/noticias\/bolsonaro-transforma-embratur-em-agencia-de-turismo\/","title":{"rendered":"Bolsonaro transforma Embratur em ag\u00eancia de Turismo"},"content":{"rendered":"<p> <br \/>\n<\/p>\n<div id=\"post-3306883\">\n<header class=\"article-header\">\n<div class=\"blog-author-single\">\n<div class=\"author-content\">\n<div class=\"img-top-blog chapeu\">\n<div>\n          <a href=\"https:\/\/veja.abril.com.br\/blog\/radar\/ \"><br \/>\n            <img title = \"[Tags]\"alt = \"robson-bonin-120 Bolsonaro transforma Embratur em ag\u00eancia de Turismo\"decoding=\"async\" class=\"author-image\" data-pin-nopin=\"true\" src=\"https:\/\/abrilveja.files.wordpress.com\/2019\/07\/robson-bonin-120.png?w=120\"\/><\/a>\n        <\/div>\n<\/p><\/div>\n<\/div><\/div>\n<h2 class=\"article-subtitle\">Mais uma nova marca no governo<\/h2>\n<div class=\"article-author\">\n<p>\n      <i class=\"material-icons\">access_time<\/i><br \/>\n      <span><br \/>\n        27 nov 2019, 07h39 &#8211; Publicado em 27 nov 2019, 07h05      <\/span>\n    <\/p>\n<\/p><\/div>\n<\/header>\n<section class=\"share\"><a href=\"whatsapp:\/\/send?text=Bolsonaro transforma Embratur em ag\u00eancia de Turismo https:\/\/veja.abril.com.br\/blog\/radar\/bolsonaro-transforma-embratur-em-agencia-de-turismo\/?utm_source=whatsapp&amp;utm_medium=social&amp;utm_campaign=barra-compartilhamento VEJA.com\" data-action=\"share\/whatsapp\/share\" class=\"whatsapp  hidden-md hidden-lg\"><i class=\"icon-whatsapp\"\/><\/a><\/p>\n<p>      <a href=\"mailto:?subject=Bolsonaro transforma Embratur em ag\u00eancia de Turismo&amp;body=Bolsonaro transforma Embratur em ag\u00eancia de Turismo https:\/\/veja.abril.com.br\/blog\/radar\/bolsonaro-transforma-embratur-em-agencia-de-turismo\/?utm_source=email&amp;utm_medium=email&amp;utm_campaign=barra-compartilhamento via VEJA.com\" class=\"\"><i class=\"icon-envelope-o\"\/><\/a><\/p>\n<p>      <a href=\"https:\/\/facebook.com\/sharer\/sharer.php?u=https:\/\/veja.abril.com.br\/blog\/radar\/bolsonaro-transforma-embratur-em-agencia-de-turismo\/\" target=\"_blank\" class=\"\" rel=\"noopener noreferrer\"><i class=\"icon-facebook\"\/><\/a><\/p>\n<p>      <a href=\"https:\/\/twitter.com\/intent\/tweet?url=https%3A%2F%2Fveja.abril.com.br%2Fblog%2Fradar%2Fbolsonaro-transforma-embratur-em-agencia-de-turismo%2F&amp;text=Bolsonaro transforma Embratur em ag\u00eancia de Turismo&amp;via=VEJA\" target=\"_blank\" class=\"\" rel=\"noopener noreferrer\"><i class=\"icon-twitter\"\/><\/a><\/p>\n<p>      <a href=\"https:\/\/www.linkedin.com\/shareArticle?mini=true&amp;url=https%3A%2F%2Fveja.abril.com.br%2Fblog%2Fradar%2Fbolsonaro-transforma-embratur-em-agencia-de-turismo%2F&amp;summary=&amp;source=LinkedIn\" target=\"_blank\" class=\" hidden-sm hidden-xs\" rel=\"noopener noreferrer\"><i class=\"icon-linkedin\"\/><\/a><\/p>\n<p>      <a href=\"fb-messenger:\/\/share\/?link=https:\/\/veja.abril.com.br\/blog\/radar\/bolsonaro-transforma-embratur-em-agencia-de-turismo\/&amp;app_id=\" class=\"whatsapp  hidden-sm hidden-xs hidden-md hidden-lg\"><i class=\"icon-Facebook-Messenger\"\/><\/a><\/p>\n<p>      <a href=\"#respond\" class=\" hidden-sm hidden-xs hidden-md hidden-lg\"><i class=\"material-icons\">chat_bubble_outline<\/i><\/a><\/p>\n<p>      <i class=\"material-icons\" onclick=\"toggle(this,'.share','more_horiz','close')\">more_horiz<\/i><br \/>\n\t\t\t\t\t\t<\/section>\n<section class=\"article-content\">\n<div class=\"featured-image\">\n<div class=\"image\">\n\t\t\t\t\t\t\t\t\t\t<img title = \"[Tags]\"data-src=\"https:\/\/abrilveja.files.wordpress.com\/2019\/07\/embratur.png\" class=\"abril-image optimized lazyload\" abril-data-id=\"3306883\"  data- data-pin-nopin=\"true\"alt = \"robson-bonin-120 Bolsonaro transforma Embratur em ag\u00eancia de Turismo\"\/><\/div>\n<p class=\"caption\">O presidente da Embratur Gilson Machado Neto e o diretor de marketing Osvaldo Matos de Melo J\u00fanior apresentam slogan de campanha\u00a0(Pablo Peixoto\/ Embratur\/Divulga\u00e7\u00e3o)<\/p>\n<\/p><\/div>\n<p>O governo de Jair Bolsonaro publicou nesta quarta, no Di\u00e1rio Oficial, a medida provis\u00f3ria que acaba com o velho Instituto Brasileiro de Turismo e cria a\u00a0<span>Ag\u00eancia Brasileira de Promo\u00e7\u00e3o Internacional do Turismo.\u00a0<\/span><\/p>\n<p>A mudan\u00e7a vem acompanhada de um projeto para ampliar o or\u00e7amento do setor e dar mais atribui\u00e7\u00f5es \u00e0 estatal.<\/p>\n<p>              <!-- adiciona categoria materia --><\/p>\n<p>              <!-- adiciona categoria materia --><br \/>\n\t\t\t\t\t\t\t\t\t\t\t\t\t\t\t\t\t\t\t\t<\/section>\n<\/p><\/div>\n<p><script async src=\"http:\/\/platform.twitter.com\/widgets.js\" charset=\"utf-8\"><\/script><br \/>\n<br \/><br \/>\n<br \/><a href=\"https:\/\/veja.abril.com.br\/blog\/radar\/bolsonaro-transforma-embratur-em-agencia-de-turismo\/\">Fonte do Artigo<\/a><br \/>\nTags: <\/p>\n<p><a title=\"IBJE\" href=\"https:\/\/ibge.gov.br\/\">#IBJE<\/a> <a title=\"FGV\" href=\"https:\/\/portal.fgv.br\/\">#FGV<\/a> <a title=\"LOTOFACIL\" href=\"http:\/\/loterias.caixa.gov.br\/wps\/portal\/loterias\/landing\/lotofacil\/\">#LOTOFACIL<\/a> <a title=\"TINDER\" href=\"https:\/\/tinder.com\/?lang=pt-BR\">#TINDER<\/a> <a title=\"GMAILGOOGLE\" href=\"https:\/\/mail.google.com\">#GMAILGOOGLE<\/a> <a title=\"TIKTOK\" href=\"https:\/\/www.tiktok.com\/pt_BR\/\">#TIKTOK<\/a><\/p>\n","protected":false},"excerpt":{"rendered":"<p>Mais uma nova marca no governo access_time 27 nov 2019, 07h39 &#8211; Publicado em 27 nov 2019, 07h05 chat_bubble_outline more_horiz O presidente da Embratur Gilson Machado Neto e o diretor de marketing Osvaldo Matos de Melo J\u00fanior apresentam slogan de campanha\u00a0(Pablo Peixoto\/ Embratur\/Divulga\u00e7\u00e3o) O governo de Jair Bolsonaro publicou nesta quarta, no Di\u00e1rio Oficial, a [&hellip;]<\/p>\n","protected":false},"author":1,"featured_media":38329,"comment_status":"open","ping_status":"open","sticky":false,"template":"","format":"standard","meta":{"footnotes":""},"categories":[7],"tags":[],"class_list":["post-38328","post","type-post","status-publish","format-standard","has-post-thumbnail","hentry","category-economia"],"_links":{"self":[{"href":"https:\/\/wiy.com.br\/noticias\/wp-json\/wp\/v2\/posts\/38328","targetHints":{"allow":["GET"]}}],"collection":[{"href":"https:\/\/wiy.com.br\/noticias\/wp-json\/wp\/v2\/posts"}],"about":[{"href":"https:\/\/wiy.com.br\/noticias\/wp-json\/wp\/v2\/types\/post"}],"author":[{"embeddable":true,"href":"https:\/\/wiy.com.br\/noticias\/wp-json\/wp\/v2\/users\/1"}],"replies":[{"embeddable":true,"href":"https:\/\/wiy.com.br\/noticias\/wp-json\/wp\/v2\/comments?post=38328"}],"version-history":[{"count":0,"href":"https:\/\/wiy.com.br\/noticias\/wp-json\/wp\/v2\/posts\/38328\/revisions"}],"wp:featuredmedia":[{"embeddable":true,"href":"https:\/\/wiy.com.br\/noticias\/wp-json\/wp\/v2\/media\/38329"}],"wp:attachment":[{"href":"https:\/\/wiy.com.br\/noticias\/wp-json\/wp\/v2\/media?parent=38328"}],"wp:term":[{"taxonomy":"category","embeddable":true,"href":"https:\/\/wiy.com.br\/noticias\/wp-json\/wp\/v2\/categories?post=38328"},{"taxonomy":"post_tag","embeddable":true,"href":"https:\/\/wiy.com.br\/noticias\/wp-json\/wp\/v2\/tags?post=38328"}],"curies":[{"name":"wp","href":"https:\/\/api.w.org\/{rel}","templated":true}]}}