{"id":38202,"date":"2023-02-26T15:24:24","date_gmt":"2023-02-26T18:24:24","guid":{"rendered":"https:\/\/wiy.com.br\/noticias\/damares-convoca-coletiva-e-fica-em-silencio-entenda-a-performance\/"},"modified":"2019-11-25T19:17:19","modified_gmt":"2019-11-25T21:17:19","slug":"damares-convoca-coletiva-e-fica-em-silencio-entenda-a-performance","status":"publish","type":"post","link":"https:\/\/wiy.com.br\/noticias\/damares-convoca-coletiva-e-fica-em-silencio-entenda-a-performance\/","title":{"rendered":"Damares convoca coletiva e fica em sil\u00eancio; entenda a performance"},"content":{"rendered":"<p> <br \/>\n<\/p>\n<p>S\u00e3o Paulo &#8211; A ministra da Mulher, da Fam\u00edlia e dos Direitos Humanos, <strong><a href=\"https:\/\/exame.abril.com.br\/noticias-sobre\/damares-alves\/\">Damares Alves<\/a><\/strong>, fez uma esp\u00e9cie de performance nesta segunda-feira (25).<\/p>\n<p>Ela convocou uma coletiva de imprensa, mas silenciou quando estava diante dos jornalistas, demonstrando aparente emo\u00e7\u00e3o.<\/p>\n<p>A pr\u00f3pria ministra divulgou o ocorrido no seu Twitter, e depois incluiu um segundo v\u00eddeo explicando que estava tentando chamar a aten\u00e7\u00e3o para uma nova campanha:<\/p>\n<div class=\"embed-twitter\">\n<blockquote class=\"twitter-tweet\" data-width=\"500\" data-dnt=\"true\">\n<p lang=\"pt\" dir=\"ltr\">Ningu\u00e9m entendeu meu sil\u00eancio, mas agora eu explico pra voc\u00eas. <\/p>\n<p>Denuncie a viol\u00eancia contra a mulher. Ligue 180.<a href=\"https:\/\/twitter.com\/hashtag\/vctemvoz?src=hash&amp;ref_src=twsrc%5Etfw\">#vctemvoz<\/a> <a href=\"https:\/\/t.co\/TfZcyg8hn5\">pic.twitter.com\/TfZcyg8hn5<\/a><\/p>\n<p>&mdash; Damares Alves (@DamaresAlves) <a href=\"https:\/\/twitter.com\/DamaresAlves\/status\/1199065576934723584?ref_src=twsrc%5Etfw\">November 25, 2019<\/a><\/p>\n<\/blockquote>\n<\/div>\n<p>O minist\u00e9rio divulgou uma nota explicando que o &#8220;objetivo era mostrar como o sil\u00eancio da mulher incomoda&#8221; e que o slogan da campanha \u00e9 &#8220;Se uma Mulher perde a voz, todas perdem&#8221;.<\/p>\n<p>Hoje \u00e9 o Dia Internacional pela Elimina\u00e7\u00e3o da Viol\u00eancia contra a Mulher. Membros da oposi\u00e7\u00e3o criticaram a atitude, considerada uma oportunidade perdida para debater o tema.<\/p>\n<p>Cerca de 1,23 milh\u00e3o de mulheres foram atendidas pelo Sistema \u00danico de Sa\u00fade (SUS) no Brasil por serem v\u00edtimas de viol\u00eancia entre 2010 e 2017, de acordo com dados divulgados hoje em uma nova ferramenta do Instituto Igarap\u00e9.<\/p>\n<p>Os parceiros representam 36% dos autores dos ataques, e as mulheres negras s\u00e3o os principais alvos de todos os tipos de viol\u00eancia.<\/p>\n<p><a href=\"https:\/\/exame.abril.com.br\/brasil\/flexibilizacao-da-posse-pode-deixar-mulheres-mais-vulneraveis-em-casa\/\">Especialistas alertam que a pol\u00edtica do governo Bolsonaro de ampliar as possibilidades para posse de arma de fogo por cidad\u00e3os comuns pode deixar as mulheres mais vulner\u00e1veis em casa.\u00a0\u00a0<\/a><\/p>\n<p>Entre 2016 e 2017, 66% dos casos de morte de mulheres em S\u00e3o Paulo aconteceram na resid\u00eancia da v\u00edtima, segundo o estudo \u201cRaio-x do Feminic\u00eddio em S\u00e3o Paulo\u201c, do Minist\u00e9rio P\u00fablico.<\/p>\n<p>Outra dado, do Instituto Sou da Paz, de 2016, mostra que 40% das v\u00edtimas mortas em domic\u00edlio naquele ano foram executadas por uma arma de fogo. Apenas 7% dos ataques com arma branca resultam em morte, contra 60% nos casos com arma de fogo.<\/p>\n<p><script async src=\"http:\/\/platform.twitter.com\/widgets.js\" charset=\"utf-8\"><\/script><br \/>\n<br \/><br \/>\n<br \/><a href=\"https:\/\/exame.abril.com.br\/brasil\/damares-convoca-coletiva-e-fica-em-silencio-entenda-a-performance\/\">Fonte do artigo <\/a><br \/>\nTags:<br \/>\n#politica #political #negocios #business #marketingdigital #empreendedorismo #marketing #emprendedores #empreender #sucesso #empresas #emprendimiento #emprendedor #empreendedor #emprender #dinheiro #dinero #empresario #vendas #liderazgo #motivacion #foco #motivacao #negocio #brasil<\/p>\n","protected":false},"excerpt":{"rendered":"<p>S\u00e3o Paulo &#8211; A ministra da Mulher, da Fam\u00edlia e dos Direitos Humanos, Damares Alves, fez uma esp\u00e9cie de performance nesta segunda-feira (25). Ela convocou uma coletiva de imprensa, mas silenciou quando estava diante dos jornalistas, demonstrando aparente emo\u00e7\u00e3o. A pr\u00f3pria ministra divulgou o ocorrido no seu Twitter, e depois incluiu um segundo v\u00eddeo explicando [&hellip;]<\/p>\n","protected":false},"author":1,"featured_media":38203,"comment_status":"open","ping_status":"open","sticky":false,"template":"","format":"standard","meta":{"footnotes":""},"categories":[1],"tags":[],"class_list":["post-38202","post","type-post","status-publish","format-standard","has-post-thumbnail","hentry","category-curso-de-copy"],"_links":{"self":[{"href":"https:\/\/wiy.com.br\/noticias\/wp-json\/wp\/v2\/posts\/38202","targetHints":{"allow":["GET"]}}],"collection":[{"href":"https:\/\/wiy.com.br\/noticias\/wp-json\/wp\/v2\/posts"}],"about":[{"href":"https:\/\/wiy.com.br\/noticias\/wp-json\/wp\/v2\/types\/post"}],"author":[{"embeddable":true,"href":"https:\/\/wiy.com.br\/noticias\/wp-json\/wp\/v2\/users\/1"}],"replies":[{"embeddable":true,"href":"https:\/\/wiy.com.br\/noticias\/wp-json\/wp\/v2\/comments?post=38202"}],"version-history":[{"count":0,"href":"https:\/\/wiy.com.br\/noticias\/wp-json\/wp\/v2\/posts\/38202\/revisions"}],"wp:featuredmedia":[{"embeddable":true,"href":"https:\/\/wiy.com.br\/noticias\/wp-json\/wp\/v2\/media\/38203"}],"wp:attachment":[{"href":"https:\/\/wiy.com.br\/noticias\/wp-json\/wp\/v2\/media?parent=38202"}],"wp:term":[{"taxonomy":"category","embeddable":true,"href":"https:\/\/wiy.com.br\/noticias\/wp-json\/wp\/v2\/categories?post=38202"},{"taxonomy":"post_tag","embeddable":true,"href":"https:\/\/wiy.com.br\/noticias\/wp-json\/wp\/v2\/tags?post=38202"}],"curies":[{"name":"wp","href":"https:\/\/api.w.org\/{rel}","templated":true}]}}