{"id":37939,"date":"2023-02-26T14:54:49","date_gmt":"2023-02-26T17:54:49","guid":{"rendered":"https:\/\/wiy.com.br\/noticias\/mec-anuncia-54-escolas-selecionadas-para-o-programa-civico-militar\/"},"modified":"2019-11-21T15:37:06","modified_gmt":"2019-11-21T17:37:06","slug":"mec-anuncia-54-escolas-selecionadas-para-o-programa-civico-militar","status":"publish","type":"post","link":"https:\/\/wiy.com.br\/noticias\/mec-anuncia-54-escolas-selecionadas-para-o-programa-civico-militar\/","title":{"rendered":"MEC anuncia 54 escolas selecionadas para o programa c\u00edvico-militar"},"content":{"rendered":"<p> <br \/>\n<\/p>\n<p>O <strong><a href=\"https:\/\/exame.abril.com.br\/noticias-sobre\/mec\/\">Minist\u00e9rio da Educa\u00e7\u00e3o<\/a><\/strong> anunciou hoje (21) as 54 escolas p\u00fablicas selecionadas para o Programa Nacional das Escolas C\u00edvico-Militares em 2020. Destas, 38 s\u00e3o escolas estaduais e 16 municipais, localizadas em 23 estados e no Distrito Federal.<\/p>\n<p>De acordo com a pasta, cerca de 1.000 militares, tanto da reserva como da ativa, v\u00e3o participar do projeto-piloto, atuando na gest\u00e3o educacional das institui\u00e7\u00f5es. Segundo o ministro da Educa\u00e7\u00e3o, <strong><a href=\"https:\/\/exame.abril.com.br\/noticias-sobre\/abraham-weintraub\">Abraham Weintraub<\/a><\/strong>, a escolha das escolas levou em conta a localidade, a partir de &#8220;uma equa\u00e7\u00e3o com vari\u00e1veis com base em crit\u00e9rio absolutamente t\u00e9cnico&#8221;.<\/p>\n<p>&#8220;S\u00e3o as primeiras 54 escolas c\u00edvico-militares. Come\u00e7am a funcionar j\u00e1 na volta \u00e0s aulas. \u00c9 um modelo que a gente acredita que vai ter amplo sucesso no Brasil. Nossa meta \u00e9 ambiciosa e vamos ajustar esse m\u00e9todo&#8221;, disse o ministro.<\/p>\n<p>Os crit\u00e9rios foram detalhados pelo secret\u00e1rio de Educa\u00e7\u00e3o B\u00e1sica do MEC, J\u00e2nio Carlos Macedo. Segundo ele, foram priorizadas escolas em capitais e regi\u00f5es metropolitanas em fun\u00e7\u00e3o do acesso a um n\u00famero maior de estudantes.<\/p>\n<p>&#8220;\u00c9 fundamental que qualquer modelo educacional possa trazer a possibilidade de atender a maior quantidade poss\u00edvel de estudantes para reduzir cada vez mais a distor\u00e7\u00e3o que existe entre regi\u00f5es. Quando voc\u00ea faz a escolha por um munic\u00edpio que tem uma grande popula\u00e7\u00e3o, obviamente voc\u00ea pode beneficiar uma quantidade maior de alunos&#8221;, disse o secret\u00e1rio.<\/p>\n<p>Entre as escolas escolhidas, 19 est\u00e3o localizadas na Regi\u00e3o Norte; 12 na Regi\u00e3o Sul; 10 na Centro-Oeste; 8 no Nordeste; e 5 no Sudeste. Piau\u00ed, Sergipe e Esp\u00edrito Santo ficaram de fora. Cada escola receber\u00e1 R$ 1 milh\u00e3o do governo, o que totaliza R$ 54 milh\u00f5es em recursos.<\/p>\n<p>Parte dos recursos (R$28 milh\u00f5es) ter\u00e1 como destino o Minist\u00e9rio da Defesa, a quem caber\u00e1 arcar com os pagamentos dos militares da reserva das For\u00e7as Armadas. O restante (R$ 26 milh\u00f5es) v\u00e3o para o governo local, para serem aplicados nas infraestruturas das unidades, materiais escolares e reformas.<\/p>\n<h3>Disciplina<\/h3>\n<p>A quest\u00e3o da disciplina foi destacada pelo subsecret\u00e1rio de Fomento \u00e0s Escolas C\u00edvico-Militares, coronel Aroldo Ribeiro Cursino, como forma de melhor aproveitar o tempo dedicado \u00e0s aulas. &#8220;Se voc\u00ea verificar, h\u00e1 pesquisas que apontam que cerca de 30% do tempo em sala de aula n\u00e3o \u00e9 utilizado por falta de sil\u00eancio ou controle da turma. Ent\u00e3o, a disciplina ser\u00e1 uma ferramenta, mas n\u00e3o ser\u00e1 a ess\u00eancia principal. Ela \u00e9 um meio. O principal objetivo \u00e9 o aluno e a gest\u00e3o, para que possamos formar de maneira integral esse jovem&#8221;, disse o subsecret\u00e1rio.<\/p>\n<p>&#8220;O que se espera \u00e9 um comportamento que preze um melhor tratamento do professor, dos colegas, e de respeito aos s\u00edmbolos nacionais. Na nossa \u00e9poca, t\u00ednhamos [a disciplina de] Educa\u00e7\u00e3o Moral e C\u00edvica. A gente aprendia esses respeitos. A gente assiste filmes de outros pa\u00edses e v\u00ea respeito da popula\u00e7\u00e3o aos s\u00edmbolos nacionais. Uma das coisas que a escola c\u00edvico-militar tenta ressuscitar e trazer \u00e0 tona \u00e9 essa quest\u00e3o&#8221;, complementou Macedo.<\/p>\n<p><strong>Confira a lista:<\/strong><\/p>\n<p>Acre: Cruzeiro do Sul e Senador Guiomard<\/p>\n<p>Amap\u00e1: duas escolas em Macap\u00e1<\/p>\n<p>Amazonas: duas escolas em Manaus e outra indica\u00e7\u00e3o do estado<\/p>\n<p>Par\u00e1: Ananindeua, Santar\u00e9m e duas escolas em Bel\u00e9m<\/p>\n<p>Rond\u00f4nia: Alta Floresta d&#8217;Oeste, Ouro Preto do Oeste e Porto Velho<\/p>\n<p>Roraima: Caracara\u00ed e Boa Vista<\/p>\n<p>Tocantins: Gurupi, Palmas e Para\u00edso<\/p>\n<p>Alagoas: Macei\u00f3<\/p>\n<p>Bahia: Feira de Santana<\/p>\n<p>Cear\u00e1: Sobral e Maracana\u00fa<\/p>\n<p>Maranh\u00e3o: S\u00e3o Lu\u00eds<\/p>\n<p>Para\u00edba: Jo\u00e3o Pessoa<\/p>\n<p>Pernambuco: Jaboat\u00e3o dos Guararapes<\/p>\n<p>Rio Grande do Norte: Natal<\/p>\n<p>Distrito Federal: Santa Maria e Gama<\/p>\n<p>Goi\u00e1s: \u00c1guas Lindas de Goi\u00e1s, Novo Gama e Valpara\u00edso<\/p>\n<p>Mato Grosso: duas escolas em Cuiab\u00e1<\/p>\n<p>Mato Grosso do Sul: Corumb\u00e1 e duas escolas em Campo Grande<\/p>\n<p>Minas Gerais: Belo Horizonte, Ibirit\u00e9 e Barbacena<\/p>\n<p>Rio de Janeiro: Rio de Janeiro<\/p>\n<p>S\u00e3o Paulo: Campinas<\/p>\n<p>Paran\u00e1: Curitiba, Colombo, Foz do Igua\u00e7u e outra indica\u00e7\u00e3o do estado<\/p>\n<p>Rio Grande do Sul: Alvorada, Caxias do Sul, Alegrete e Uruguaiana<\/p>\n<p>Santa Catarina: Bigua\u00e7u, Palho\u00e7a, Chapec\u00f3 e Itaja\u00ed<\/p>\n<p><br \/>\n<br \/><a href=\"https:\/\/exame.abril.com.br\/brasil\/mec-anuncia-54-escolas-selecionadas-para-o-programa-civico-militar\/\">Fonte do artigo <\/a><br \/>\nTags:<br \/>\n#politica #political #negocios #business #marketingdigital #empreendedorismo #marketing #emprendedores #empreender #sucesso #empresas #emprendimiento #emprendedor #empreendedor #emprender #dinheiro #dinero #empresario #vendas #liderazgo #motivacion #foco #motivacao #negocio #brasil<\/p>\n","protected":false},"excerpt":{"rendered":"<p>O Minist\u00e9rio da Educa\u00e7\u00e3o anunciou hoje (21) as 54 escolas p\u00fablicas selecionadas para o Programa Nacional das Escolas C\u00edvico-Militares em 2020. Destas, 38 s\u00e3o escolas estaduais e 16 municipais, localizadas em 23 estados e no Distrito Federal. De acordo com a pasta, cerca de 1.000 militares, tanto da reserva como da ativa, v\u00e3o participar do [&hellip;]<\/p>\n","protected":false},"author":1,"featured_media":34079,"comment_status":"open","ping_status":"open","sticky":false,"template":"","format":"standard","meta":{"footnotes":""},"categories":[1],"tags":[],"class_list":["post-37939","post","type-post","status-publish","format-standard","has-post-thumbnail","hentry","category-curso-de-copy"],"_links":{"self":[{"href":"https:\/\/wiy.com.br\/noticias\/wp-json\/wp\/v2\/posts\/37939","targetHints":{"allow":["GET"]}}],"collection":[{"href":"https:\/\/wiy.com.br\/noticias\/wp-json\/wp\/v2\/posts"}],"about":[{"href":"https:\/\/wiy.com.br\/noticias\/wp-json\/wp\/v2\/types\/post"}],"author":[{"embeddable":true,"href":"https:\/\/wiy.com.br\/noticias\/wp-json\/wp\/v2\/users\/1"}],"replies":[{"embeddable":true,"href":"https:\/\/wiy.com.br\/noticias\/wp-json\/wp\/v2\/comments?post=37939"}],"version-history":[{"count":0,"href":"https:\/\/wiy.com.br\/noticias\/wp-json\/wp\/v2\/posts\/37939\/revisions"}],"wp:featuredmedia":[{"embeddable":true,"href":"https:\/\/wiy.com.br\/noticias\/wp-json\/wp\/v2\/media\/34079"}],"wp:attachment":[{"href":"https:\/\/wiy.com.br\/noticias\/wp-json\/wp\/v2\/media?parent=37939"}],"wp:term":[{"taxonomy":"category","embeddable":true,"href":"https:\/\/wiy.com.br\/noticias\/wp-json\/wp\/v2\/categories?post=37939"},{"taxonomy":"post_tag","embeddable":true,"href":"https:\/\/wiy.com.br\/noticias\/wp-json\/wp\/v2\/tags?post=37939"}],"curies":[{"name":"wp","href":"https:\/\/api.w.org\/{rel}","templated":true}]}}