{"id":37777,"date":"2023-02-26T14:56:27","date_gmt":"2023-02-26T17:56:27","guid":{"rendered":"https:\/\/wiy.com.br\/noticias\/moro-pede-mudancas-apos-deputados-alterarem-pacote-anticrime\/"},"modified":"2019-11-19T21:55:17","modified_gmt":"2019-11-19T23:55:17","slug":"moro-pede-mudancas-apos-deputados-alterarem-pacote-anticrime","status":"publish","type":"post","link":"https:\/\/wiy.com.br\/noticias\/moro-pede-mudancas-apos-deputados-alterarem-pacote-anticrime\/","title":{"rendered":"Moro pede mudan\u00e7as ap\u00f3s deputados alterarem pacote anticrime"},"content":{"rendered":"<p> <br \/>\n<\/p>\n<p>Em reuni\u00e3o na C\u00e2mara dos Deputados, o ministro da Justi\u00e7a e Seguran\u00e7a P\u00fablica, <strong><a href=\"https:\/\/exame.abril.com.br\/noticias-sobre\/sergio-moro\/\">Sergio Moro<\/a><\/strong>, defendeu nesta ter\u00e7a-feira, 19, a retomada de trechos do pacote anticrime que prop\u00f4s em janeiro e foram descartados pelo grupo de trabalho da Casa. A vota\u00e7\u00e3o das medidas de combate \u00e0 viol\u00eancia e o crime organizado dever\u00e1 ser feita em at\u00e9 duas semanas, segundo anunciou tamb\u00e9m nesta ter\u00e7a-feira o presidente da C\u00e2mara, <strong><a href=\"https:\/\/exame.abril.com.br\/noticias-sobre\/rodrigo-maia\">Rodrigo Maia<\/a><\/strong> (DEM-RJ). Ainda haver\u00e1 discuss\u00f5es, no entanto, a pedido do ministro, que diz que &#8220;tudo ainda pode ser debatido&#8221;.<\/p>\n<p>O texto consolidado pelo grupo de trabalho de deputados foi montado a partir das propostas de Moro tamb\u00e9m, e daquelas apresentadas por uma comiss\u00e3o de juristas liderada pelo ministro do Supremo Tribunal Federal (STF) Alexandre de Moraes. Maia anunciou a vota\u00e7\u00e3o em coletiva de imprensa ao lado de Moraes, pela manh\u00e3, e reuniu-se com Moro pela tarde, mas n\u00e3o acompanhou o ministro da Justi\u00e7a em coletiva de imprensa.<\/p>\n<p>As sinaliza\u00e7\u00f5es p\u00fablicas de Maia sobre as propostas destacam a contribui\u00e7\u00e3o de Moraes mais do que a de Moro, e nos bastidores da C\u00e2mara h\u00e1 uma leitura de que o presidente da Casa n\u00e3o quer o protagonismo do ministro da Justi\u00e7a, ex-juiz federal titular dos casos da Opera\u00e7\u00e3o Lava Jato no Paran\u00e1.<\/p>\n<p>&#8220;Cabe aqui elogiar o trabalho realizado pelo comit\u00ea com esfor\u00e7o para compatibilizar os dois projetos. N\u00f3s discutimos aqui sobre o projeto e existem alguns pontos que eu defendo a possibilidade de serem reinseridos, s\u00e3o pontos importantes dentro do projeto anticrime&#8221;, disse Moro.<\/p>\n<p>O ministro antecipou que defender\u00e1 a volta de uma medida que permitia o uso de agentes policiais disfar\u00e7ados para interagir com criminosos, como uma &#8220;ferramenta fundamental&#8221;. Outra medida que o ministro defende virou tema de debate na pr\u00f3pria reuni\u00e3o na C\u00e2mara nesta tarde.<\/p>\n<p>Moro defendeu o resgate da proposta que impede a progress\u00e3o de regime de quem continuar vinculado \u00e0 alguma organiza\u00e7\u00e3o criminosa. Dessa forma, se a pessoa tiver conex\u00e3o com uma fac\u00e7\u00e3o por exemplo, ela n\u00e3o poderia obter o benef\u00edcio de sair do regime fechado para o semiaberto, onde \u00e9 poss\u00edvel passar o dia fora do pres\u00eddio. A proposta foi exclu\u00edda do texto pelos deputados, que a consideraram subjetiva, com dificuldade de ser comprovada a liga\u00e7\u00e3o com fac\u00e7\u00e3o.<\/p>\n<div class=\"widget-news widget-box no-margin no-border\"><span class=\"widget-news-title content-box-title\">Veja tamb\u00e9m<\/span><\/p>\n<ul class=\"widget-news-list\">\n<li class=\"widget-news-item without-thumb with-border\">\n<div class=\"widget-news-info\"><a href=\"http:\/\/exame.abril.com.br\/brasil\">BRASIL<\/a><span class=\"widget-news-item-title\"><a href=\"https:\/\/exame.abril.com.br\/brasil\/maia-quer-votacao-de-pacote-anticrime-na-camara-na-proxima-semana\/\">Maia quer vota\u00e7\u00e3o de pacote anticrime na C\u00e2mara na pr\u00f3xima semana<\/a><\/span><span class=\"widget-news-item-date\">19 nov 2019 &#8211; 15h11<\/span><\/div>\n<\/li>\n<\/ul>\n<\/div>\n<p>O deputado Marcelo Freixo (PSOL-RJ), no entanto, citou que os pres\u00eddios no Rio de Janeiro s\u00e3o todos dominados por fac\u00e7\u00f5es. Seria imposs\u00edvel, no entanto, vetar a progress\u00e3o de regime para todos os presos. Orlando Silva (PCdoB-SP) fez coro. Moro discordou.<\/p>\n<p>Haver\u00e1 nova reuni\u00e3o entre a equipe de Moro e deputados nesta quarta-feira para discutir os pontos e buscar algum poss\u00edvel ajuste.<\/p>\n<p>&#8220;N\u00f3s vamos continuar essas conversa\u00e7\u00f5es nos pr\u00f3ximos dias para ver se consigo reinserir alguns pontos que eu reputo extremamente relevantes. Isso, no entanto, n\u00e3o retira o m\u00e9rito dos trabalhos que foram feitos pelo comit\u00ea e n\u00f3s vamos tentar avan\u00e7ar nesse debate para aprova\u00e7\u00e3o do projeto anticrime e do projeto tamb\u00e9m do ministro Alexandre&#8221;, disse Moro.<\/p>\n<p>Pela manh\u00e3, o presidente da C\u00e2mara, Rodrigo Maia (DEM-RJ), foi at\u00e9 o gabinete do ministro Alexandre de Moraes no STF apresentar o texto elaborado pela comiss\u00e3o. Foi ent\u00e3o que, ao lado do ministro, anunciou que colocar\u00e1 em vota\u00e7\u00e3o no plen\u00e1rio em at\u00e9 duas semanas as propostas.<\/p>\n<p>O &#8220;pacote penal&#8221;, como est\u00e1 sendo chamado na C\u00e2mara, reteve 75% das propostas de Moro e 90% das de Moraes.<\/p>\n<p>Moro era favor\u00e1vel a que o pacote anticrime fosse analisado na \u00edntegra. Seus aliados afirmam que o projeto foi descaracterizado pelo grupo de trabalho &#8211; que retirou medidas como a pris\u00e3o em segunda inst\u00e2ncia, entre outras. No Senado, por outro lado, com o texto mantido praticamente na \u00edntegra, o principal projeto do pacote anticrime entrou na pauta de vota\u00e7\u00e3o desta quarta-feira da Comiss\u00e3o de Constitui\u00e7\u00e3o e Justi\u00e7a (CCJ). Maia antecipou-se.<\/p>\n<p>O presidente da C\u00e2mara enfatizou, em breve pronunciamento \u00e0 imprensa, o papel do magistrado como principal idealizador das propostas, em vez de Moro, que apresentou ao Congresso o chamado pacote anticrime em janeiro.<\/p>\n<p>O parlamentar frisou que o trabalho come\u00e7ou no final de 2017, quando designou Alexandre de Moraes para presidir uma comiss\u00e3o de juristas.<\/p>\n<p>&#8220;A conclus\u00e3o do grupo veio no primeiro semestre de 2018. No in\u00edcio desse ano (2019), o governo encaminhou um projeto que soma no projeto do ministro Alexandre de Moraes, o projeto do ministro Moro. E agora temos o resultado. Quero agradecer ao ministro (Moraes) e dizer que n\u00f3s estamos dando uma colabora\u00e7\u00e3o importante em um tema que aflige a tantos brasileiros&#8221;, disse Rodrigo Maia.<\/p>\n<p>Em vez de anticrime, a proposta legislativa est\u00e1 sendo chamada na C\u00e2mara de &#8220;pacote penal e processual penal&#8221;, segundo a presidente do grupo de trabalho, Margarete Coelho (PP-PI). &#8220;A proposta n\u00e3o \u00e9 de algum autor espec\u00edfico, mas \u00e9 da C\u00e2mara dos Deputados&#8221;, disse \u00e0 reportagem.<\/p>\n<p>Ex-ministro da Justi\u00e7a no governo Michel Temer e indicado pelo ent\u00e3o presidente ao Supremo Tribunal Federal em mar\u00e7o de 2017, Moraes destacou \u00e0 imprensa que as altera\u00e7\u00f5es legislativas aprovadas pelo grupo de trabalho da C\u00e2mara mant\u00eam ess\u00eancia das propostas da comiss\u00e3o de juristas que presidiu. Disse tamb\u00e9m que o trabalho iniciou em outubro de 2017 e contou com ampla discuss\u00e3o com a sociedade civil, com secret\u00e1rios de justi\u00e7a e seguran\u00e7a p\u00fablica estaduais e presidentes de tribunais de justi\u00e7a.<\/p>\n<p>&#8220;Depois a esses dois projetos foram agregados tamb\u00e9m os projetos do governo, encabe\u00e7ados pelo ministro S\u00e9rgio Moro. E o grupo de trabalho da C\u00e2mara p\u00f4de pegar desses projetos o que entendeu de melhor para otimizar o combate \u00e0 criminalidade organizada. Eu fico muito satisfeito porque o grupo aceitou 90% das propostas da comiss\u00e3o que eu presidi&#8221;, disse Moraes.<\/p>\n<p>&#8220;Nossa inten\u00e7\u00e3o \u00e9 poder votar a urg\u00eancia na pr\u00f3xima semana. Se tiver acordo, j\u00e1 votar o m\u00e9rito, ou, se n\u00e3o, votar urg\u00eancia na pr\u00f3xima semana e o m\u00e9rito na semana seguinte&#8221;, afirmou o presidente da C\u00e2mara.<\/p>\n<p><br \/>\n<br \/><a href=\"https:\/\/exame.abril.com.br\/brasil\/moro-pede-mudancas-apos-deputados-alterarem-pacote-anticrime\/\">Fonte do artigo <\/a><br \/>\nTags:<br \/>\n#politica #political #negocios #business #marketingdigital #empreendedorismo #marketing #emprendedores #empreender #sucesso #empresas #emprendimiento #emprendedor #empreendedor #emprender #dinheiro #dinero #empresario #vendas #liderazgo #motivacion #foco #motivacao #negocio #brasil<\/p>\n","protected":false},"excerpt":{"rendered":"<p>Em reuni\u00e3o na C\u00e2mara dos Deputados, o ministro da Justi\u00e7a e Seguran\u00e7a P\u00fablica, Sergio Moro, defendeu nesta ter\u00e7a-feira, 19, a retomada de trechos do pacote anticrime que prop\u00f4s em janeiro e foram descartados pelo grupo de trabalho da Casa. A vota\u00e7\u00e3o das medidas de combate \u00e0 viol\u00eancia e o crime organizado dever\u00e1 ser feita em [&hellip;]<\/p>\n","protected":false},"author":1,"featured_media":33388,"comment_status":"open","ping_status":"open","sticky":false,"template":"","format":"standard","meta":{"footnotes":""},"categories":[1],"tags":[],"class_list":["post-37777","post","type-post","status-publish","format-standard","has-post-thumbnail","hentry","category-curso-de-copy"],"_links":{"self":[{"href":"https:\/\/wiy.com.br\/noticias\/wp-json\/wp\/v2\/posts\/37777","targetHints":{"allow":["GET"]}}],"collection":[{"href":"https:\/\/wiy.com.br\/noticias\/wp-json\/wp\/v2\/posts"}],"about":[{"href":"https:\/\/wiy.com.br\/noticias\/wp-json\/wp\/v2\/types\/post"}],"author":[{"embeddable":true,"href":"https:\/\/wiy.com.br\/noticias\/wp-json\/wp\/v2\/users\/1"}],"replies":[{"embeddable":true,"href":"https:\/\/wiy.com.br\/noticias\/wp-json\/wp\/v2\/comments?post=37777"}],"version-history":[{"count":0,"href":"https:\/\/wiy.com.br\/noticias\/wp-json\/wp\/v2\/posts\/37777\/revisions"}],"wp:featuredmedia":[{"embeddable":true,"href":"https:\/\/wiy.com.br\/noticias\/wp-json\/wp\/v2\/media\/33388"}],"wp:attachment":[{"href":"https:\/\/wiy.com.br\/noticias\/wp-json\/wp\/v2\/media?parent=37777"}],"wp:term":[{"taxonomy":"category","embeddable":true,"href":"https:\/\/wiy.com.br\/noticias\/wp-json\/wp\/v2\/categories?post=37777"},{"taxonomy":"post_tag","embeddable":true,"href":"https:\/\/wiy.com.br\/noticias\/wp-json\/wp\/v2\/tags?post=37777"}],"curies":[{"name":"wp","href":"https:\/\/api.w.org\/{rel}","templated":true}]}}