{"id":37583,"date":"2023-02-26T15:46:07","date_gmt":"2023-02-26T18:46:07","guid":{"rendered":"https:\/\/wiy.com.br\/noticias\/goleiro-do-sub-20-flamengo-agredido-por-jogadores-do-corinthians-pede-punicao-a-cbf\/"},"modified":"2019-11-17T18:54:24","modified_gmt":"2019-11-17T20:54:24","slug":"goleiro-do-sub-20-flamengo-agredido-por-jogadores-do-corinthians-pede-punicao-a-cbf","status":"publish","type":"post","link":"https:\/\/wiy.com.br\/noticias\/goleiro-do-sub-20-flamengo-agredido-por-jogadores-do-corinthians-pede-punicao-a-cbf\/","title":{"rendered":"Goleiro do Sub-20 Flamengo agredido por jogadores do Corinthians pede puni\u00e7\u00e3o \u00e0 CBF"},"content":{"rendered":"<p> <br \/>\n<\/p>\n<div property=\"na:ArticleBody\">\n<p>O goleiro Hugo, titular do Sub-20 do Flamengo, foi agredido por dois jogadores do Corinthians do duelo entre os clubes, pela semifinal do Campeonato Brasileiro da categoria. O jovem usou as redes sociais para dizer que est\u00e1 bem, desabafar que apenas comemorou a classifica\u00e7\u00e3o do time \u00e0 final da competi\u00e7\u00e3o e pediu que a CBF puna os seus agressores.<\/p>\n<p>A confus\u00e3o aconteceu ap\u00f3s o apito final da partida. Os jogadores do Rubro-Negro come\u00e7aram a comemorar, mas os jogadores do Corinthians cercaram o goleiro Hugo, que foi alvo das agress\u00f5es.<\/p>\n<p>&#8220;Futebol n\u00e3o \u00e9 isso, quem me conhece sabe o quanto sou a favor da paz, hoje em dia n\u00e3o se pode mais comemorar uma vit\u00f3ria que causa tudo isso, isso precisa de puni\u00e7\u00e3o. Mas estou bem, gra\u00e7as a Deus. @CBF_Futebol por favor, fa\u00e7a algo, isso \u00e9 inadmiss\u00edvel!&#8221;, escreveu o arqueiro.<\/p>\n<blockquote class=\"twitter-tweet\" data-lang=\"pt\">\n<p lang=\"pt\" dir=\"ltr\">Futebol n\u00e3o \u00e9 isso, quem me conhece sabe o quanto sou a favor da paz, hoje em dia n\u00e3o se pode mais comemorar uma vit\u00f3ria que causa tudo isso, isso precisa de puni\u00e7\u00e3o, mas estou bem, gra\u00e7as a Deus, <a href=\"https:\/\/twitter.com\/CBF_Futebol?ref_src=twsrc%5Etfw\">@CBF_Futebol<\/a> por favor, fa\u00e7a algo, isso \u00e9 inadmiss\u00edvel!!! <a href=\"https:\/\/t.co\/qIdvDYUVaU\">https:\/\/t.co\/qIdvDYUVaU<\/a><\/p>\n<p>\u2014 Neneca (@Hugo99_) <a href=\"https:\/\/twitter.com\/Hugo99_\/status\/1196162069990690816?ref_src=twsrc%5Etfw\">17 de novembro de 2019<\/a><\/p><\/blockquote>\n<p><\/p>\n<div id=\"selo-em-artigo\" class=\"facebook\">\n<figure><a href=\"https:\/\/www.facebook.com\/jornalextra\" rel=\"nofollow noopener noreferrer\" target=\"_blank\"> <img title = \"[Tags]\"decoding=\"async\" src=\"http:\/\/extra.globo.com\/img\/6b9\/2014\/11\/5\/9\/xSelo-Facebook-448pxWeb.jpg.pagespeed.ic.sbRF35PtrK.jpg\"alt = \"xSelo-Facebook-448pxWeb.jpg.pagespeed.ic.sbRF35PtrK Goleiro do Sub-20 Flamengo agredido por jogadores do Corinthians pede puni\u00e7\u00e3o \u00e0 CBF\"\/><\/a> <\/figure>\n<\/div><\/div>\n<p><script async src=\"http:\/\/platform.twitter.com\/widgets.js\" charset=\"utf-8\"><\/script><script>\n\t\t\t$(document).ready(function() {\n\t\t\t\t$.ajaxSetup({ cache: true });\n\t\t\t\t$.getScript('\/\/connect.facebook.net\/pt_BR\/sdk.js', function(){\n\t\t\t\t\tFB.init({\n\t\t\t\t\t\txfbml      : true,\n\t\t\t\t\t\tversion    : 'v2.5'\n\t\t\t\t\t});\n\t\t\t\t});\n\t\t\t});\n\t\t<\/script><br \/>\n<br \/><br \/>\n<br \/><a href=\"https:\/\/extra.globo.com\/esporte\/flamengo\/goleiro-do-sub-20-flamengo-agredido-por-jogadores-do-corinthians-pede-punicao-cbf-24085696.html\">Fonte do Artigo <\/a><br \/>\nTags:<\/p>\n<p><a href=\"https:\/\/wiy.com.br\/noticias\/categoria\/noticias\/\">#noticia<\/a> <a href=\"https:\/\/wiy.com.br\/noticias\/categoria\/noticias\/\">#novidades<\/a> <a href=\"https:\/\/wiy.com.br\/noticias\/categoria\/noticias\/\">#noticias<\/a> <a href=\"https:\/\/wiy.com.br\/noticias\/categoria\/noticias\/\">#venezuela<\/a> <a href=\"https:\/\/wiy.com.br\/noticias\/categoria\/noticias\/\">#seo<\/a> <a href=\"https:\/\/wiy.com.br\/noticias\/categoria\/noticias\/\">#instagram<\/a> <a href=\"https:\/\/wiy.com.br\/noticias\/categoria\/noticias\/\">#cicpc<\/a> <a href=\"https:\/\/wiy.com.br\/noticias\/categoria\/noticias\/\">#policia<\/a> <a href=\"https:\/\/wiy.com.br\/noticias\/categoria\/noticias\/\">#ultimahora<\/a> <a href=\"https:\/\/wiy.com.br\/noticias\/categoria\/noticias\/\">#seguridade<\/a> <a href=\"https:\/\/wiy.com.br\/noticias\/categoria\/noticias\/\">#informacao<\/a> <a href=\"https:\/\/wiy.com.br\/noticias\/categoria\/noticias\/\">#paz<\/a> <a href=\"https:\/\/wiy.com.br\/noticias\/categoria\/noticias\/\">#urgente<\/a> <a href=\"https:\/\/wiy.com.br\/noticias\/categoria\/noticias\/\">#policiacientifica<\/a> <a href=\"https:\/\/wiy.com.br\/noticias\/categoria\/noticias\/\">#criminalisticcicpc<\/a> <a href=\"https:\/\/wiy.com.br\/noticias\/categoria\/noticias\/\">#crimes<\/a> <a href=\"https:\/\/wiy.com.br\/noticias\/categoria\/noticias\/\">#extra<\/a> <a href=\"https:\/\/wiy.com.br\/noticias\/categoria\/noticias\/\">#ultimahoranoticia<\/a> <a href=\"https:\/\/wiy.com.br\/noticias\/categoria\/noticias\/\">#brazil247<\/a> <a href=\"https:\/\/wiy.com.br\/noticias\/categoria\/noticias\/\">#governo<\/a> <a href=\"https:\/\/wiy.com.br\/noticias\/categoria\/noticias\/\">#brasil247<\/a> <a href=\"https:\/\/wiy.com.br\/noticias\/categoria\/noticias\/\">#bolsonaro<\/a> <a href=\"https:\/\/wiy.com.br\/noticias\/categoria\/noticias\/\">#jornalismo<\/a> <a href=\"https:\/\/wiy.com.br\/noticias\/categoria\/noticias\/\">#informacoes<\/a> <a href=\"https:\/\/wiy.com.br\/noticias\/categoria\/noticias\/\">#news<\/a> <a href=\"https:\/\/wiy.com.br\/noticias\/categoria\/noticias\/\">#jornal<\/a> <a href=\"https:\/\/wiy.com.br\/noticias\/categoria\/noticias\/\">#tiktok<\/a> <a href=\"https:\/\/wiy.com.br\/noticias\/categoria\/noticias\/\">#fgts<\/a> <a href=\"https:\/\/wiy.com.br\/noticias\/categoria\/noticias\/\">#pis<\/a> <a href=\"https:\/\/wiy.com.br\/noticias\/categoria\/noticias\/\">#caixa<\/a> <a href=\"https:\/\/wiy.com.br\/noticias\/categoria\/noticias\/\">#loterias<\/a> <a href=\"https:\/\/wiy.com.br\/noticias\/categoria\/noticias\/\">#megasena<\/a> <a href=\"https:\/\/wiy.com.br\/noticias\/categoria\/noticias\/\">#lotofacil<\/a> <a href=\"https:\/\/wiy.com.br\/noticias\/categoria\/noticias\/\">#megamania<\/a> <a href=\"https:\/\/wiy.com.br\/noticias\/categoria\/noticias\/\">#sus<\/a> <a href=\"https:\/\/wiy.com.br\/noticias\/categoria\/noticias\/\">#ibge<\/a><\/p>\n","protected":false},"excerpt":{"rendered":"<p>O goleiro Hugo, titular do Sub-20 do Flamengo, foi agredido por dois jogadores do Corinthians do duelo entre os clubes, pela semifinal do Campeonato Brasileiro da categoria. O jovem usou as redes sociais para dizer que est\u00e1 bem, desabafar que apenas comemorou a classifica\u00e7\u00e3o do time \u00e0 final da competi\u00e7\u00e3o e pediu que a CBF [&hellip;]<\/p>\n","protected":false},"author":1,"featured_media":32354,"comment_status":"open","ping_status":"open","sticky":false,"template":"","format":"standard","meta":{"footnotes":""},"categories":[337],"tags":[],"class_list":["post-37583","post","type-post","status-publish","format-standard","has-post-thumbnail","hentry","category-noticias"],"_links":{"self":[{"href":"https:\/\/wiy.com.br\/noticias\/wp-json\/wp\/v2\/posts\/37583","targetHints":{"allow":["GET"]}}],"collection":[{"href":"https:\/\/wiy.com.br\/noticias\/wp-json\/wp\/v2\/posts"}],"about":[{"href":"https:\/\/wiy.com.br\/noticias\/wp-json\/wp\/v2\/types\/post"}],"author":[{"embeddable":true,"href":"https:\/\/wiy.com.br\/noticias\/wp-json\/wp\/v2\/users\/1"}],"replies":[{"embeddable":true,"href":"https:\/\/wiy.com.br\/noticias\/wp-json\/wp\/v2\/comments?post=37583"}],"version-history":[{"count":0,"href":"https:\/\/wiy.com.br\/noticias\/wp-json\/wp\/v2\/posts\/37583\/revisions"}],"wp:featuredmedia":[{"embeddable":true,"href":"https:\/\/wiy.com.br\/noticias\/wp-json\/wp\/v2\/media\/32354"}],"wp:attachment":[{"href":"https:\/\/wiy.com.br\/noticias\/wp-json\/wp\/v2\/media?parent=37583"}],"wp:term":[{"taxonomy":"category","embeddable":true,"href":"https:\/\/wiy.com.br\/noticias\/wp-json\/wp\/v2\/categories?post=37583"},{"taxonomy":"post_tag","embeddable":true,"href":"https:\/\/wiy.com.br\/noticias\/wp-json\/wp\/v2\/tags?post=37583"}],"curies":[{"name":"wp","href":"https:\/\/api.w.org\/{rel}","templated":true}]}}