{"id":37556,"date":"2023-02-26T15:45:13","date_gmt":"2023-02-26T18:45:13","guid":{"rendered":"https:\/\/wiy.com.br\/noticias\/atores-mirins-joao-bravo-valentina-vieira-e-maria-alice-festejam-indicacao-para-os-melhores-do-ano-do-faustao\/"},"modified":"2019-11-17T08:44:14","modified_gmt":"2019-11-17T10:44:14","slug":"atores-mirins-joao-bravo-valentina-vieira-e-maria-alice-festejam-indicacao-para-os-melhores-do-ano-do-faustao","status":"publish","type":"post","link":"https:\/\/wiy.com.br\/noticias\/atores-mirins-joao-bravo-valentina-vieira-e-maria-alice-festejam-indicacao-para-os-melhores-do-ano-do-faustao\/","title":{"rendered":"Atores mirins Jo\u00e3o Bravo, Valentina Vieira e Maria Alice festejam indica\u00e7\u00e3o para os &#8216;Melhores do Ano&#8217; do &#8216;Faust\u00e3o&#8217;"},"content":{"rendered":"<p> <br \/>\n<\/p>\n<div property=\"na:ArticleBody\">\n<p>Concorrendo ao trof\u00e9u Ator\/Atriz Mirim de 2019 dos Melhores do Ano, do &#8220;Doming\u00e3o do Faust\u00e3o&#8221;, Jo\u00e3o Bravo, Valentina Vieira (ambos da novela &#8216;Bom sucesso&#8221;) e Maria Alice (que participou de &#8220;Malha\u00e7\u00e3o Vidas brasileiras&#8221;), conversaram com o EXTRA e falaram das suas expecativas para a premia\u00e7\u00e3o, que ocorre no dia 15 de dezembro nos Est\u00fadios Globo. Os tr\u00eas fazem parte do casting da mesma ag\u00eancia, a Cintra, e est\u00e3o radiantes com a indica\u00e7\u00e3o. \u00c9 muita fofura e talento!<\/p>\n<p><strong>&#8216;Pulei de alegria quando soube&#8217;<\/strong><\/p>\n<p><strong> <\/p>\n<figure><img title = \"[Tags]\"decoding=\"async\" class=\"inline\" src=\"https:\/\/extra.globo.com\/incoming\/24084929-ecb-546\/w448\/xjoaobravooficial_74615199_763232177456777_5649052059684264441_n.jpg.pagespeed.ic._9eH9N8OWV.jpg\"alt = \"xjoaobravooficial_74615199_763232177456777_5649052059684264441_n.jpg.pagespeed.ic._9eH9N8OWV Atores mirins Jo\u00e3o Bravo, Valentina Vieira e Maria Alice festejam indica\u00e7\u00e3o para os &#039;Melhores do Ano&#039; do &#039;Faust\u00e3o&#039;\"\/><figcaption>Jo\u00e3o Bravo j\u00e1 ganhou trof\u00e9u Melhor ator Mirim em 2017 Foto: Divulga\u00e7\u00e3o<\/figcaption><\/figure>\n<p><\/strong><\/p>\n<p>Veterano do trio, Jo\u00e3o Bravo, de 10 anos, venceu a categoria em 2017, quando interpretou Ded\u00e9, o filho de Bibi Perigosa, personagem de Juliana Paes em &#8220;A for\u00e7a do querer&#8221;. Esse ano, ele concorre o pr\u00eamio por Peter, filho da protagonista Paloma (Grazi Massafera) na novela &#8220;Bom sucesso&#8221;.<\/p>\n<p><strong>Como voc\u00ea reagiu ao receber a not\u00edcia de que est\u00e1 concorrendo ao pr\u00eamio de Melhor ator Mirim?<\/strong><\/p>\n<p>Eu estava no est\u00fadio quando minha m\u00e3e recebeu o telefonema. Quando cheguei no camarim ela me contou. N\u00e3o coube tanta felicidade dentro de mim. Eu pulei tanto, minha vontade era de abra\u00e7ar todo mundo.<\/p>\n<p><strong>Qual a emo\u00e7\u00e3o de ser indicado?<\/strong><\/p>\n<p>Felicidade total. A indica\u00e7\u00e3o j\u00e1 \u00e9 um grande pr\u00eamio.<\/p>\n<p><strong>Voc\u00ea e a Valentina s\u00e3o da mesma novela e amigos. Como \u00e9 concorrer com ela?<\/strong><\/p>\n<p>Fiquei t\u00e3o feliz quando soube que era a Valentina, ela \u00e9 uma grande amiga.<\/p>\n<p><figure><img title = \"[Tags]\"decoding=\"async\" class=\"inline\" src=\"https:\/\/extra.globo.com\/incoming\/24084917-28f-11e\/w448\/xjoaobravooficial_73401797_3052271148152118_6754302436305361337_n.jpg.pagespeed.ic.RGDmdSNUeL.jpg\"alt = \"xjoaobravooficial_74615199_763232177456777_5649052059684264441_n.jpg.pagespeed.ic._9eH9N8OWV Atores mirins Jo\u00e3o Bravo, Valentina Vieira e Maria Alice festejam indica\u00e7\u00e3o para os &#039;Melhores do Ano&#039; do &#039;Faust\u00e3o&#039;\"\/><\/figure>\n<\/p>\n<p><strong>&#8216;N\u00e3o imagine que isso aconteceria um dia&#8217;<\/strong><\/p>\n<p><figure><img title = \"[Tags]\"decoding=\"async\" class=\"inline\" src=\"https:\/\/extra.globo.com\/incoming\/24084928-fcd-fea\/w448\/xvalentinasantosvieira_73029330_524277398150250_2682585444024664498_n.jpg.pagespeed.ic.hN39LSC768.jpg\"alt = \"xjoaobravooficial_74615199_763232177456777_5649052059684264441_n.jpg.pagespeed.ic._9eH9N8OWV Atores mirins Jo\u00e3o Bravo, Valentina Vieira e Maria Alice festejam indica\u00e7\u00e3o para os &#039;Melhores do Ano&#039; do &#039;Faust\u00e3o&#039;\"\/><figcaption>Talentosa, Valentina Vieira brilha em &#8216;Bom sucesso&#8217; Foto: Divulga\u00e7\u00e3o<\/figcaption><\/figure>\n<\/p>\n<p>Em sua primeira novela, Valentina Vieira, tamb\u00e9m de 10 anos, vem recebendo muitos elogios por conta da sua atua\u00e7\u00e3o como a doce e esperta Sofia, a neta de Alberto (Ant\u00f4nio Fagundes) em &#8220;Bom sucesso&#8221;.<\/p>\n<p><strong>Como reagiu ao receber a not\u00edcia de que est\u00e1 concorrendo ao pr\u00eamio?<\/strong><\/p>\n<p>Eu fiquei muito surpresa e feliz. Foi uma surpresa enorme, e ainda est\u00e1 sendo porque parece que estou sonhando. Na hora em que eu recebi a not\u00edcia, o meu cora\u00e7\u00e3o estava quase saindo pela boca pela felicidade que eu senti. Eu gritei e pulei muito. E tamb\u00e9m quis contar para todo mundo, minha fam\u00edlia, meus amigos e at\u00e9 meus animaizinhos.<\/p>\n<p><strong>Qual a emo\u00e7\u00e3o de ser indicado?<\/strong><\/p>\n<p>Foi tudo muito r\u00e1pido: passei no primeiro teste da minha vida, estou contracenando com grandes artistas, e agora fui indicada ao &#8220;Trof\u00e9u Doming\u00e3o&#8221;. N\u00e3o sei expressar direito como \u00e9 essa emo\u00e7\u00e3o de t\u00e3o feliz que estou! S\u00f3 sei que \u00e9 maravilhoso! Nem nos meus melhores sonhos eu imaginei que isso aconteceria comigo um dia! Muito obrigada, Deus, e a todos que me ajudaram a chegar aqui.<\/p>\n<p><strong>Como \u00e9 concorrer com o seu amigo Jo\u00e3o Bravo?<\/strong><\/p>\n<p>\u00c9 muito bom porque n\u00f3s fizemos uma parceria muito legal! A Sofia e o Peter s\u00e3o demais juntos. O que eu queria mesmo \u00e9 que a nossa dupla estivesse concorrendo. Mas o que importa, \u00e9 que a amizade da Valentina e do Jo\u00e3o vai continuar forte, independentemente de quem ganhar. O Jo\u00e3o \u00e9 muito talentoso e engra\u00e7ado, \u00e9 um exemplo para muitos atores mirins, como \u00e9 para mim! Por isso, \u00e9 tranquilo \u201cconcorrer\u201d com um amigo, se ele for \u201cgente boa\u201d, como o Jo\u00e3o Bravo \u00e9.<\/p>\n<p><figure><img title = \"[Tags]\"decoding=\"async\" class=\"inline\" src=\"https:\/\/extra.globo.com\/incoming\/24084918-25d-749\/w448\/xvalentinasantosvieira_72389639_953495328382523_1151914917062668895_n.jpg.pagespeed.ic.ve60r4m6XD.jpg\"alt = \"xjoaobravooficial_74615199_763232177456777_5649052059684264441_n.jpg.pagespeed.ic._9eH9N8OWV Atores mirins Jo\u00e3o Bravo, Valentina Vieira e Maria Alice festejam indica\u00e7\u00e3o para os &#039;Melhores do Ano&#039; do &#039;Faust\u00e3o&#039;\"\/><\/figure>\n<\/p>\n<p><strong>Maria Alice concorre por papel em &#8220;Malha\u00e7\u00e3o&#8221;<\/strong><\/p>\n<p><strong> <\/p>\n<figure><img title = \"[Tags]\"decoding=\"async\" class=\"inline\" src=\"https:\/\/extra.globo.com\/incoming\/24084931-62a-0e6\/w448\/xmaria-alice222.jpg.pagespeed.ic.NpBXOEXSYQ.jpg\"alt = \"xjoaobravooficial_74615199_763232177456777_5649052059684264441_n.jpg.pagespeed.ic._9eH9N8OWV Atores mirins Jo\u00e3o Bravo, Valentina Vieira e Maria Alice festejam indica\u00e7\u00e3o para os &#039;Melhores do Ano&#039; do &#039;Faust\u00e3o&#039;\"\/><figcaption>Maria Alice encantou em &#8216;Malha\u00e7\u00e3o vidas brasileiras&#8217; Foto: Divulga\u00e7\u00e3o<\/figcaption><\/figure>\n<p><\/strong><\/p>\n<p>A pequena Maria Alice, de apenas 4 aninhos, concorre ao pr\u00eamio ap\u00f3s encantar o p\u00fablico como Valentina, filha de Tal\u00edssia (interpretada pela atriz Luellem de Castro), em &#8216;Malha\u00e7\u00e3o, vidas brasileiras&#8221;.<\/p>\n<p>&#8220;N\u00e3o acreditamos quando soubemos da indica\u00e7\u00e3o. Ficamos euf\u00f3ricos. Ela entrou na farra, mas n\u00e3o entendeu. A\u00ed eu a expliquei e mostrei o que era, e agora ela conta para todo mundo que vai no Faust\u00e3o. N\u00e3o imaginava que isso poderia acontecer com ela, foi seu primeiro trabalho. Foi mais emocionante do que quando ela apareceu pela primeira vez na TV&#8221;, diz a m\u00e3e da atriz mirim.<\/p>\n<p><figure><img title = \"[Tags]\"decoding=\"async\" class=\"inline\" src=\"https:\/\/extra.globo.com\/incoming\/24084916-504-3e8\/w448\/xmarialiceguedes_71971681_438687436836761_3345366084898863097_n.jpg.pagespeed.ic.SpzD25qmJh.jpg\"alt = \"xjoaobravooficial_74615199_763232177456777_5649052059684264441_n.jpg.pagespeed.ic._9eH9N8OWV Atores mirins Jo\u00e3o Bravo, Valentina Vieira e Maria Alice festejam indica\u00e7\u00e3o para os &#039;Melhores do Ano&#039; do &#039;Faust\u00e3o&#039;\"\/><\/figure>\n<\/p><\/div>\n<p><script>\n\t\t\t$(document).ready(function() {\n\t\t\t\t$.ajaxSetup({ cache: true });\n\t\t\t\t$.getScript('\/\/connect.facebook.net\/pt_BR\/sdk.js', function(){\n\t\t\t\t\tFB.init({\n\t\t\t\t\t\txfbml      : true,\n\t\t\t\t\t\tversion    : 'v2.5'\n\t\t\t\t\t});\n\t\t\t\t});\n\t\t\t});\n\t\t<\/script><br \/>\n<br \/><br \/>\n<br \/><a href=\"https:\/\/extra.globo.com\/tv-e-lazer\/atores-mirins-joao-bravo-valentina-vieira-maria-alice-festejam-indicacao-para-os-melhores-do-ano-do-faustao-24084914.html\">Fonte do Artigo <\/a><br \/>\nTags:<\/p>\n<p><a href=\"https:\/\/wiy.com.br\/noticias\/categoria\/noticias\/\">#noticia<\/a> <a href=\"https:\/\/wiy.com.br\/noticias\/categoria\/noticias\/\">#novidades<\/a> <a href=\"https:\/\/wiy.com.br\/noticias\/categoria\/noticias\/\">#noticias<\/a> <a href=\"https:\/\/wiy.com.br\/noticias\/categoria\/noticias\/\">#venezuela<\/a> <a href=\"https:\/\/wiy.com.br\/noticias\/categoria\/noticias\/\">#seo<\/a> <a href=\"https:\/\/wiy.com.br\/noticias\/categoria\/noticias\/\">#instagram<\/a> <a href=\"https:\/\/wiy.com.br\/noticias\/categoria\/noticias\/\">#cicpc<\/a> <a href=\"https:\/\/wiy.com.br\/noticias\/categoria\/noticias\/\">#policia<\/a> <a href=\"https:\/\/wiy.com.br\/noticias\/categoria\/noticias\/\">#ultimahora<\/a> <a href=\"https:\/\/wiy.com.br\/noticias\/categoria\/noticias\/\">#seguridade<\/a> <a href=\"https:\/\/wiy.com.br\/noticias\/categoria\/noticias\/\">#informacao<\/a> <a href=\"https:\/\/wiy.com.br\/noticias\/categoria\/noticias\/\">#paz<\/a> <a href=\"https:\/\/wiy.com.br\/noticias\/categoria\/noticias\/\">#urgente<\/a> <a href=\"https:\/\/wiy.com.br\/noticias\/categoria\/noticias\/\">#policiacientifica<\/a> <a href=\"https:\/\/wiy.com.br\/noticias\/categoria\/noticias\/\">#criminalisticcicpc<\/a> <a href=\"https:\/\/wiy.com.br\/noticias\/categoria\/noticias\/\">#crimes<\/a> <a href=\"https:\/\/wiy.com.br\/noticias\/categoria\/noticias\/\">#extra<\/a> <a href=\"https:\/\/wiy.com.br\/noticias\/categoria\/noticias\/\">#ultimahoranoticia<\/a> <a href=\"https:\/\/wiy.com.br\/noticias\/categoria\/noticias\/\">#brazil247<\/a> <a href=\"https:\/\/wiy.com.br\/noticias\/categoria\/noticias\/\">#governo<\/a> <a href=\"https:\/\/wiy.com.br\/noticias\/categoria\/noticias\/\">#brasil247<\/a> <a href=\"https:\/\/wiy.com.br\/noticias\/categoria\/noticias\/\">#bolsonaro<\/a> <a href=\"https:\/\/wiy.com.br\/noticias\/categoria\/noticias\/\">#jornalismo<\/a> <a href=\"https:\/\/wiy.com.br\/noticias\/categoria\/noticias\/\">#informacoes<\/a> <a href=\"https:\/\/wiy.com.br\/noticias\/categoria\/noticias\/\">#news<\/a> <a href=\"https:\/\/wiy.com.br\/noticias\/categoria\/noticias\/\">#jornal<\/a> <a href=\"https:\/\/wiy.com.br\/noticias\/categoria\/noticias\/\">#tiktok<\/a> <a href=\"https:\/\/wiy.com.br\/noticias\/categoria\/noticias\/\">#fgts<\/a> <a href=\"https:\/\/wiy.com.br\/noticias\/categoria\/noticias\/\">#pis<\/a> <a href=\"https:\/\/wiy.com.br\/noticias\/categoria\/noticias\/\">#caixa<\/a> <a href=\"https:\/\/wiy.com.br\/noticias\/categoria\/noticias\/\">#loterias<\/a> <a href=\"https:\/\/wiy.com.br\/noticias\/categoria\/noticias\/\">#megasena<\/a> <a href=\"https:\/\/wiy.com.br\/noticias\/categoria\/noticias\/\">#lotofacil<\/a> <a href=\"https:\/\/wiy.com.br\/noticias\/categoria\/noticias\/\">#megamania<\/a> <a href=\"https:\/\/wiy.com.br\/noticias\/categoria\/noticias\/\">#sus<\/a> <a href=\"https:\/\/wiy.com.br\/noticias\/categoria\/noticias\/\">#ibge<\/a><\/p>\n","protected":false},"excerpt":{"rendered":"<p>Concorrendo ao trof\u00e9u Ator\/Atriz Mirim de 2019 dos Melhores do Ano, do &#8220;Doming\u00e3o do Faust\u00e3o&#8221;, Jo\u00e3o Bravo, Valentina Vieira (ambos da novela &#8216;Bom sucesso&#8221;) e Maria Alice (que participou de &#8220;Malha\u00e7\u00e3o Vidas brasileiras&#8221;), conversaram com o EXTRA e falaram das suas expecativas para a premia\u00e7\u00e3o, que ocorre no dia 15 de dezembro nos Est\u00fadios Globo. [&hellip;]<\/p>\n","protected":false},"author":1,"featured_media":37557,"comment_status":"open","ping_status":"open","sticky":false,"template":"","format":"standard","meta":{"footnotes":""},"categories":[337],"tags":[],"class_list":["post-37556","post","type-post","status-publish","format-standard","has-post-thumbnail","hentry","category-noticias"],"_links":{"self":[{"href":"https:\/\/wiy.com.br\/noticias\/wp-json\/wp\/v2\/posts\/37556","targetHints":{"allow":["GET"]}}],"collection":[{"href":"https:\/\/wiy.com.br\/noticias\/wp-json\/wp\/v2\/posts"}],"about":[{"href":"https:\/\/wiy.com.br\/noticias\/wp-json\/wp\/v2\/types\/post"}],"author":[{"embeddable":true,"href":"https:\/\/wiy.com.br\/noticias\/wp-json\/wp\/v2\/users\/1"}],"replies":[{"embeddable":true,"href":"https:\/\/wiy.com.br\/noticias\/wp-json\/wp\/v2\/comments?post=37556"}],"version-history":[{"count":0,"href":"https:\/\/wiy.com.br\/noticias\/wp-json\/wp\/v2\/posts\/37556\/revisions"}],"wp:featuredmedia":[{"embeddable":true,"href":"https:\/\/wiy.com.br\/noticias\/wp-json\/wp\/v2\/media\/37557"}],"wp:attachment":[{"href":"https:\/\/wiy.com.br\/noticias\/wp-json\/wp\/v2\/media?parent=37556"}],"wp:term":[{"taxonomy":"category","embeddable":true,"href":"https:\/\/wiy.com.br\/noticias\/wp-json\/wp\/v2\/categories?post=37556"},{"taxonomy":"post_tag","embeddable":true,"href":"https:\/\/wiy.com.br\/noticias\/wp-json\/wp\/v2\/tags?post=37556"}],"curies":[{"name":"wp","href":"https:\/\/api.w.org\/{rel}","templated":true}]}}